{"id":56951,"date":"2025-07-25T18:24:49","date_gmt":"2025-07-25T21:24:49","guid":{"rendered":"https:\/\/radiorevelacionfm.cl\/?p=56951"},"modified":"2025-07-25T18:24:49","modified_gmt":"2025-07-25T21:24:49","slug":"caso-de-secuestro-en-coyhaique-fiscalia-obtiene-sentencia-contra-tres-imputados","status":"publish","type":"post","link":"https:\/\/radiorevelacionfm.cl\/?p=56951","title":{"rendered":"Caso de secuestro en Coyhaique: Fiscal\u00eda obtiene sentencia contra tres imputados"},"content":{"rendered":"<div class=\"flex_column av_one_full  flex_column_div av-zero-column-padding first  avia-builder-el-0  el_before_av_one_full  avia-builder-el-first  \" style='border-radius:0px; '><div  class='avia-image-container  av-styling-    avia-builder-el-1  avia-builder-el-no-sibling  avia-align-center '  itemprop=\"image\" itemscope=\"itemscope\" itemtype=\"https:\/\/schema.org\/ImageObject\"  ><div class='avia-image-container-inner'><div class='avia-image-overlay-wrap'><img decoding=\"async\" class='wp-image-56952 avia-img-lazy-loading-not-56952 avia_image' src=\"https:\/\/radiorevelacionfm.cl\/wp-content\/uploads\/2025\/07\/2-copia-1_optimized.jpg\" alt='' title='2---copia-(1)_optimized' height=\"600\" width=\"900\"  itemprop=\"thumbnailUrl\" srcset=\"https:\/\/radiorevelacionfm.cl\/wp-content\/uploads\/2025\/07\/2-copia-1_optimized.jpg 900w, https:\/\/radiorevelacionfm.cl\/wp-content\/uploads\/2025\/07\/2-copia-1_optimized-300x200.jpg 300w, https:\/\/radiorevelacionfm.cl\/wp-content\/uploads\/2025\/07\/2-copia-1_optimized-768x512.jpg 768w, https:\/\/radiorevelacionfm.cl\/wp-content\/uploads\/2025\/07\/2-copia-1_optimized-705x470.jpg 705w, https:\/\/radiorevelacionfm.cl\/wp-content\/uploads\/2025\/07\/2-copia-1_optimized-450x300.jpg 450w, https:\/\/radiorevelacionfm.cl\/wp-content\/uploads\/2025\/07\/2-copia-1_optimized-600x400.jpg 600w\" sizes=\"(max-width: 900px) 100vw, 900px\" \/><\/div><\/div><\/div><\/div><div class=\"flex_column av_one_full  flex_column_div av-zero-column-padding first  avia-builder-el-2  el_after_av_one_full  el_before_av_one_full  column-top-margin\" style='border-radius:0px; '><section class=\"av_textblock_section \"  itemscope=\"itemscope\" itemtype=\"https:\/\/schema.org\/BlogPosting\" itemprop=\"blogPost\" ><div class='avia_textblock  '   itemprop=\"text\" ><p style=\"text-align: center;\"><span style=\"font-size: 18pt;\"><b><span lang=\"EN-US\">Caso de secuestro en Coyhaique: Fiscal\u00eda obtiene sentencia contra tres imputados<\/span><\/b><\/span><\/p>\n<div id=\"gtx-trans\" style=\"position: absolute; left: -50px; top: 4.31534px;\">\n<div class=\"gtx-trans-icon\"><\/div>\n<\/div>\n<\/div><\/section><\/div><div class=\"flex_column av_one_full  flex_column_div av-zero-column-padding first  avia-builder-el-4  el_after_av_one_full  el_before_av_hr  column-top-margin\" style='border-radius:0px; '><section class=\"av_textblock_section \"  itemscope=\"itemscope\" itemtype=\"https:\/\/schema.org\/BlogPosting\" itemprop=\"blogPost\" ><div class='avia_textblock  '   itemprop=\"text\" ><p style=\"font-weight: 400; text-align: justify;\"><em>Hecho ocurri\u00f3 el 15 de enero de este a\u00f1o: Los sujetos de 20, 25 y 26 a\u00f1os, abordaron a la v\u00edctima en el sector alto de la ciudad.<\/em><\/p>\n<p style=\"font-weight: 400; text-align: justify;\">La\u00a0Fiscal\u00eda\u00a0Local de Coyhaique obtuvo un veredicto condenatorio en una causa por secuestro,\u00a0hecho ocurrido en el mes de enero de este a\u00f1o en el sector alto de la capital regional.<\/p>\n<p style=\"font-weight: 400; text-align: justify;\">De acuerdo a los antecedentes\u00a0expuestos en el juicio por la Fiscal Mar\u00eda In\u00e9s N\u00fa\u00f1ez, el 15 de enero de 2025 en horas de la tarde, diversos sujetos, entre ellos los tres imputados de 20, 25 y 26 a\u00f1os, abordaron a la v\u00edctima en una calle del sector alto de la ciudad, tras lo cual efectuaron diversas acciones intimidantes y agresivas en contra del afectado.<\/p>\n<p style=\"font-weight: 400; text-align: justify;\">En este caso, se efectuaron diligencias a trav\u00e9s de Carabineros de la Primera Comisar\u00eda y tambi\u00e9n por parte de la Brigada Investigadora de Homicidios de la Polic\u00eda de Investigaciones de Chile, las cuales fueron coordinadas por la Fiscal\u00eda Local de Coyhaique, a trav\u00e9s del Fiscal Adjunto (s), Mat\u00edas Manzano.<\/p>\n<p style=\"font-weight: 400; text-align: justify;\">PRIVADOS DE LIBERTAD<\/p>\n<p style=\"font-weight: 400; text-align: justify;\">Los tres imputados de este delito se encuentran actualmente privados de libertad tanto en el Centro de Cumplimiento Penitenciario de Coyhaique como en el Centro de Detenci\u00f3n Preventiva de Puerto Ays\u00e9n.<\/p>\n<p style=\"font-weight: 400; text-align: justify;\">En este caso, tanto la Unidad de Atenci\u00f3n a V\u00edctimas y Testigos como la Unidad de Asesor\u00eda Jur\u00eddica del Ministerio P\u00fablico participaron activamente en distintos aspectos asociado a la protecci\u00f3n de la v\u00edctima, an\u00e1lisis legal y realizaci\u00f3n del juicio oral.<\/p>\n<p style=\"font-weight: 400; text-align: justify;\">La Fiscal\u00eda hab\u00eda acusado a los tres imputados por el delito de secuestro calificado sin embargo el Tribunal resolvi\u00f3 condenar a los sujetos por el delito de secuestro simple. La lectura de sentencia, donde se conocer\u00e1n los a\u00f1os de la pena a aplicar, se efectuar\u00e1 el 4 de agosto.<\/p>\n<\/div><\/section><\/div><div  style='height:50px' class='hr hr-invisible   avia-builder-el-6  el_after_av_one_full  el_before_av_social_share '><span class='hr-inner ' ><span class='hr-inner-style'><\/span><\/span><\/div><\/p>\n<div  class='av-social-sharing-box  avia-builder-el-7  el_after_av_hr  el_before_av_hr  '><div class='av-share-box'><h5 class='av-share-link-description av-no-toc '>Compartir esta noticia<\/h5><ul class='av-share-box-list noLightbox'><li class='av-share-link av-social-link-facebook' ><a target=\"_blank\" aria-label=\"Compartir en Facebook\" href='https:\/\/www.facebook.com\/sharer.php?u=https:\/\/radiorevelacionfm.cl\/?p=56951&#038;t=Caso%20de%20secuestro%20en%20Coyhaique%3A%20Fiscal%C3%ADa%20obtiene%20sentencia%20contra%20tres%20imputados' aria-hidden='false' data-av_icon='\ue8f3' data-av_iconfont='entypo-fontello' title='' data-avia-related-tooltip='Compartir en Facebook' rel=\"noopener\"><span class='avia_hidden_link_text'>Compartir en Facebook<\/span><\/a><\/li><li class='av-share-link av-social-link-twitter' ><a target=\"_blank\" aria-label=\"Compartir en Twitter\" href='https:\/\/twitter.com\/share?text=Caso%20de%20secuestro%20en%20Coyhaique%3A%20Fiscal%C3%ADa%20obtiene%20sentencia%20contra%20tres%20imputados&#038;url=https:\/\/radiorevelacionfm.cl\/?p=56951' aria-hidden='false' data-av_icon='\ue8f1' data-av_iconfont='entypo-fontello' title='' data-avia-related-tooltip='Compartir en Twitter' rel=\"noopener\"><span class='avia_hidden_link_text'>Compartir en Twitter<\/span><\/a><\/li><li class='av-share-link av-social-link-whatsapp' ><a target=\"_blank\" aria-label=\"Compartir en Whatsapp\" href='https:\/\/api.whatsapp.com\/send?text=https:\/\/radiorevelacionfm.cl\/?p=56951' aria-hidden='false' data-av_icon='\uf232' data-av_iconfont='entypo-fontello' title='' data-avia-related-tooltip='Compartir en Whatsapp' rel=\"noopener\"><span class='avia_hidden_link_text'>Compartir en Whatsapp<\/span><\/a><\/li><li class='av-share-link av-social-link-linkedin' ><a target=\"_blank\" aria-label=\"Compartir en LinkedIn\" href='https:\/\/linkedin.com\/shareArticle?mini=true&#038;title=Caso%20de%20secuestro%20en%20Coyhaique%3A%20Fiscal%C3%ADa%20obtiene%20sentencia%20contra%20tres%20imputados&#038;url=https:\/\/radiorevelacionfm.cl\/?p=56951' aria-hidden='false' data-av_icon='\ue8fc' data-av_iconfont='entypo-fontello' title='' data-avia-related-tooltip='Compartir en LinkedIn' rel=\"noopener\"><span class='avia_hidden_link_text'>Compartir en LinkedIn<\/span><\/a><\/li><li class='av-share-link av-social-link-mail' ><a  aria-label=\"Compartir por correo\" href='mailto:?subject=Caso%20de%20secuestro%20en%20Coyhaique%3A%20Fiscal%C3%ADa%20obtiene%20sentencia%20contra%20tres%20imputados&#038;body=https:\/\/radiorevelacionfm.cl\/?p=56951' aria-hidden='false' data-av_icon='\ue805' data-av_iconfont='entypo-fontello' title='' data-avia-related-tooltip='Compartir por correo'><span class='avia_hidden_link_text'>Compartir por correo<\/span><\/a><\/li><\/ul><\/div><\/div>\n<div  style='height:50px' class='hr hr-invisible   avia-builder-el-8  el_after_av_social_share  el_before_av_comments_list '><span class='hr-inner ' ><span class='hr-inner-style'><\/span><\/span><\/div>\n<div  class='av-buildercomment  av-blog-meta-html-info-disabled av-blog-meta-tag-disabled  '><\/div>\n","protected":false},"excerpt":{"rendered":"","protected":false},"author":1,"featured_media":56952,"comment_status":"closed","ping_status":"closed","sticky":false,"template":"","format":"standard","meta":{"footnotes":""},"categories":[55],"tags":[],"class_list":["post-56951","post","type-post","status-publish","format-standard","has-post-thumbnail","hentry","category-justicia"],"jetpack_featured_media_url":"https:\/\/radiorevelacionfm.cl\/wp-content\/uploads\/2025\/07\/2-copia-1_optimized.jpg","_links":{"self":[{"href":"https:\/\/radiorevelacionfm.cl\/index.php?rest_route=\/wp\/v2\/posts\/56951","targetHints":{"allow":["GET"]}}],"collection":[{"href":"https:\/\/radiorevelacionfm.cl\/index.php?rest_route=\/wp\/v2\/posts"}],"about":[{"href":"https:\/\/radiorevelacionfm.cl\/index.php?rest_route=\/wp\/v2\/types\/post"}],"author":[{"embeddable":true,"href":"https:\/\/radiorevelacionfm.cl\/index.php?rest_route=\/wp\/v2\/users\/1"}],"replies":[{"embeddable":true,"href":"https:\/\/radiorevelacionfm.cl\/index.php?rest_route=%2Fwp%2Fv2%2Fcomments&post=56951"}],"version-history":[{"count":2,"href":"https:\/\/radiorevelacionfm.cl\/index.php?rest_route=\/wp\/v2\/posts\/56951\/revisions"}],"predecessor-version":[{"id":56954,"href":"https:\/\/radiorevelacionfm.cl\/index.php?rest_route=\/wp\/v2\/posts\/56951\/revisions\/56954"}],"wp:featuredmedia":[{"embeddable":true,"href":"https:\/\/radiorevelacionfm.cl\/index.php?rest_route=\/wp\/v2\/media\/56952"}],"wp:attachment":[{"href":"https:\/\/radiorevelacionfm.cl\/index.php?rest_route=%2Fwp%2Fv2%2Fmedia&parent=56951"}],"wp:term":[{"taxonomy":"category","embeddable":true,"href":"https:\/\/radiorevelacionfm.cl\/index.php?rest_route=%2Fwp%2Fv2%2Fcategories&post=56951"},{"taxonomy":"post_tag","embeddable":true,"href":"https:\/\/radiorevelacionfm.cl\/index.php?rest_route=%2Fwp%2Fv2%2Ftags&post=56951"}],"curies":[{"name":"wp","href":"https:\/\/api.w.org\/{rel}","templated":true}]}}