{"id":56945,"date":"2025-07-25T16:45:26","date_gmt":"2025-07-25T19:45:26","guid":{"rendered":"https:\/\/radiorevelacionfm.cl\/?p=56945"},"modified":"2025-07-25T16:45:26","modified_gmt":"2025-07-25T19:45:26","slug":"homicidio-en-coyhaique-fiscalia-logra-condena-de-11-anos-de-presidio-contra-imputado","status":"publish","type":"post","link":"https:\/\/radiorevelacionfm.cl\/?p=56945","title":{"rendered":"Homicidio en Coyhaique: Fiscal\u00eda logra condena de 11 a\u00f1os de presidio contra imputado"},"content":{"rendered":"<div class=\"flex_column av_one_full  flex_column_div av-zero-column-padding first  avia-builder-el-0  el_before_av_one_full  avia-builder-el-first  \" style='border-radius:0px; '><div  class='avia-image-container  av-styling-    avia-builder-el-1  avia-builder-el-no-sibling  avia-align-center '  itemprop=\"image\" itemscope=\"itemscope\" itemtype=\"https:\/\/schema.org\/ImageObject\"  ><div class='avia-image-container-inner'><div class='avia-image-overlay-wrap'><img decoding=\"async\" class='wp-image-56946 avia-img-lazy-loading-not-56946 avia_image' src=\"https:\/\/radiorevelacionfm.cl\/wp-content\/uploads\/2025\/07\/3-2025-07-25t164321_optimized.681-1.jpg\" alt='' title='3---2025-07-25t164321_optimized.681-(1)' height=\"600\" width=\"926\"  itemprop=\"thumbnailUrl\" srcset=\"https:\/\/radiorevelacionfm.cl\/wp-content\/uploads\/2025\/07\/3-2025-07-25t164321_optimized.681-1.jpg 926w, https:\/\/radiorevelacionfm.cl\/wp-content\/uploads\/2025\/07\/3-2025-07-25t164321_optimized.681-1-300x194.jpg 300w, https:\/\/radiorevelacionfm.cl\/wp-content\/uploads\/2025\/07\/3-2025-07-25t164321_optimized.681-1-768x498.jpg 768w, https:\/\/radiorevelacionfm.cl\/wp-content\/uploads\/2025\/07\/3-2025-07-25t164321_optimized.681-1-705x457.jpg 705w, https:\/\/radiorevelacionfm.cl\/wp-content\/uploads\/2025\/07\/3-2025-07-25t164321_optimized.681-1-450x292.jpg 450w, https:\/\/radiorevelacionfm.cl\/wp-content\/uploads\/2025\/07\/3-2025-07-25t164321_optimized.681-1-600x389.jpg 600w\" sizes=\"(max-width: 926px) 100vw, 926px\" \/><\/div><\/div><\/div><\/div><div class=\"flex_column av_one_full  flex_column_div av-zero-column-padding first  avia-builder-el-2  el_after_av_one_full  el_before_av_one_full  column-top-margin\" style='border-radius:0px; '><section class=\"av_textblock_section \"  itemscope=\"itemscope\" itemtype=\"https:\/\/schema.org\/BlogPosting\" itemprop=\"blogPost\" ><div class='avia_textblock  '   itemprop=\"text\" ><p style=\"text-align: center;\"><span style=\"font-size: 18pt;\"><b>Homicidio en Coyhaique: Fiscal\u00eda logra condena de 11 a\u00f1os de presidio contra imputado<\/b><\/span><\/p>\n<div id=\"gtx-trans\" style=\"position: absolute; left: -50px; top: 4.31534px;\">\n<div class=\"gtx-trans-icon\"><\/div>\n<\/div>\n<\/div><\/section><\/div><div class=\"flex_column av_one_full  flex_column_div av-zero-column-padding first  avia-builder-el-4  el_after_av_one_full  el_before_av_hr  column-top-margin\" style='border-radius:0px; '><section class=\"av_textblock_section \"  itemscope=\"itemscope\" itemtype=\"https:\/\/schema.org\/BlogPosting\" itemprop=\"blogPost\" ><div class='avia_textblock  '   itemprop=\"text\" ><p style=\"font-weight: 400; text-align: justify;\"><em>Hecho tuvo lugar en un domicilio del sector alto de la ciudad, donde un grupo de personas se encontraba compartiendo bebidas alcoh\u00f3licas.<\/em><\/p>\n<p style=\"font-weight: 400; text-align: justify;\">La Fiscal\u00eda Local de Coyhaique obtuvo una sentencia condenatoria en contra de un imputado de 45 a\u00f1os, por el delito de homicidio, hecho ocurrido el domingo 28 de julio de 2024, a las 17:45 horas aproximadamente, al interior de un domicilio ubicado en calle Arturo Aldunate.<\/p>\n<p style=\"font-weight: 400; text-align: justify;\">Seg\u00fan dio a conocer este viernes el Tribunal de Juicio Oral en Lo Penal de Coyhaique, el imputado fue sentenciado a la pena de 11 a\u00f1os de presidio mayor en su grado medio, con cumplimiento en la c\u00e1rcel.<\/p>\n<p style=\"font-weight: 400; text-align: justify;\">ANTECEDENTES<\/p>\n<p style=\"font-weight: 400; text-align: justify;\">En este caso, el imputado mantuvo una discusi\u00f3n con la v\u00edctima de 41 a\u00f1os para luego, sin justificaci\u00f3n alguna y con \u00e1nimo homicida, agredirlo con un arma blanca, resultando el afectado con una herida cortopunzante penetrante tor\u00e1cica, lo que caus\u00f3 su muerte, seg\u00fan explic\u00f3 en el juicio oral el Fiscal Adjunto (s), Mat\u00edas Manzano. Luego de los hechos, el imputado se retir\u00f3 del lugar.<\/p>\n<p style=\"font-weight: 400; text-align: justify;\">Este homicidio ocurri\u00f3 en el sector alto de la ciudad, en una casa donde un grupo de personas se encontraba compartiendo bebidas alcoh\u00f3licas. En su momento, las diligencias investigativas fueron solicitadas por el Fiscal Jos\u00e9 Moris a la Brigada Investigadora de Homicidios de la PDI y el Laboratorio de Criminal\u00edstica, sumado a pericias tanatol\u00f3gicas efectuadas por profesionales del Servicio M\u00e9dico Legal.<\/p>\n<p style=\"font-weight: 400; text-align: justify;\">Asimismo, la Unidad de V\u00edctimas y Testigos de la Fiscal\u00eda colabor\u00f3 durante el proceso de realizaci\u00f3n del juicio.\u00a0Como querellante en esta causa particip\u00f3 el Centro de Apoyo a V\u00edctimas de Delitos (CAVD), a trav\u00e9s de la abogada Lidia Mayorga.<\/p>\n<\/div><\/section><\/div><div  style='height:50px' class='hr hr-invisible   avia-builder-el-6  el_after_av_one_full  el_before_av_social_share '><span class='hr-inner ' ><span class='hr-inner-style'><\/span><\/span><\/div><\/p>\n<div  class='av-social-sharing-box  avia-builder-el-7  el_after_av_hr  el_before_av_hr  '><div class='av-share-box'><h5 class='av-share-link-description av-no-toc '>Compartir esta noticia<\/h5><ul class='av-share-box-list noLightbox'><li class='av-share-link av-social-link-facebook' ><a target=\"_blank\" aria-label=\"Compartir en Facebook\" href='https:\/\/www.facebook.com\/sharer.php?u=https:\/\/radiorevelacionfm.cl\/?p=56945&#038;t=Homicidio%20en%20Coyhaique%3A%20Fiscal%C3%ADa%20logra%20condena%20de%2011%20a%C3%B1os%20de%20presidio%20contra%20imputado' aria-hidden='false' data-av_icon='\ue8f3' data-av_iconfont='entypo-fontello' title='' data-avia-related-tooltip='Compartir en Facebook' rel=\"noopener\"><span class='avia_hidden_link_text'>Compartir en Facebook<\/span><\/a><\/li><li class='av-share-link av-social-link-twitter' ><a target=\"_blank\" aria-label=\"Compartir en Twitter\" href='https:\/\/twitter.com\/share?text=Homicidio%20en%20Coyhaique%3A%20Fiscal%C3%ADa%20logra%20condena%20de%2011%20a%C3%B1os%20de%20presidio%20contra%20imputado&#038;url=https:\/\/radiorevelacionfm.cl\/?p=56945' aria-hidden='false' data-av_icon='\ue8f1' data-av_iconfont='entypo-fontello' title='' data-avia-related-tooltip='Compartir en Twitter' rel=\"noopener\"><span class='avia_hidden_link_text'>Compartir en Twitter<\/span><\/a><\/li><li class='av-share-link av-social-link-whatsapp' ><a target=\"_blank\" aria-label=\"Compartir en Whatsapp\" href='https:\/\/api.whatsapp.com\/send?text=https:\/\/radiorevelacionfm.cl\/?p=56945' aria-hidden='false' data-av_icon='\uf232' data-av_iconfont='entypo-fontello' title='' data-avia-related-tooltip='Compartir en Whatsapp' rel=\"noopener\"><span class='avia_hidden_link_text'>Compartir en Whatsapp<\/span><\/a><\/li><li class='av-share-link av-social-link-linkedin' ><a target=\"_blank\" aria-label=\"Compartir en LinkedIn\" href='https:\/\/linkedin.com\/shareArticle?mini=true&#038;title=Homicidio%20en%20Coyhaique%3A%20Fiscal%C3%ADa%20logra%20condena%20de%2011%20a%C3%B1os%20de%20presidio%20contra%20imputado&#038;url=https:\/\/radiorevelacionfm.cl\/?p=56945' aria-hidden='false' data-av_icon='\ue8fc' data-av_iconfont='entypo-fontello' title='' data-avia-related-tooltip='Compartir en LinkedIn' rel=\"noopener\"><span class='avia_hidden_link_text'>Compartir en LinkedIn<\/span><\/a><\/li><li class='av-share-link av-social-link-mail' ><a  aria-label=\"Compartir por correo\" href='mailto:?subject=Homicidio%20en%20Coyhaique%3A%20Fiscal%C3%ADa%20logra%20condena%20de%2011%20a%C3%B1os%20de%20presidio%20contra%20imputado&#038;body=https:\/\/radiorevelacionfm.cl\/?p=56945' aria-hidden='false' data-av_icon='\ue805' data-av_iconfont='entypo-fontello' title='' data-avia-related-tooltip='Compartir por correo'><span class='avia_hidden_link_text'>Compartir por correo<\/span><\/a><\/li><\/ul><\/div><\/div>\n<div  style='height:50px' class='hr hr-invisible   avia-builder-el-8  el_after_av_social_share  el_before_av_comments_list '><span class='hr-inner ' ><span class='hr-inner-style'><\/span><\/span><\/div>\n<div  class='av-buildercomment  av-blog-meta-html-info-disabled av-blog-meta-tag-disabled  '><\/div>\n","protected":false},"excerpt":{"rendered":"","protected":false},"author":1,"featured_media":56946,"comment_status":"closed","ping_status":"closed","sticky":false,"template":"","format":"standard","meta":{"footnotes":""},"categories":[55],"tags":[],"class_list":["post-56945","post","type-post","status-publish","format-standard","has-post-thumbnail","hentry","category-justicia"],"jetpack_featured_media_url":"https:\/\/radiorevelacionfm.cl\/wp-content\/uploads\/2025\/07\/3-2025-07-25t164321_optimized.681-1.jpg","_links":{"self":[{"href":"https:\/\/radiorevelacionfm.cl\/index.php?rest_route=\/wp\/v2\/posts\/56945","targetHints":{"allow":["GET"]}}],"collection":[{"href":"https:\/\/radiorevelacionfm.cl\/index.php?rest_route=\/wp\/v2\/posts"}],"about":[{"href":"https:\/\/radiorevelacionfm.cl\/index.php?rest_route=\/wp\/v2\/types\/post"}],"author":[{"embeddable":true,"href":"https:\/\/radiorevelacionfm.cl\/index.php?rest_route=\/wp\/v2\/users\/1"}],"replies":[{"embeddable":true,"href":"https:\/\/radiorevelacionfm.cl\/index.php?rest_route=%2Fwp%2Fv2%2Fcomments&post=56945"}],"version-history":[{"count":2,"href":"https:\/\/radiorevelacionfm.cl\/index.php?rest_route=\/wp\/v2\/posts\/56945\/revisions"}],"predecessor-version":[{"id":56949,"href":"https:\/\/radiorevelacionfm.cl\/index.php?rest_route=\/wp\/v2\/posts\/56945\/revisions\/56949"}],"wp:featuredmedia":[{"embeddable":true,"href":"https:\/\/radiorevelacionfm.cl\/index.php?rest_route=\/wp\/v2\/media\/56946"}],"wp:attachment":[{"href":"https:\/\/radiorevelacionfm.cl\/index.php?rest_route=%2Fwp%2Fv2%2Fmedia&parent=56945"}],"wp:term":[{"taxonomy":"category","embeddable":true,"href":"https:\/\/radiorevelacionfm.cl\/index.php?rest_route=%2Fwp%2Fv2%2Fcategories&post=56945"},{"taxonomy":"post_tag","embeddable":true,"href":"https:\/\/radiorevelacionfm.cl\/index.php?rest_route=%2Fwp%2Fv2%2Ftags&post=56945"}],"curies":[{"name":"wp","href":"https:\/\/api.w.org\/{rel}","templated":true}]}}