{"id":5694,"date":"2021-06-28T17:58:04","date_gmt":"2021-06-28T20:58:04","guid":{"rendered":"https:\/\/radiorevelacionfm.cl\/?p=5694"},"modified":"2021-06-28T18:34:39","modified_gmt":"2021-06-28T21:34:39","slug":"iglesia-de-dios-dona-30-cajas-de-alimentos-para-ser-distribuidos-a-pacientes-con-covid-en-aysen","status":"publish","type":"post","link":"https:\/\/radiorevelacionfm.cl\/?p=5694","title":{"rendered":"Iglesia de Dios dona 30 cajas de alimentos para ser distribuidos a pacientes con covid en Ays\u00e9n"},"content":{"rendered":"<div class=\"flex_column av_one_full  flex_column_div av-zero-column-padding first  avia-builder-el-0  el_before_av_one_full  avia-builder-el-first  \" style='border-radius:0px; '><div  class='avia-image-container  av-styling-    avia-builder-el-1  avia-builder-el-no-sibling  avia-align-center '  itemprop=\"image\" itemscope=\"itemscope\" itemtype=\"https:\/\/schema.org\/ImageObject\"  ><div class='avia-image-container-inner'><div class='avia-image-overlay-wrap'><img decoding=\"async\" class='wp-image-0 avia-img-lazy-loading-not-0 avia_image' src=\"https:\/\/radiorevelacionfm.cl\/wp-content\/uploads\/2021\/06\/6-18-2-1.jpg\" alt='' title=''   itemprop=\"thumbnailUrl\"  \/><\/div><\/div><\/div><\/div><div class=\"flex_column av_one_full  flex_column_div av-zero-column-padding first  avia-builder-el-2  el_after_av_one_full  el_before_av_one_full  column-top-margin\" style='border-radius:0px; '><section class=\"av_textblock_section \"  itemscope=\"itemscope\" itemtype=\"https:\/\/schema.org\/BlogPosting\" itemprop=\"blogPost\" ><div class='avia_textblock  '   itemprop=\"text\" ><p style=\"text-align: center;\"><strong><span style=\"font-size: 18pt;\">Iglesia de Dios dona 30 cajas de alimentos para ser distribuidos a pacientes con covid en Ays\u00e9n <\/span><\/strong><\/p>\n<div id=\"gtx-trans\" style=\"position: absolute; left: -50px; top: 4.31534px;\">\n<div class=\"gtx-trans-icon\"><\/div>\n<\/div>\n<\/div><\/section><\/div><\/p>\n<div class=\"flex_column av_one_full  flex_column_div av-zero-column-padding first  avia-builder-el-4  el_after_av_one_full  el_before_av_hr  column-top-margin\" style='border-radius:0px; '><section class=\"av_textblock_section \"  itemscope=\"itemscope\" itemtype=\"https:\/\/schema.org\/BlogPosting\" itemprop=\"blogPost\" ><div class='avia_textblock  '   itemprop=\"text\" ><p style=\"text-align: justify;\">La semana reci\u00e9n pasada arrib\u00f3 hasta la regi\u00f3n de Ays\u00e9n la Iglesia de Dios Sociedad Misionera Mundial para realizar varias obras sociales, una de ellas fue concretar este domingo 27 de junio la entrega de 30 cajas de alimentos que ser\u00e1n distribuidos a pacientes con covid a trav\u00e9s de la gobernaci\u00f3n de Ays\u00e9n.<\/p>\n<p style=\"text-align: justify;\">El pasado viernes en una significativa ceremonia la Iglesia de Dios representada en Chile por el Pastor Pablo Son se refer\u00eda a la importancia de esta alianza de solidaridad que se ha concretado con la gobernaci\u00f3n de Ays\u00e9n \u201cla biblia dice ayudar al pr\u00f3jimo, por eso hoy en d\u00eda cuando estamos en pandemia creo que muchas personas necesitan ayuda, esta vez estamos muy agradecidos por el gobernador don Manuel porque nos permiti\u00f3 tener este precioso encuentro porque nos permiti\u00f3 tambi\u00e9n trabajar en esta regi\u00f3n de Ays\u00e9n\u201d.<\/p>\n<p style=\"text-align: justify;\">Manuel Ortiz Gobernador de la provincia agradeci\u00f3 el gesto solidario que tuvo la Iglesia de Dios con los vecinos de Ays\u00e9n \u201ctenemos el tremendo privilegio y alegr\u00eda de poder recibir en nuestra gobernaci\u00f3n a el Director y Representante de la Iglesia de Dios en Chile, Pastor Pablo Son, ellos llegan hasta la gobernaci\u00f3n provincial para realizar un aporte importante, para que nosotros desde ac\u00e1 podamos llegar a los hogares de nuestros abuelitos que lo est\u00e1n pasando mal por el covid o por alguna otra raz\u00f3n personal\u201d.<\/p>\n<\/div><\/section><\/div>\n<div  style='height:50px' class='hr hr-invisible   avia-builder-el-6  el_after_av_one_full  el_before_av_social_share '><span class='hr-inner ' ><span class='hr-inner-style'><\/span><\/span><\/div>\n<div  class='av-social-sharing-box  avia-builder-el-7  el_after_av_hr  el_before_av_hr  '><div class='av-share-box'><h5 class='av-share-link-description av-no-toc '>Compartir esta noticia<\/h5><ul class='av-share-box-list noLightbox'><li class='av-share-link av-social-link-facebook' ><a target=\"_blank\" aria-label=\"Compartir en Facebook\" href='https:\/\/www.facebook.com\/sharer.php?u=https:\/\/radiorevelacionfm.cl\/?p=5694&#038;t=Iglesia%20de%20Dios%20dona%2030%20cajas%20de%20alimentos%20para%20ser%20distribuidos%20a%20pacientes%20con%20covid%20en%20Ays%C3%A9n' aria-hidden='false' data-av_icon='\ue8f3' data-av_iconfont='entypo-fontello' title='' data-avia-related-tooltip='Compartir en Facebook' rel=\"noopener\"><span class='avia_hidden_link_text'>Compartir en Facebook<\/span><\/a><\/li><li class='av-share-link av-social-link-twitter' ><a target=\"_blank\" aria-label=\"Compartir en Twitter\" href='https:\/\/twitter.com\/share?text=Iglesia%20de%20Dios%20dona%2030%20cajas%20de%20alimentos%20para%20ser%20distribuidos%20a%20pacientes%20con%20covid%20en%20Ays%C3%A9n&#038;url=https:\/\/radiorevelacionfm.cl\/?p=5694' aria-hidden='false' data-av_icon='\ue8f1' data-av_iconfont='entypo-fontello' title='' data-avia-related-tooltip='Compartir en Twitter' rel=\"noopener\"><span class='avia_hidden_link_text'>Compartir en Twitter<\/span><\/a><\/li><li class='av-share-link av-social-link-whatsapp' ><a target=\"_blank\" aria-label=\"Compartir en Whatsapp\" href='https:\/\/api.whatsapp.com\/send?text=https:\/\/radiorevelacionfm.cl\/?p=5694' aria-hidden='false' data-av_icon='\uf232' data-av_iconfont='entypo-fontello' title='' data-avia-related-tooltip='Compartir en Whatsapp' rel=\"noopener\"><span class='avia_hidden_link_text'>Compartir en Whatsapp<\/span><\/a><\/li><li class='av-share-link av-social-link-linkedin' ><a target=\"_blank\" aria-label=\"Compartir en LinkedIn\" href='https:\/\/linkedin.com\/shareArticle?mini=true&#038;title=Iglesia%20de%20Dios%20dona%2030%20cajas%20de%20alimentos%20para%20ser%20distribuidos%20a%20pacientes%20con%20covid%20en%20Ays%C3%A9n&#038;url=https:\/\/radiorevelacionfm.cl\/?p=5694' aria-hidden='false' data-av_icon='\ue8fc' data-av_iconfont='entypo-fontello' title='' data-avia-related-tooltip='Compartir en LinkedIn' rel=\"noopener\"><span class='avia_hidden_link_text'>Compartir en LinkedIn<\/span><\/a><\/li><li class='av-share-link av-social-link-mail' ><a  aria-label=\"Compartir por correo\" href='mailto:?subject=Iglesia%20de%20Dios%20dona%2030%20cajas%20de%20alimentos%20para%20ser%20distribuidos%20a%20pacientes%20con%20covid%20en%20Ays%C3%A9n&#038;body=https:\/\/radiorevelacionfm.cl\/?p=5694' aria-hidden='false' data-av_icon='\ue805' data-av_iconfont='entypo-fontello' title='' data-avia-related-tooltip='Compartir por correo'><span class='avia_hidden_link_text'>Compartir por correo<\/span><\/a><\/li><\/ul><\/div><\/div>\n<div  style='height:50px' class='hr hr-invisible   avia-builder-el-8  el_after_av_social_share  el_before_av_comments_list '><span class='hr-inner ' ><span class='hr-inner-style'><\/span><\/span><\/div>\n<div  class='av-buildercomment  av-blog-meta-html-info-disabled av-blog-meta-tag-disabled  '><\/div>\n","protected":false},"excerpt":{"rendered":"","protected":false},"author":1,"featured_media":0,"comment_status":"open","ping_status":"open","sticky":false,"template":"","format":"standard","meta":{"footnotes":""},"categories":[38],"tags":[],"class_list":["post-5694","post","type-post","status-publish","format-standard","hentry","category-regional"],"jetpack_featured_media_url":"","_links":{"self":[{"href":"https:\/\/radiorevelacionfm.cl\/index.php?rest_route=\/wp\/v2\/posts\/5694","targetHints":{"allow":["GET"]}}],"collection":[{"href":"https:\/\/radiorevelacionfm.cl\/index.php?rest_route=\/wp\/v2\/posts"}],"about":[{"href":"https:\/\/radiorevelacionfm.cl\/index.php?rest_route=\/wp\/v2\/types\/post"}],"author":[{"embeddable":true,"href":"https:\/\/radiorevelacionfm.cl\/index.php?rest_route=\/wp\/v2\/users\/1"}],"replies":[{"embeddable":true,"href":"https:\/\/radiorevelacionfm.cl\/index.php?rest_route=%2Fwp%2Fv2%2Fcomments&post=5694"}],"version-history":[{"count":4,"href":"https:\/\/radiorevelacionfm.cl\/index.php?rest_route=\/wp\/v2\/posts\/5694\/revisions"}],"predecessor-version":[{"id":5701,"href":"https:\/\/radiorevelacionfm.cl\/index.php?rest_route=\/wp\/v2\/posts\/5694\/revisions\/5701"}],"wp:attachment":[{"href":"https:\/\/radiorevelacionfm.cl\/index.php?rest_route=%2Fwp%2Fv2%2Fmedia&parent=5694"}],"wp:term":[{"taxonomy":"category","embeddable":true,"href":"https:\/\/radiorevelacionfm.cl\/index.php?rest_route=%2Fwp%2Fv2%2Fcategories&post=5694"},{"taxonomy":"post_tag","embeddable":true,"href":"https:\/\/radiorevelacionfm.cl\/index.php?rest_route=%2Fwp%2Fv2%2Ftags&post=5694"}],"curies":[{"name":"wp","href":"https:\/\/api.w.org\/{rel}","templated":true}]}}