{"id":56936,"date":"2025-07-25T10:14:27","date_gmt":"2025-07-25T13:14:27","guid":{"rendered":"https:\/\/radiorevelacionfm.cl\/?p=56936"},"modified":"2025-07-25T10:14:27","modified_gmt":"2025-07-25T13:14:27","slug":"invierno-de-colores-de-la-comuna-de-aysen-terminara-con-una-gran-fiesta-de-juegos","status":"publish","type":"post","link":"https:\/\/radiorevelacionfm.cl\/?p=56936","title":{"rendered":"\u201cInvierno de Colores\u201d de la comuna de Ays\u00e9n terminar\u00e1 con una gran fiesta de juegos"},"content":{"rendered":"<div class=\"flex_column av_one_full  flex_column_div av-zero-column-padding first  avia-builder-el-0  el_before_av_one_full  avia-builder-el-first  \" style='border-radius:0px; '><div  class='avia-image-container  av-styling-    avia-builder-el-1  avia-builder-el-no-sibling  avia-align-center '  itemprop=\"image\" itemscope=\"itemscope\" itemtype=\"https:\/\/schema.org\/ImageObject\"  ><div class='avia-image-container-inner'><div class='avia-image-overlay-wrap'><img decoding=\"async\" class='wp-image-56937 avia-img-lazy-loading-not-56937 avia_image' src=\"https:\/\/radiorevelacionfm.cl\/wp-content\/uploads\/2025\/07\/taller-de-cocina-1_optimized.jpg\" alt='' title='taller-de-cocina-(1)_optimized' height=\"600\" width=\"1144\"  itemprop=\"thumbnailUrl\" srcset=\"https:\/\/radiorevelacionfm.cl\/wp-content\/uploads\/2025\/07\/taller-de-cocina-1_optimized.jpg 1144w, https:\/\/radiorevelacionfm.cl\/wp-content\/uploads\/2025\/07\/taller-de-cocina-1_optimized-300x157.jpg 300w, https:\/\/radiorevelacionfm.cl\/wp-content\/uploads\/2025\/07\/taller-de-cocina-1_optimized-1030x540.jpg 1030w, https:\/\/radiorevelacionfm.cl\/wp-content\/uploads\/2025\/07\/taller-de-cocina-1_optimized-768x403.jpg 768w, https:\/\/radiorevelacionfm.cl\/wp-content\/uploads\/2025\/07\/taller-de-cocina-1_optimized-705x370.jpg 705w, https:\/\/radiorevelacionfm.cl\/wp-content\/uploads\/2025\/07\/taller-de-cocina-1_optimized-450x236.jpg 450w, https:\/\/radiorevelacionfm.cl\/wp-content\/uploads\/2025\/07\/taller-de-cocina-1_optimized-600x315.jpg 600w\" sizes=\"(max-width: 1144px) 100vw, 1144px\" \/><\/div><\/div><\/div><\/div><div class=\"flex_column av_one_full  flex_column_div av-zero-column-padding first  avia-builder-el-2  el_after_av_one_full  el_before_av_one_full  column-top-margin\" style='border-radius:0px; '><section class=\"av_textblock_section \"  itemscope=\"itemscope\" itemtype=\"https:\/\/schema.org\/BlogPosting\" itemprop=\"blogPost\" ><div class='avia_textblock  '   itemprop=\"text\" ><p style=\"text-align: center;\"><strong><span style=\"font-size: 18pt;\">\u201cInvierno de Colores\u201d de la comuna de Ays\u00e9n terminar\u00e1 con una gran fiesta de juegos<\/span><\/strong><\/p>\n<div id=\"gtx-trans\" style=\"position: absolute; left: -50px; top: 4.31534px;\">\n<div class=\"gtx-trans-icon\"><\/div>\n<\/div>\n<\/div><\/section><\/div><div class=\"flex_column av_one_full  flex_column_div av-zero-column-padding first  avia-builder-el-4  el_after_av_one_full  el_before_av_hr  column-top-margin\" style='border-radius:0px; '><section class=\"av_textblock_section \"  itemscope=\"itemscope\" itemtype=\"https:\/\/schema.org\/BlogPosting\" itemprop=\"blogPost\" ><div class='avia_textblock  '   itemprop=\"text\" ><p style=\"text-align: justify;\"><em>Ser\u00e1 un gran encuentro para todos los ni\u00f1os y ni\u00f1as de la zona, con juegos inflables, competencias, corp\u00f3reos y diversi\u00f3n una tarde de s\u00e1bado.<\/em><\/p>\n<p style=\"text-align: justify;\">Las actividades realizadas desde la municipalidad captaron la atenci\u00f3n de muchas de las familias ayseninas que pasaron las vacaciones invernales en la comuna, es por aquello que la Unidad de Cultura, en conjunto con las dem\u00e1s unidades de la Direcci\u00f3n de Desarrollo Comunitario, prepararon un encuentro para todas las infancias de Ays\u00e9n.<\/p>\n<p style=\"text-align: justify;\">El pr\u00f3ximo s\u00e1bado 26 de julio, el cual para muchos estudiantes ser\u00e1 el \u00faltimo fin de semana de vacaciones, se realizar\u00e1 en el Polideportivo \u00ab21 de abril\u00bb el gran cierre de las actividades de \u201cInvierno de Colores\u201d, la cual comenzar\u00e1 a las 15:00 horas.<\/p>\n<p style=\"text-align: justify;\">Edith Villarroel, la encargada de la Unidad de Cultura de la Municipalidad de Ays\u00e9n, explica que \u201cefectivamente quisimos promover la participaci\u00f3n activa de los ni\u00f1os, ni\u00f1as y sus familias. Y queremos invitar a la comunidad a celebrar el cierre de la parrilla de \u201cInvierno de Colores\u201d en una fiesta de juegos para ni\u00f1os y ni\u00f1as de todas las edades. Nosotros pensamos y distribuimos los espacios de manera que pueda haber espacios dirigidos a primera infancia y otros para ni\u00f1os un poco m\u00e1s grandes. Al igual que vamos a tener actividades l\u00fadicas y juegos, por lo tanto, este evento es para toda la familia e invitamos al p\u00fablico en general\u201d.<\/p>\n<p style=\"text-align: justify;\">En el Polideportivo se realizar\u00e1n distintas competencias, igualmente habr\u00e1 juegos inflables, los ni\u00f1os podr\u00e1n interactuar con sus personajes favoritos y podr\u00e1n bailar junto a ellos. La entrada es liberada, sin necesidad de inscribirse previamente.<\/p>\n<p style=\"text-align: justify;\">Este evento se enmarca en lo que fue el \u201cInvierno de Colores\u201d, la serie de actividades que entretuvieron a los ni\u00f1os, ni\u00f1as y adolescentes durante las tres semanas que duraron las vacaciones de invierno, la cual cont\u00f3 con jornadas de pel\u00edculas, talleres, instancias de juego, relatos y teatro en toda la comuna de Ays\u00e9n.<\/p>\n<p style=\"text-align: justify;\">\u201cEstamos muy contentos porque cuando iniciamos la difusi\u00f3n de \u201cInvierno de Colores\u201d, habilitamos un link de inscripci\u00f3n y positivamente las inscripciones se acabaron muy r\u00e1pido. Esto nos alegr\u00f3, porque una de las preocupaciones que uno tiene cuando lleva a cabo una actividad, es que sea del gusto y del inter\u00e9s de la comunidad. Y la verdad es que entendemos que, como los cupos se agotan r\u00e1pido, significa efectivamente que estas actividades son atrayentes para la poblaci\u00f3n y la comuna en general, porque recordar que nosotros tambi\u00e9n transitamos con estas actividades por Isla Las Huichas, Puerto Chacabuco, Puerto Ays\u00e9n, Villa Manuales y Los Torreones\u201d, finaliz\u00f3 la encargada de Cultura.<\/p>\n<p style=\"text-align: justify;\">A pesar de que termina esta parrilla program\u00e1tica, el trabajo municipal no para, ya que para el mes de agosto se est\u00e1 preparando el \u201cFestival de Derechos\u201d, una actividad que tambi\u00e9n se realiza en colaboraci\u00f3n con los distintos programas de la Municipalidad, como Senda Previene, Oficina Local de la Ni\u00f1ez, HEPI Crianza y Unidad de Cultura. Esta iniciativa busca la participaci\u00f3n de los ni\u00f1os en distintas actividades que promuevan el que aprendan sobre sus derechos.<\/p>\n<\/div><\/section><\/div><div  style='height:50px' class='hr hr-invisible   avia-builder-el-6  el_after_av_one_full  el_before_av_social_share '><span class='hr-inner ' ><span class='hr-inner-style'><\/span><\/span><\/div><\/p>\n<div  class='av-social-sharing-box  avia-builder-el-7  el_after_av_hr  el_before_av_hr  '><div class='av-share-box'><h5 class='av-share-link-description av-no-toc '>Compartir esta noticia<\/h5><ul class='av-share-box-list noLightbox'><li class='av-share-link av-social-link-facebook' ><a target=\"_blank\" aria-label=\"Compartir en Facebook\" href='https:\/\/www.facebook.com\/sharer.php?u=https:\/\/radiorevelacionfm.cl\/?p=56936&#038;t=%E2%80%9CInvierno%20de%20Colores%E2%80%9D%20de%20la%20comuna%20de%20Ays%C3%A9n%20terminar%C3%A1%20con%20una%20gran%20fiesta%20de%20juegos' aria-hidden='false' data-av_icon='\ue8f3' data-av_iconfont='entypo-fontello' title='' data-avia-related-tooltip='Compartir en Facebook' rel=\"noopener\"><span class='avia_hidden_link_text'>Compartir en Facebook<\/span><\/a><\/li><li class='av-share-link av-social-link-twitter' ><a target=\"_blank\" aria-label=\"Compartir en Twitter\" href='https:\/\/twitter.com\/share?text=%E2%80%9CInvierno%20de%20Colores%E2%80%9D%20de%20la%20comuna%20de%20Ays%C3%A9n%20terminar%C3%A1%20con%20una%20gran%20fiesta%20de%20juegos&#038;url=https:\/\/radiorevelacionfm.cl\/?p=56936' aria-hidden='false' data-av_icon='\ue8f1' data-av_iconfont='entypo-fontello' title='' data-avia-related-tooltip='Compartir en Twitter' rel=\"noopener\"><span class='avia_hidden_link_text'>Compartir en Twitter<\/span><\/a><\/li><li class='av-share-link av-social-link-whatsapp' ><a target=\"_blank\" aria-label=\"Compartir en Whatsapp\" href='https:\/\/api.whatsapp.com\/send?text=https:\/\/radiorevelacionfm.cl\/?p=56936' aria-hidden='false' data-av_icon='\uf232' data-av_iconfont='entypo-fontello' title='' data-avia-related-tooltip='Compartir en Whatsapp' rel=\"noopener\"><span class='avia_hidden_link_text'>Compartir en Whatsapp<\/span><\/a><\/li><li class='av-share-link av-social-link-linkedin' ><a target=\"_blank\" aria-label=\"Compartir en LinkedIn\" href='https:\/\/linkedin.com\/shareArticle?mini=true&#038;title=%E2%80%9CInvierno%20de%20Colores%E2%80%9D%20de%20la%20comuna%20de%20Ays%C3%A9n%20terminar%C3%A1%20con%20una%20gran%20fiesta%20de%20juegos&#038;url=https:\/\/radiorevelacionfm.cl\/?p=56936' aria-hidden='false' data-av_icon='\ue8fc' data-av_iconfont='entypo-fontello' title='' data-avia-related-tooltip='Compartir en LinkedIn' rel=\"noopener\"><span class='avia_hidden_link_text'>Compartir en LinkedIn<\/span><\/a><\/li><li class='av-share-link av-social-link-mail' ><a  aria-label=\"Compartir por correo\" href='mailto:?subject=%E2%80%9CInvierno%20de%20Colores%E2%80%9D%20de%20la%20comuna%20de%20Ays%C3%A9n%20terminar%C3%A1%20con%20una%20gran%20fiesta%20de%20juegos&#038;body=https:\/\/radiorevelacionfm.cl\/?p=56936' aria-hidden='false' data-av_icon='\ue805' data-av_iconfont='entypo-fontello' title='' data-avia-related-tooltip='Compartir por correo'><span class='avia_hidden_link_text'>Compartir por correo<\/span><\/a><\/li><\/ul><\/div><\/div>\n<div  style='height:50px' class='hr hr-invisible   avia-builder-el-8  el_after_av_social_share  el_before_av_comments_list '><span class='hr-inner ' ><span class='hr-inner-style'><\/span><\/span><\/div>\n<div  class='av-buildercomment  av-blog-meta-html-info-disabled av-blog-meta-tag-disabled  '><\/div>\n","protected":false},"excerpt":{"rendered":"","protected":false},"author":1,"featured_media":56937,"comment_status":"closed","ping_status":"closed","sticky":false,"template":"","format":"standard","meta":{"footnotes":""},"categories":[38],"tags":[],"class_list":["post-56936","post","type-post","status-publish","format-standard","has-post-thumbnail","hentry","category-regional"],"jetpack_featured_media_url":"https:\/\/radiorevelacionfm.cl\/wp-content\/uploads\/2025\/07\/taller-de-cocina-1_optimized.jpg","_links":{"self":[{"href":"https:\/\/radiorevelacionfm.cl\/index.php?rest_route=\/wp\/v2\/posts\/56936","targetHints":{"allow":["GET"]}}],"collection":[{"href":"https:\/\/radiorevelacionfm.cl\/index.php?rest_route=\/wp\/v2\/posts"}],"about":[{"href":"https:\/\/radiorevelacionfm.cl\/index.php?rest_route=\/wp\/v2\/types\/post"}],"author":[{"embeddable":true,"href":"https:\/\/radiorevelacionfm.cl\/index.php?rest_route=\/wp\/v2\/users\/1"}],"replies":[{"embeddable":true,"href":"https:\/\/radiorevelacionfm.cl\/index.php?rest_route=%2Fwp%2Fv2%2Fcomments&post=56936"}],"version-history":[{"count":2,"href":"https:\/\/radiorevelacionfm.cl\/index.php?rest_route=\/wp\/v2\/posts\/56936\/revisions"}],"predecessor-version":[{"id":56941,"href":"https:\/\/radiorevelacionfm.cl\/index.php?rest_route=\/wp\/v2\/posts\/56936\/revisions\/56941"}],"wp:featuredmedia":[{"embeddable":true,"href":"https:\/\/radiorevelacionfm.cl\/index.php?rest_route=\/wp\/v2\/media\/56937"}],"wp:attachment":[{"href":"https:\/\/radiorevelacionfm.cl\/index.php?rest_route=%2Fwp%2Fv2%2Fmedia&parent=56936"}],"wp:term":[{"taxonomy":"category","embeddable":true,"href":"https:\/\/radiorevelacionfm.cl\/index.php?rest_route=%2Fwp%2Fv2%2Fcategories&post=56936"},{"taxonomy":"post_tag","embeddable":true,"href":"https:\/\/radiorevelacionfm.cl\/index.php?rest_route=%2Fwp%2Fv2%2Ftags&post=56936"}],"curies":[{"name":"wp","href":"https:\/\/api.w.org\/{rel}","templated":true}]}}