{"id":56933,"date":"2025-07-24T20:36:56","date_gmt":"2025-07-24T23:36:56","guid":{"rendered":"https:\/\/radiorevelacionfm.cl\/?p=56933"},"modified":"2025-07-24T20:36:56","modified_gmt":"2025-07-24T23:36:56","slug":"invitan-a-celebrar-el-7-aniversario-del-parque-nacional-cerro-castillo","status":"publish","type":"post","link":"https:\/\/radiorevelacionfm.cl\/?p=56933","title":{"rendered":"Invitan a celebrar el 7\u00b0 Aniversario del Parque Nacional Cerro Castillo"},"content":{"rendered":"<div class=\"flex_column av_one_full  flex_column_div av-zero-column-padding first  avia-builder-el-0  el_before_av_one_full  avia-builder-el-first  \" style='border-radius:0px; '><div  class='avia-image-container  av-styling-    avia-builder-el-1  avia-builder-el-no-sibling  avia-align-center '  itemprop=\"image\" itemscope=\"itemscope\" itemtype=\"https:\/\/schema.org\/ImageObject\"  ><div class='avia-image-container-inner'><div class='avia-image-overlay-wrap'><img decoding=\"async\" class='wp-image-56934 avia-img-lazy-loading-not-56934 avia_image' src=\"https:\/\/radiorevelacionfm.cl\/wp-content\/uploads\/2025\/07\/ANIVERSARIO-PNCC-2024_FESPILODORA_03-1.jpg\" alt='' title='ANIVERSARIO PNCC 2024_FESP\u00cdLODORA_03 (1)' height=\"600\" width=\"900\"  itemprop=\"thumbnailUrl\" srcset=\"https:\/\/radiorevelacionfm.cl\/wp-content\/uploads\/2025\/07\/ANIVERSARIO-PNCC-2024_FESPILODORA_03-1.jpg 900w, https:\/\/radiorevelacionfm.cl\/wp-content\/uploads\/2025\/07\/ANIVERSARIO-PNCC-2024_FESPILODORA_03-1-300x200.jpg 300w, https:\/\/radiorevelacionfm.cl\/wp-content\/uploads\/2025\/07\/ANIVERSARIO-PNCC-2024_FESPILODORA_03-1-768x512.jpg 768w, https:\/\/radiorevelacionfm.cl\/wp-content\/uploads\/2025\/07\/ANIVERSARIO-PNCC-2024_FESPILODORA_03-1-705x470.jpg 705w, https:\/\/radiorevelacionfm.cl\/wp-content\/uploads\/2025\/07\/ANIVERSARIO-PNCC-2024_FESPILODORA_03-1-450x300.jpg 450w, https:\/\/radiorevelacionfm.cl\/wp-content\/uploads\/2025\/07\/ANIVERSARIO-PNCC-2024_FESPILODORA_03-1-600x400.jpg 600w\" sizes=\"(max-width: 900px) 100vw, 900px\" \/><\/div><\/div><\/div><\/div><div class=\"flex_column av_one_full  flex_column_div av-zero-column-padding first  avia-builder-el-2  el_after_av_one_full  el_before_av_one_full  column-top-margin\" style='border-radius:0px; '><section class=\"av_textblock_section \"  itemscope=\"itemscope\" itemtype=\"https:\/\/schema.org\/BlogPosting\" itemprop=\"blogPost\" ><div class='avia_textblock  '   itemprop=\"text\" ><p style=\"text-align: center;\"><span style=\"font-size: 18pt;\"><strong>Invitan a celebrar el 7\u00b0 Aniversario del Parque Nacional Cerro Castillo <\/strong><\/span><\/p>\n<div id=\"gtx-trans\" style=\"position: absolute; left: -50px; top: 4.31534px;\">\n<div class=\"gtx-trans-icon\"><\/div>\n<\/div>\n<\/div><\/section><\/div><div class=\"flex_column av_one_full  flex_column_div av-zero-column-padding first  avia-builder-el-4  el_after_av_one_full  el_before_av_hr  column-top-margin\" style='border-radius:0px; '><section class=\"av_textblock_section \"  itemscope=\"itemscope\" itemtype=\"https:\/\/schema.org\/BlogPosting\" itemprop=\"blogPost\" ><div class='avia_textblock  '   itemprop=\"text\" ><p style=\"text-align: justify;\"><em>Con una programaci\u00f3n diversa y abierta a toda la familia, tanto dentro del parque como en la localidad de Puerto Ib\u00e1\u00f1ez, se celebran siete a\u00f1os desde que Cerro Castillo fue recategorizado como Parque Nacional, alcanzando as\u00ed el mayor nivel de protecci\u00f3n ambiental en Chile.<\/em><\/p>\n<p style=\"text-align: justify;\">Con dos variadas y din\u00e1micas jornadas, el s\u00e9ptimo Aniversario del Parque Nacional Cerro Castillo ser\u00e1 una celebraci\u00f3n del invierno en la monta\u00f1a, con experiencias en la naturaleza y actividades gratuitas para toda la comunidad: habr\u00e1 talleres creativos, muestra fotogr\u00e1fica, m\u00fasica en vivo, feria de artesanos y productores locales, excursiones en el Parque Nacional, y \u00a1mucho m\u00e1s!<\/p>\n<p style=\"text-align: justify;\">Para celebrar colectivamente la reclasificaci\u00f3n de la antigua Reserva Forestal Cerro Castillo como Parque Nacional, se realizar\u00e1 un evento abierto a toda la comunidad que invita a conocer, valorar y disfrutar su extraordinario patrimonio natural. La iniciativa es impulsada por CONAF, el Consejo Consultivo del Parque Nacional Cerro Castillo, junto a Fundaci\u00f3n Rewilding Chile, Amigos de los Parques, y el Club de Rugby Quelequ\u00e9n, con la colaboraci\u00f3n de las municipalidades de R\u00edo Ib\u00e1\u00f1ez y Coyhaique, la Corporaci\u00f3n de Turismo del Parque Nacional, Sernatur, el Club Andino Cerro Castillo, Monta\u00f1ita Outdoor, Senderos Patagonia y comit\u00e9 de artesanas Chewachekena de Puerto Ib\u00e1\u00f1ez y diversas agrupaciones locales, adem\u00e1s de Francisco Esp\u00edldora, fot\u00f3grafo de naturaleza.<\/p>\n<p style=\"text-align: justify;\">Esta reclasificaci\u00f3n, oficializada el 27 de julio de 2017, fue un hito para la conservaci\u00f3n de este territorio, al otorgarle la categor\u00eda de Parque Nacional: el mayor nivel de protecci\u00f3n legal en Chile. Este cambio permiti\u00f3 fortalecer su gesti\u00f3n ecol\u00f3gica, resguardar especies y ecosistemas \u00fanicos, y pasar a integrar formalmente la Ruta de los Parques de la Patagonia, consolidando su papel dentro de la red de conservaci\u00f3n m\u00e1s importante del pa\u00eds.<\/p>\n<p style=\"text-align: justify;\"><u>ITINERARIO<\/u><\/p>\n<h3 style=\"text-align: justify;\"><strong>\u00a1El Parque va a la Comunidad! | S\u00e1bado 26 de julio<\/strong><\/h3>\n<p style=\"text-align: justify;\">Gimnasio \u2013 Puerto Ingeniero Ib\u00e1\u00f1ez<br \/>\n11:00 a 17:00 hrs<\/p>\n<p style=\"text-align: justify;\"><strong>Punto de encuentro buses de acercamiento:<\/strong><\/p>\n<p style=\"text-align: justify;\">10:15 hrs: Radio Aluen, Villa Cerro Castillo<\/p>\n<ul style=\"text-align: justify;\">\n<li><strong>9:00 hrs: <\/strong><em>Evento de Rugby, por Club Quelequ\u00e9n, con equipos de Chile y Argentina, de diferentes categor\u00edas. <\/em><\/li>\n<li><strong>11:00 hrs:<\/strong> Inicio de jornada. <em>Apertura de stands de emprendedores\/as locales, artesanas, e informaci\u00f3n de conservaci\u00f3n. <\/em><\/li>\n<li><em>Exposici\u00f3n fotogr\u00e1fica de Francisco Esp\u00edldora<\/em>.<\/li>\n<li><strong>11:30 hrs:<\/strong> Informaci\u00f3n e inscripciones en actividades.<\/li>\n<li><strong>12:00 hrs:<\/strong> <em>Corrida del Huemul<\/em> por las calles de Puerto Ib\u00e1\u00f1ez.<\/li>\n<li><strong>12:30 hrs: <\/strong><em>Taller Peque\u00f1os Guardaparques<\/em> (ni\u00f1as y ni\u00f1os).<\/li>\n<li><strong>13:00 hrs:<\/strong> <em>Presentaci\u00f3n de m\u00fasicos locales<\/em>.<\/li>\n<li><strong>14:00 hrs:<\/strong> Talleres creativos: <em>Origami de m\u00e1scaras, badana, greda, fotograf\u00eda y lienzo comunitario<\/em>.<\/li>\n<li><strong>15:00 hrs:<\/strong> <em>Diaporama: Ascenso al Cerro Castillo<\/em> con Nahel Figueroa (alumno Liceo Bicentenario).<\/li>\n<li><strong>16:00 hrs:<\/strong> <em>Muestra folcl\u00f3rica y mateada comunitaria. <\/em><\/li>\n<li><strong>17:00 hrs:<\/strong> <em>Cierre y celebraci\u00f3n.<\/em><\/li>\n<\/ul>\n<p style=\"text-align: justify;\"><strong>\u00a0<\/strong><\/p>\n<p style=\"text-align: justify;\"><strong>\u00a1Celebramos en el Parque! | Domingo 27 de julio<\/strong><\/p>\n<p style=\"text-align: justify;\">Portezuelo Ib\u00e1\u00f1ez &#8211; Parque Nacional Cerro Castillo<\/p>\n<p style=\"text-align: justify;\">Actividades dirigidas al aire libre 11:00 a 14:30 hrs<\/p>\n<p style=\"text-align: justify;\"><strong>Puntos de encuentro buses de acercamiento:<\/strong><\/p>\n<p style=\"text-align: justify;\">10:15 hrs: Radio Aluen, Villa Cerro Castillo<\/p>\n<p style=\"text-align: justify;\">10:15 hrs: Radio Padre Antonio Ronchi, Puerto Ingeniero Iba\u00f1ez<\/p>\n<p style=\"text-align: justify;\"><em>\u00a0<\/em><\/p>\n<ul style=\"text-align: justify;\">\n<li><strong>Bosque con Lupa: exploradores del micromundo<\/strong><\/li>\n<\/ul>\n<p style=\"text-align: justify;\">Facilitador: Tomas Orme\u00f1o, guardaparque PNCC<\/p>\n<p style=\"text-align: justify;\">Edad sugerida: 8 a\u00f1os en adelante<\/p>\n<p style=\"text-align: justify;\">Nivel de dificultad: Baja<\/p>\n<ul style=\"text-align: justify;\">\n<li><strong>Explorando el Parque: tras las huellas del huemul<\/strong><\/li>\n<\/ul>\n<p style=\"text-align: justify;\">Facilitador: Mario Alegr\u00eda, guardaparque administrador Conaf<\/p>\n<p style=\"text-align: justify;\">Edad sugerida: 10 a\u00f1os en adelante<\/p>\n<p style=\"text-align: justify;\">Nivel de dificultad: Baja &#8211; Media<\/p>\n<ul style=\"text-align: justify;\">\n<li><strong>Vida Silvestre en el Parque Nacional<\/strong><\/li>\n<\/ul>\n<p style=\"text-align: justify;\">Facilitador: Rody Alvarez, guardafauna Rewilding Chile<\/p>\n<p style=\"text-align: justify;\">Edad sugerida: adultos con buen estado f\u00edsico<\/p>\n<p style=\"text-align: justify;\">Nivel de dificultad: Media<\/p>\n<ul style=\"text-align: justify;\">\n<li><strong>Fotografiando la Naturaleza<\/strong><\/li>\n<\/ul>\n<p style=\"text-align: justify;\">Facilitador: Francisco Esp\u00edldora, fot\u00f3grafo<\/p>\n<p style=\"text-align: justify;\">Edad sugerida: todas las edades<\/p>\n<p style=\"text-align: justify;\">Nivel de dificultad: Baja<\/p>\n<h3 style=\"text-align: justify;\"><span style=\"font-size: 14pt;\"><em>*Actividades deportivas con cupos limitados. Inscripciones al: +56 9 39025100.<\/em><\/span><\/h3>\n<p style=\"text-align: justify;\"><em>Tambi\u00e9n h<\/em>abr\u00e1 buses de acercamiento (gratuitos ida y vuelta) desde Villa Cerro Castillo a Puerto Ib\u00e1\u00f1ez el d\u00eda s\u00e1bado, y desde Villa Cerro Castillo y Puerto Ib\u00e1\u00f1ez hasta el Portezuelo el d\u00eda domingo.<\/p>\n<p style=\"text-align: justify;\">Queda la invitaci\u00f3n abierta a toda la comunidad, en especial los locales de Villa Cerro Castillo y Puerto Ib\u00e1\u00f1ez, as\u00ed como tambi\u00e9n a las comunidades de Coyhaique, Balmaceda, El Blanco, Valle Simpson y Puerto Ays\u00e9n.<\/p>\n<\/div><\/section><\/div><div  style='height:50px' class='hr hr-invisible   avia-builder-el-6  el_after_av_one_full  el_before_av_social_share '><span class='hr-inner ' ><span class='hr-inner-style'><\/span><\/span><\/div><\/p>\n<div  class='av-social-sharing-box  avia-builder-el-7  el_after_av_hr  el_before_av_hr  '><div class='av-share-box'><h5 class='av-share-link-description av-no-toc '>Compartir esta noticia<\/h5><ul class='av-share-box-list noLightbox'><li class='av-share-link av-social-link-facebook' ><a target=\"_blank\" aria-label=\"Compartir en Facebook\" href='https:\/\/www.facebook.com\/sharer.php?u=https:\/\/radiorevelacionfm.cl\/?p=56933&#038;t=Invitan%20a%20celebrar%20el%207%C2%B0%20Aniversario%20del%20Parque%20Nacional%20Cerro%20Castillo' aria-hidden='false' data-av_icon='\ue8f3' data-av_iconfont='entypo-fontello' title='' data-avia-related-tooltip='Compartir en Facebook' rel=\"noopener\"><span class='avia_hidden_link_text'>Compartir en Facebook<\/span><\/a><\/li><li class='av-share-link av-social-link-twitter' ><a target=\"_blank\" aria-label=\"Compartir en Twitter\" href='https:\/\/twitter.com\/share?text=Invitan%20a%20celebrar%20el%207%C2%B0%20Aniversario%20del%20Parque%20Nacional%20Cerro%20Castillo&#038;url=https:\/\/radiorevelacionfm.cl\/?p=56933' aria-hidden='false' data-av_icon='\ue8f1' data-av_iconfont='entypo-fontello' title='' data-avia-related-tooltip='Compartir en Twitter' rel=\"noopener\"><span class='avia_hidden_link_text'>Compartir en Twitter<\/span><\/a><\/li><li class='av-share-link av-social-link-whatsapp' ><a target=\"_blank\" aria-label=\"Compartir en Whatsapp\" href='https:\/\/api.whatsapp.com\/send?text=https:\/\/radiorevelacionfm.cl\/?p=56933' aria-hidden='false' data-av_icon='\uf232' data-av_iconfont='entypo-fontello' title='' data-avia-related-tooltip='Compartir en Whatsapp' rel=\"noopener\"><span class='avia_hidden_link_text'>Compartir en Whatsapp<\/span><\/a><\/li><li class='av-share-link av-social-link-linkedin' ><a target=\"_blank\" aria-label=\"Compartir en LinkedIn\" href='https:\/\/linkedin.com\/shareArticle?mini=true&#038;title=Invitan%20a%20celebrar%20el%207%C2%B0%20Aniversario%20del%20Parque%20Nacional%20Cerro%20Castillo&#038;url=https:\/\/radiorevelacionfm.cl\/?p=56933' aria-hidden='false' data-av_icon='\ue8fc' data-av_iconfont='entypo-fontello' title='' data-avia-related-tooltip='Compartir en LinkedIn' rel=\"noopener\"><span class='avia_hidden_link_text'>Compartir en LinkedIn<\/span><\/a><\/li><li class='av-share-link av-social-link-mail' ><a  aria-label=\"Compartir por correo\" href='mailto:?subject=Invitan%20a%20celebrar%20el%207%C2%B0%20Aniversario%20del%20Parque%20Nacional%20Cerro%20Castillo&#038;body=https:\/\/radiorevelacionfm.cl\/?p=56933' aria-hidden='false' data-av_icon='\ue805' data-av_iconfont='entypo-fontello' title='' data-avia-related-tooltip='Compartir por correo'><span class='avia_hidden_link_text'>Compartir por correo<\/span><\/a><\/li><\/ul><\/div><\/div>\n<div  style='height:50px' class='hr hr-invisible   avia-builder-el-8  el_after_av_social_share  el_before_av_comments_list '><span class='hr-inner ' ><span class='hr-inner-style'><\/span><\/span><\/div>\n<div  class='av-buildercomment  av-blog-meta-html-info-disabled av-blog-meta-tag-disabled  '><\/div>\n","protected":false},"excerpt":{"rendered":"","protected":false},"author":1,"featured_media":56934,"comment_status":"closed","ping_status":"closed","sticky":false,"template":"","format":"standard","meta":{"footnotes":""},"categories":[54],"tags":[],"class_list":["post-56933","post","type-post","status-publish","format-standard","has-post-thumbnail","hentry","category-turismo"],"jetpack_featured_media_url":"https:\/\/radiorevelacionfm.cl\/wp-content\/uploads\/2025\/07\/ANIVERSARIO-PNCC-2024_FESPILODORA_03-1.jpg","_links":{"self":[{"href":"https:\/\/radiorevelacionfm.cl\/index.php?rest_route=\/wp\/v2\/posts\/56933","targetHints":{"allow":["GET"]}}],"collection":[{"href":"https:\/\/radiorevelacionfm.cl\/index.php?rest_route=\/wp\/v2\/posts"}],"about":[{"href":"https:\/\/radiorevelacionfm.cl\/index.php?rest_route=\/wp\/v2\/types\/post"}],"author":[{"embeddable":true,"href":"https:\/\/radiorevelacionfm.cl\/index.php?rest_route=\/wp\/v2\/users\/1"}],"replies":[{"embeddable":true,"href":"https:\/\/radiorevelacionfm.cl\/index.php?rest_route=%2Fwp%2Fv2%2Fcomments&post=56933"}],"version-history":[{"count":2,"href":"https:\/\/radiorevelacionfm.cl\/index.php?rest_route=\/wp\/v2\/posts\/56933\/revisions"}],"predecessor-version":[{"id":56940,"href":"https:\/\/radiorevelacionfm.cl\/index.php?rest_route=\/wp\/v2\/posts\/56933\/revisions\/56940"}],"wp:featuredmedia":[{"embeddable":true,"href":"https:\/\/radiorevelacionfm.cl\/index.php?rest_route=\/wp\/v2\/media\/56934"}],"wp:attachment":[{"href":"https:\/\/radiorevelacionfm.cl\/index.php?rest_route=%2Fwp%2Fv2%2Fmedia&parent=56933"}],"wp:term":[{"taxonomy":"category","embeddable":true,"href":"https:\/\/radiorevelacionfm.cl\/index.php?rest_route=%2Fwp%2Fv2%2Fcategories&post=56933"},{"taxonomy":"post_tag","embeddable":true,"href":"https:\/\/radiorevelacionfm.cl\/index.php?rest_route=%2Fwp%2Fv2%2Ftags&post=56933"}],"curies":[{"name":"wp","href":"https:\/\/api.w.org\/{rel}","templated":true}]}}