{"id":56930,"date":"2025-07-25T11:05:10","date_gmt":"2025-07-25T14:05:10","guid":{"rendered":"https:\/\/radiorevelacionfm.cl\/?p=56930"},"modified":"2025-07-25T11:11:55","modified_gmt":"2025-07-25T14:11:55","slug":"cancer-de-mama-triple-negativo-senadora-ordenes-pide-al-ejecutivo-avanzar-en-una-respuesta-para-las-pacientes","status":"publish","type":"post","link":"https:\/\/radiorevelacionfm.cl\/?p=56930","title":{"rendered":"C\u00e1ncer de mama triple negativo: Senadora \u00d3rdenes pide al ejecutivo avanzar en una respuesta para las pacientes"},"content":{"rendered":"<div class=\"flex_column av_one_full  flex_column_div av-zero-column-padding first  avia-builder-el-0  el_before_av_one_full  avia-builder-el-first  \" style='border-radius:0px; '><div  class='avia-image-container  av-styling-    avia-builder-el-1  avia-builder-el-no-sibling  avia-align-center '  itemprop=\"image\" itemscope=\"itemscope\" itemtype=\"https:\/\/schema.org\/ImageObject\"  ><div class='avia-image-container-inner'><div class='avia-image-overlay-wrap'><img decoding=\"async\" class='wp-image-56931 avia-img-lazy-loading-not-56931 avia_image' src=\"https:\/\/radiorevelacionfm.cl\/wp-content\/uploads\/2025\/07\/FOTO-20-1-1.jpeg\" alt='' title='FOTO (20) (1) (1)' height=\"600\" width=\"1067\"  itemprop=\"thumbnailUrl\" srcset=\"https:\/\/radiorevelacionfm.cl\/wp-content\/uploads\/2025\/07\/FOTO-20-1-1.jpeg 1067w, https:\/\/radiorevelacionfm.cl\/wp-content\/uploads\/2025\/07\/FOTO-20-1-1-300x169.jpeg 300w, https:\/\/radiorevelacionfm.cl\/wp-content\/uploads\/2025\/07\/FOTO-20-1-1-1030x579.jpeg 1030w, https:\/\/radiorevelacionfm.cl\/wp-content\/uploads\/2025\/07\/FOTO-20-1-1-768x432.jpeg 768w, https:\/\/radiorevelacionfm.cl\/wp-content\/uploads\/2025\/07\/FOTO-20-1-1-705x396.jpeg 705w, https:\/\/radiorevelacionfm.cl\/wp-content\/uploads\/2025\/07\/FOTO-20-1-1-450x253.jpeg 450w, https:\/\/radiorevelacionfm.cl\/wp-content\/uploads\/2025\/07\/FOTO-20-1-1-600x337.jpeg 600w\" sizes=\"(max-width: 1067px) 100vw, 1067px\" \/><\/div><\/div><\/div><\/div>\n<div class=\"flex_column av_one_full  flex_column_div av-zero-column-padding first  avia-builder-el-2  el_after_av_one_full  el_before_av_one_full  column-top-margin\" style='border-radius:0px; '><section class=\"av_textblock_section \"  itemscope=\"itemscope\" itemtype=\"https:\/\/schema.org\/BlogPosting\" itemprop=\"blogPost\" ><div class='avia_textblock  '   itemprop=\"text\" ><p style=\"text-align: center;\"><strong><span style=\"font-size: 18pt;\">C\u00e1ncer de mama triple negativo: Senadora \u00d3rdenes pide al ejecutivo avanzar en una respuesta para las pacientes<\/span><\/strong><\/p>\n<div id=\"gtx-trans\" style=\"position: absolute; left: -50px; top: 4.31534px;\">\n<div class=\"gtx-trans-icon\"><\/div>\n<\/div>\n<\/div><\/section><\/div>\n<div class=\"flex_column av_one_full  flex_column_div av-zero-column-padding first  avia-builder-el-4  el_after_av_one_full  el_before_av_hr  column-top-margin\" style='border-radius:0px; '><section class=\"av_textblock_section \"  itemscope=\"itemscope\" itemtype=\"https:\/\/schema.org\/BlogPosting\" itemprop=\"blogPost\" ><div class='avia_textblock  '   itemprop=\"text\" ><p style=\"text-align: justify;\">La senadora Ximena Ordenes Neira, representante aysenina e integrante de la Comisi\u00f3n de Salud del Senado, nuevamente alz\u00f3 la voz por las y los pacientes oncol\u00f3gicos, solicitando a la ministra de Salud avanzar con una respuesta a los compromisos asumidos con las agrupaciones Triple Negativa, Siempre Positiva y Mujeres por un Lazo.<\/p>\n<p style=\"text-align: justify;\">Ambas agrupaciones han manifestado su preocupaci\u00f3n por la falta de nuevos tratamientos, el avance en la implementaci\u00f3n del Acuerdo de Riesgo Compartido (ARC), la actualizaci\u00f3n de las gu\u00edas cl\u00ednicas para c\u00e1ncer de mama y sobre todo la incorporaci\u00f3n de herramientas de detecci\u00f3n precoz, evidenciando el problema del c\u00e1ncer de mama triple negativo, que afecta hoy a mujeres j\u00f3venes.<\/p>\n<p style=\"text-align: justify;\">\u201cQuiero insistir, presidente, y tambi\u00e9n preguntarle a la Secretar\u00eda si lleg\u00f3 respuesta a una solicitud que realizamos sobre el c\u00e1ncer de mama triple negativo. Como ustedes saben, un subtipo de c\u00e1ncer bien complejo, bien agresivo, que afecta a mujeres, especialmente mujeres j\u00f3venes\u201d, intervino \u00d3rdenes en la instancia a la cual asisti\u00f3 la ministra y otras autoridades de la cartera.<\/p>\n<p style=\"text-align: justify;\">Ximena Ordenes, quien ha impulsado leyes como la que consagra el Derecho al Olvido Oncol\u00f3gico, tambi\u00e9n ha sostenido un trabajo largo con agrupaciones de pacientes oncol\u00f3gicos, tanto en la regi\u00f3n de Ays\u00e9n, como a nivel pa\u00eds. La legisladora record\u00f3 al Ejecutivo que, en la Ley de Presupuesto del a\u00f1o 2025, en conjunto con el Ministerio de Salud, se alcanz\u00f3 un acuerdo para avanzar en un mecanismo de riesgo compartido.<\/p>\n<p style=\"text-align: justify;\">\u201cEsto permite el acceso equitativo y oportuno a las mujeres que est\u00e1n enfrentando este tipo de c\u00e1ncer. El acceso a un tratamiento que es innovador y que obviamente da mayores garant\u00edas\u201d, recalc\u00f3 la parlamentaria, pidiendo avanzar en una respuesta y solicitando una nueva reuni\u00f3n con la ministra y las agrupaciones.<\/p>\n<p style=\"text-align: justify;\">Ana Mar\u00eda Araya, presidenta Agrupaci\u00f3n Triple Negativa, Siempre Positiva, dio cuenta en un video viralizado en redes sociales sobre el apoyo de la senadora Ordenes, a la vez que se\u00f1al\u00f3 que las pacientes necesitan avanzar en las demandadas soluciones.<\/p>\n<p style=\"text-align: justify;\">\u201cPor Francisca, por Daniela, por Paola, por Nadia, por la Carlita y por tantas que no debieron partir a tan temprana edad. Ellas no llegaron tarde, el sistema lleg\u00f3 tarde. Necesitamos un Acuerdo de Riesgo Compartido ahora, entre la industria farmac\u00e9utica y el Ministerio de Salud. Necesitamos vivir. No nos dejen morir. El tiempo avanza y para nosotras, eso hace la diferencia entre vivir o morir\u201d, manifest\u00f3 Araya.<\/p>\n<p style=\"text-align: justify;\">Del mismo modo, Mar\u00eda Elisabeth Guesalaga, presidenta de Fundaci\u00f3n Mujeres por un Lazo, sostuvo que \u201ctodos los a\u00f1os entre 600 y 800 mujeres son diagnosticadas de c\u00e1ncer de mama triple negativo en nuestro pa\u00eds. En general, son mujeres j\u00f3venes menores de 40 a\u00f1os y que lamentablemente no cuentan con ning\u00fan tipo de tratamiento innovador o drogas de alto costo cubiertos en el Sistema P\u00fablico. Esta realidad necesitamos que cambie de manera urgente. Estas mujeres est\u00e1n viendo afectada su calidad de vida y en muchos casos pierden la vida\u201d.<\/p>\n<p style=\"text-align: justify;\">La presidenta y activista por las pacientes con distintos tipos de c\u00e1ncer de mama tambi\u00e9n agradeci\u00f3 las gestiones y los oficios de la parlamentaria en beneficio de que estas demandas sean conocidas por el Ejecutivo. \u201cEl trabajo que hemos venido realizando en Fundaci\u00f3n Mujeres Cruz Lazo junto a la Asociaci\u00f3n Triple Negativa, Siempre Positiva, ha sido extremada mente relevante y no hubiera sido posible sin el apoyo de la senadora Ximena Ordenes. Le estamos extremadamente agradecidos porque realmente ha sido un soporte vital para lograr todas las gestiones con el Ministerio de Salud\u201d.<\/p>\n<p style=\"text-align: justify;\">\u201cHoy estamos a la espera. Tenemos una urgencia. Necesitamos que se cumplan los acuerdos tomados en noviembre del a\u00f1o pasado en el marco de la Ley de Presupuesto 2025\u201d, cerr\u00f3 Mar\u00eda Elisabeth Guesalaga.<\/p>\n<\/div><\/section><\/div><div  style='height:50px' class='hr hr-invisible   avia-builder-el-6  el_after_av_one_full  el_before_av_social_share '><span class='hr-inner ' ><span class='hr-inner-style'><\/span><\/span><\/div><\/p>\n<div  class='av-social-sharing-box  avia-builder-el-7  el_after_av_hr  el_before_av_hr  '><div class='av-share-box'><h5 class='av-share-link-description av-no-toc '>Compartir esta noticia<\/h5><ul class='av-share-box-list noLightbox'><li class='av-share-link av-social-link-facebook' ><a target=\"_blank\" aria-label=\"Compartir en Facebook\" href='https:\/\/www.facebook.com\/sharer.php?u=https:\/\/radiorevelacionfm.cl\/?p=56930&#038;t=C%C3%A1ncer%20de%20mama%20triple%20negativo%3A%20Senadora%20%C3%93rdenes%20pide%20al%20ejecutivo%20avanzar%20en%20una%20respuesta%20para%20las%20pacientes' aria-hidden='false' data-av_icon='\ue8f3' data-av_iconfont='entypo-fontello' title='' data-avia-related-tooltip='Compartir en Facebook' rel=\"noopener\"><span class='avia_hidden_link_text'>Compartir en Facebook<\/span><\/a><\/li><li class='av-share-link av-social-link-twitter' ><a target=\"_blank\" aria-label=\"Compartir en Twitter\" href='https:\/\/twitter.com\/share?text=C%C3%A1ncer%20de%20mama%20triple%20negativo%3A%20Senadora%20%C3%93rdenes%20pide%20al%20ejecutivo%20avanzar%20en%20una%20respuesta%20para%20las%20pacientes&#038;url=https:\/\/radiorevelacionfm.cl\/?p=56930' aria-hidden='false' data-av_icon='\ue8f1' data-av_iconfont='entypo-fontello' title='' data-avia-related-tooltip='Compartir en Twitter' rel=\"noopener\"><span class='avia_hidden_link_text'>Compartir en Twitter<\/span><\/a><\/li><li class='av-share-link av-social-link-whatsapp' ><a target=\"_blank\" aria-label=\"Compartir en Whatsapp\" href='https:\/\/api.whatsapp.com\/send?text=https:\/\/radiorevelacionfm.cl\/?p=56930' aria-hidden='false' data-av_icon='\uf232' data-av_iconfont='entypo-fontello' title='' data-avia-related-tooltip='Compartir en Whatsapp' rel=\"noopener\"><span class='avia_hidden_link_text'>Compartir en Whatsapp<\/span><\/a><\/li><li class='av-share-link av-social-link-linkedin' ><a target=\"_blank\" aria-label=\"Compartir en LinkedIn\" href='https:\/\/linkedin.com\/shareArticle?mini=true&#038;title=C%C3%A1ncer%20de%20mama%20triple%20negativo%3A%20Senadora%20%C3%93rdenes%20pide%20al%20ejecutivo%20avanzar%20en%20una%20respuesta%20para%20las%20pacientes&#038;url=https:\/\/radiorevelacionfm.cl\/?p=56930' aria-hidden='false' data-av_icon='\ue8fc' data-av_iconfont='entypo-fontello' title='' data-avia-related-tooltip='Compartir en LinkedIn' rel=\"noopener\"><span class='avia_hidden_link_text'>Compartir en LinkedIn<\/span><\/a><\/li><li class='av-share-link av-social-link-mail' ><a  aria-label=\"Compartir por correo\" href='mailto:?subject=C%C3%A1ncer%20de%20mama%20triple%20negativo%3A%20Senadora%20%C3%93rdenes%20pide%20al%20ejecutivo%20avanzar%20en%20una%20respuesta%20para%20las%20pacientes&#038;body=https:\/\/radiorevelacionfm.cl\/?p=56930' aria-hidden='false' data-av_icon='\ue805' data-av_iconfont='entypo-fontello' title='' data-avia-related-tooltip='Compartir por correo'><span class='avia_hidden_link_text'>Compartir por correo<\/span><\/a><\/li><\/ul><\/div><\/div>\n<div  style='height:50px' class='hr hr-invisible   avia-builder-el-8  el_after_av_social_share  el_before_av_comments_list '><span class='hr-inner ' ><span class='hr-inner-style'><\/span><\/span><\/div>\n<div  class='av-buildercomment  av-blog-meta-html-info-disabled av-blog-meta-tag-disabled  '><\/div>\n","protected":false},"excerpt":{"rendered":"","protected":false},"author":1,"featured_media":56931,"comment_status":"closed","ping_status":"closed","sticky":false,"template":"","format":"standard","meta":{"footnotes":""},"categories":[35],"tags":[],"class_list":["post-56930","post","type-post","status-publish","format-standard","has-post-thumbnail","hentry","category-politica"],"jetpack_featured_media_url":"https:\/\/radiorevelacionfm.cl\/wp-content\/uploads\/2025\/07\/FOTO-20-1-1.jpeg","_links":{"self":[{"href":"https:\/\/radiorevelacionfm.cl\/index.php?rest_route=\/wp\/v2\/posts\/56930","targetHints":{"allow":["GET"]}}],"collection":[{"href":"https:\/\/radiorevelacionfm.cl\/index.php?rest_route=\/wp\/v2\/posts"}],"about":[{"href":"https:\/\/radiorevelacionfm.cl\/index.php?rest_route=\/wp\/v2\/types\/post"}],"author":[{"embeddable":true,"href":"https:\/\/radiorevelacionfm.cl\/index.php?rest_route=\/wp\/v2\/users\/1"}],"replies":[{"embeddable":true,"href":"https:\/\/radiorevelacionfm.cl\/index.php?rest_route=%2Fwp%2Fv2%2Fcomments&post=56930"}],"version-history":[{"count":3,"href":"https:\/\/radiorevelacionfm.cl\/index.php?rest_route=\/wp\/v2\/posts\/56930\/revisions"}],"predecessor-version":[{"id":56943,"href":"https:\/\/radiorevelacionfm.cl\/index.php?rest_route=\/wp\/v2\/posts\/56930\/revisions\/56943"}],"wp:featuredmedia":[{"embeddable":true,"href":"https:\/\/radiorevelacionfm.cl\/index.php?rest_route=\/wp\/v2\/media\/56931"}],"wp:attachment":[{"href":"https:\/\/radiorevelacionfm.cl\/index.php?rest_route=%2Fwp%2Fv2%2Fmedia&parent=56930"}],"wp:term":[{"taxonomy":"category","embeddable":true,"href":"https:\/\/radiorevelacionfm.cl\/index.php?rest_route=%2Fwp%2Fv2%2Fcategories&post=56930"},{"taxonomy":"post_tag","embeddable":true,"href":"https:\/\/radiorevelacionfm.cl\/index.php?rest_route=%2Fwp%2Fv2%2Ftags&post=56930"}],"curies":[{"name":"wp","href":"https:\/\/api.w.org\/{rel}","templated":true}]}}