{"id":56927,"date":"2025-07-25T18:08:03","date_gmt":"2025-07-25T21:08:03","guid":{"rendered":"https:\/\/radiorevelacionfm.cl\/?p=56927"},"modified":"2025-07-25T18:08:03","modified_gmt":"2025-07-25T21:08:03","slug":"seremi-de-agricultura-destaca-presencia-de-servicios-del-agro-en-terreno-ante-monitoreo-por-sistema-frontal-en-aysen","status":"publish","type":"post","link":"https:\/\/radiorevelacionfm.cl\/?p=56927","title":{"rendered":"Seremi de Agricultura destaca presencia de servicios del agro en terreno ante monitoreo por sistema frontal en Ays\u00e9n"},"content":{"rendered":"<div class=\"flex_column av_one_full  flex_column_div av-zero-column-padding first  avia-builder-el-0  el_before_av_one_full  avia-builder-el-first  \" style='border-radius:0px; '><div  class='avia-image-container  av-styling-    avia-builder-el-1  avia-builder-el-no-sibling  avia-align-center '  itemprop=\"image\" itemscope=\"itemscope\" itemtype=\"https:\/\/schema.org\/ImageObject\"  ><div class='avia-image-container-inner'><div class='avia-image-overlay-wrap'><img decoding=\"async\" class='wp-image-56928 avia-img-lazy-loading-not-56928 avia_image' src=\"https:\/\/radiorevelacionfm.cl\/wp-content\/uploads\/2025\/07\/SEREMI-EUGENIO-RUIZ_AYSEN-1-1.jpeg\" alt='' title='SEREMI EUGENIO RUIZ_AYS\u00c9N (1) (1)' height=\"600\" width=\"800\"  itemprop=\"thumbnailUrl\" srcset=\"https:\/\/radiorevelacionfm.cl\/wp-content\/uploads\/2025\/07\/SEREMI-EUGENIO-RUIZ_AYSEN-1-1.jpeg 800w, https:\/\/radiorevelacionfm.cl\/wp-content\/uploads\/2025\/07\/SEREMI-EUGENIO-RUIZ_AYSEN-1-1-300x225.jpeg 300w, https:\/\/radiorevelacionfm.cl\/wp-content\/uploads\/2025\/07\/SEREMI-EUGENIO-RUIZ_AYSEN-1-1-768x576.jpeg 768w, https:\/\/radiorevelacionfm.cl\/wp-content\/uploads\/2025\/07\/SEREMI-EUGENIO-RUIZ_AYSEN-1-1-705x529.jpeg 705w, https:\/\/radiorevelacionfm.cl\/wp-content\/uploads\/2025\/07\/SEREMI-EUGENIO-RUIZ_AYSEN-1-1-450x338.jpeg 450w, https:\/\/radiorevelacionfm.cl\/wp-content\/uploads\/2025\/07\/SEREMI-EUGENIO-RUIZ_AYSEN-1-1-600x450.jpeg 600w\" sizes=\"(max-width: 800px) 100vw, 800px\" \/><\/div><\/div><\/div><\/div><div class=\"flex_column av_one_full  flex_column_div av-zero-column-padding first  avia-builder-el-2  el_after_av_one_full  el_before_av_one_full  column-top-margin\" style='border-radius:0px; '><section class=\"av_textblock_section \"  itemscope=\"itemscope\" itemtype=\"https:\/\/schema.org\/BlogPosting\" itemprop=\"blogPost\" ><div class='avia_textblock  '   itemprop=\"text\" ><p style=\"text-align: center;\"><strong><span style=\"font-size: 18pt;\">Seremi de Agricultura destaca presencia de servicios del agro en terreno ante monitoreo por sistema frontal en Ays\u00e9n<\/span><\/strong><\/p>\n<div id=\"gtx-trans\" style=\"position: absolute; left: -50px; top: 4.31534px;\">\n<div class=\"gtx-trans-icon\"><\/div>\n<\/div>\n<\/div><\/section><\/div><div class=\"flex_column av_one_full  flex_column_div av-zero-column-padding first  avia-builder-el-4  el_after_av_one_full  el_before_av_hr  column-top-margin\" style='border-radius:0px; '><section class=\"av_textblock_section \"  itemscope=\"itemscope\" itemtype=\"https:\/\/schema.org\/BlogPosting\" itemprop=\"blogPost\" ><div class='avia_textblock  '   itemprop=\"text\" ><p style=\"text-align: justify;\"><em>En respuesta a la alerta temprana preventiva que activ\u00f3 Senapred entre el viernes 11 al lunes 21 de julio.<\/em><\/p>\n<p style=\"text-align: justify;\">De acuerdo con las afectaciones que provoc\u00f3 el \u00faltimo sistema frontal en la regi\u00f3n de Ays\u00e9n, y tras las resoluciones del COGRID Regional desarrollado el pasado 15 de julio en Senapred con la participaci\u00f3n del agro, los servicios regionales del Ministerio de Agricultura desarrollaron un positivo despliegue en los sectores rurales de las zonas afectadas.<\/p>\n<p style=\"text-align: justify;\">As\u00ed lo detall\u00f3 el seremi de Agricultura, Eugenio Ruiz Espinoza, destacando la constante permanencia de los profesionales de SAG e INDAP en terreno. \u00abLas y los profesionales de Agricultura que se desempe\u00f1an en las Agencias de \u00c1rea y Oficinas Sectoriales est\u00e1n durante todo el a\u00f1o en contacto con productores y campesinos, en especial cuando existen fen\u00f3menos como alertas meteorol\u00f3gicas que afectan a zonas rurales\u00bb.<\/p>\n<p style=\"text-align: justify;\">\u00abHemos conversado con dirigentes de distintos sectores de la regi\u00f3n para constatar cualquier anomal\u00eda y agradecemos la constante voluntad de di\u00e1logo con nuestras usuarias y usuarios. Auxiliamos en tramitar cr\u00e9ditos de INDAP para la compra de forraje, y adicionalmente, reforzamos la presencia del agro a trav\u00e9s de los prodesales municipales que contrata nuestro ministerio\u00bb, indic\u00f3 el secretario regional ministerial.<\/p>\n<p style=\"text-align: justify;\">De esta manera, la autoridad valor\u00f3 el compromiso de los municipios regionales en apoyarse con las y los profesionales prodesal que permiten robustecer el monitoreo comunal en beneficio de las personas, equipos que son puntualmente gestionados por convenio desde el Ministerio de Agricultura a trav\u00e9s de INDAP.<\/p>\n<p style=\"text-align: justify;\">Asimismo, los servicios del agro dieron cuenta de la totalidad de sectores y comunas afectadas, como tambi\u00e9n aquellos que no presentaron novedades ni reportes de potenciales emergencias. Visitas a usuarios, radios HF activas, canales de comunicaci\u00f3n directos con campesinos, monitoreo de SAG ante contingencias con animales y recepci\u00f3n de denuncias sobre otras anomal\u00edas silvoagropecuarias son parte de las permanentes acciones en terreno.<\/p>\n<p style=\"text-align: justify;\">Finalmente, la autoridad regional del agro reiter\u00f3 la importancia de informarse por canales oficiales, tomar medidas de prevenci\u00f3n a tiempo, que titulares de animales mantengan la Declaraci\u00f3n de Existencia Animal (DEA) al d\u00eda, adem\u00e1s de que puedan informarse en la Agencia de \u00c1rea m\u00e1s cercana a su domicilio sobre alternativas de Agroseguros, como el seguro ganadero. \u00abEl compromiso del Gobierno y del Ministerio de Agricultura con las familias campesinas es una prioridad y hemos permanecido trabajando en esa direcci\u00f3n\u00bb, concluy\u00f3 Ruiz.<\/p>\n<\/div><\/section><\/div><div  style='height:50px' class='hr hr-invisible   avia-builder-el-6  el_after_av_one_full  el_before_av_social_share '><span class='hr-inner ' ><span class='hr-inner-style'><\/span><\/span><\/div><\/p>\n<div  class='av-social-sharing-box  avia-builder-el-7  el_after_av_hr  el_before_av_hr  '><div class='av-share-box'><h5 class='av-share-link-description av-no-toc '>Compartir esta noticia<\/h5><ul class='av-share-box-list noLightbox'><li class='av-share-link av-social-link-facebook' ><a target=\"_blank\" aria-label=\"Compartir en Facebook\" href='https:\/\/www.facebook.com\/sharer.php?u=https:\/\/radiorevelacionfm.cl\/?p=56927&#038;t=Seremi%20de%20Agricultura%20destaca%20presencia%20de%20servicios%20del%20agro%20en%20terreno%20ante%20monitoreo%20por%20sistema%20frontal%20en%20Ays%C3%A9n' aria-hidden='false' data-av_icon='\ue8f3' data-av_iconfont='entypo-fontello' title='' data-avia-related-tooltip='Compartir en Facebook' rel=\"noopener\"><span class='avia_hidden_link_text'>Compartir en Facebook<\/span><\/a><\/li><li class='av-share-link av-social-link-twitter' ><a target=\"_blank\" aria-label=\"Compartir en Twitter\" href='https:\/\/twitter.com\/share?text=Seremi%20de%20Agricultura%20destaca%20presencia%20de%20servicios%20del%20agro%20en%20terreno%20ante%20monitoreo%20por%20sistema%20frontal%20en%20Ays%C3%A9n&#038;url=https:\/\/radiorevelacionfm.cl\/?p=56927' aria-hidden='false' data-av_icon='\ue8f1' data-av_iconfont='entypo-fontello' title='' data-avia-related-tooltip='Compartir en Twitter' rel=\"noopener\"><span class='avia_hidden_link_text'>Compartir en Twitter<\/span><\/a><\/li><li class='av-share-link av-social-link-whatsapp' ><a target=\"_blank\" aria-label=\"Compartir en Whatsapp\" href='https:\/\/api.whatsapp.com\/send?text=https:\/\/radiorevelacionfm.cl\/?p=56927' aria-hidden='false' data-av_icon='\uf232' data-av_iconfont='entypo-fontello' title='' data-avia-related-tooltip='Compartir en Whatsapp' rel=\"noopener\"><span class='avia_hidden_link_text'>Compartir en Whatsapp<\/span><\/a><\/li><li class='av-share-link av-social-link-linkedin' ><a target=\"_blank\" aria-label=\"Compartir en LinkedIn\" href='https:\/\/linkedin.com\/shareArticle?mini=true&#038;title=Seremi%20de%20Agricultura%20destaca%20presencia%20de%20servicios%20del%20agro%20en%20terreno%20ante%20monitoreo%20por%20sistema%20frontal%20en%20Ays%C3%A9n&#038;url=https:\/\/radiorevelacionfm.cl\/?p=56927' aria-hidden='false' data-av_icon='\ue8fc' data-av_iconfont='entypo-fontello' title='' data-avia-related-tooltip='Compartir en LinkedIn' rel=\"noopener\"><span class='avia_hidden_link_text'>Compartir en LinkedIn<\/span><\/a><\/li><li class='av-share-link av-social-link-mail' ><a  aria-label=\"Compartir por correo\" href='mailto:?subject=Seremi%20de%20Agricultura%20destaca%20presencia%20de%20servicios%20del%20agro%20en%20terreno%20ante%20monitoreo%20por%20sistema%20frontal%20en%20Ays%C3%A9n&#038;body=https:\/\/radiorevelacionfm.cl\/?p=56927' aria-hidden='false' data-av_icon='\ue805' data-av_iconfont='entypo-fontello' title='' data-avia-related-tooltip='Compartir por correo'><span class='avia_hidden_link_text'>Compartir por correo<\/span><\/a><\/li><\/ul><\/div><\/div>\n<div  style='height:50px' class='hr hr-invisible   avia-builder-el-8  el_after_av_social_share  el_before_av_comments_list '><span class='hr-inner ' ><span class='hr-inner-style'><\/span><\/span><\/div>\n<div  class='av-buildercomment  av-blog-meta-html-info-disabled av-blog-meta-tag-disabled  '><\/div>\n","protected":false},"excerpt":{"rendered":"","protected":false},"author":1,"featured_media":56928,"comment_status":"closed","ping_status":"closed","sticky":false,"template":"","format":"standard","meta":{"footnotes":""},"categories":[58],"tags":[],"class_list":["post-56927","post","type-post","status-publish","format-standard","has-post-thumbnail","hentry","category-agricultura"],"jetpack_featured_media_url":"https:\/\/radiorevelacionfm.cl\/wp-content\/uploads\/2025\/07\/SEREMI-EUGENIO-RUIZ_AYSEN-1-1.jpeg","_links":{"self":[{"href":"https:\/\/radiorevelacionfm.cl\/index.php?rest_route=\/wp\/v2\/posts\/56927","targetHints":{"allow":["GET"]}}],"collection":[{"href":"https:\/\/radiorevelacionfm.cl\/index.php?rest_route=\/wp\/v2\/posts"}],"about":[{"href":"https:\/\/radiorevelacionfm.cl\/index.php?rest_route=\/wp\/v2\/types\/post"}],"author":[{"embeddable":true,"href":"https:\/\/radiorevelacionfm.cl\/index.php?rest_route=\/wp\/v2\/users\/1"}],"replies":[{"embeddable":true,"href":"https:\/\/radiorevelacionfm.cl\/index.php?rest_route=%2Fwp%2Fv2%2Fcomments&post=56927"}],"version-history":[{"count":2,"href":"https:\/\/radiorevelacionfm.cl\/index.php?rest_route=\/wp\/v2\/posts\/56927\/revisions"}],"predecessor-version":[{"id":56950,"href":"https:\/\/radiorevelacionfm.cl\/index.php?rest_route=\/wp\/v2\/posts\/56927\/revisions\/56950"}],"wp:featuredmedia":[{"embeddable":true,"href":"https:\/\/radiorevelacionfm.cl\/index.php?rest_route=\/wp\/v2\/media\/56928"}],"wp:attachment":[{"href":"https:\/\/radiorevelacionfm.cl\/index.php?rest_route=%2Fwp%2Fv2%2Fmedia&parent=56927"}],"wp:term":[{"taxonomy":"category","embeddable":true,"href":"https:\/\/radiorevelacionfm.cl\/index.php?rest_route=%2Fwp%2Fv2%2Fcategories&post=56927"},{"taxonomy":"post_tag","embeddable":true,"href":"https:\/\/radiorevelacionfm.cl\/index.php?rest_route=%2Fwp%2Fv2%2Ftags&post=56927"}],"curies":[{"name":"wp","href":"https:\/\/api.w.org\/{rel}","templated":true}]}}