{"id":56925,"date":"2025-07-24T20:32:36","date_gmt":"2025-07-24T23:32:36","guid":{"rendered":"https:\/\/radiorevelacionfm.cl\/?p=56925"},"modified":"2025-07-24T20:32:36","modified_gmt":"2025-07-24T23:32:36","slug":"mesa-regional-intersectorial-urgente-melinka-reclama-atencion-los-anos-de-inaccion-pasan-la-cuenta","status":"publish","type":"post","link":"https:\/\/radiorevelacionfm.cl\/?p=56925","title":{"rendered":"Mesa Regional Intersectorial Urgente, Melinka reclama atenci\u00f3n; los a\u00f1os de inacci\u00f3n pasan la cuenta"},"content":{"rendered":"<div class=\"flex_column av_one_full  flex_column_div av-zero-column-padding first  avia-builder-el-0  el_before_av_one_full  avia-builder-el-first  \" style='border-radius:0px; '><div  class='avia-image-container  av-styling-    avia-builder-el-1  avia-builder-el-no-sibling  avia-align-center '  itemprop=\"image\" itemscope=\"itemscope\" itemtype=\"https:\/\/schema.org\/ImageObject\"  ><div class='avia-image-container-inner'><div class='avia-image-overlay-wrap'><img decoding=\"async\" class='wp-image-33039 avia-img-lazy-loading-not-33039 avia_image' src=\"https:\/\/radiorevelacionfm.cl\/wp-content\/uploads\/2023\/07\/Melinka_2-1-1.jpg\" alt='' title='Melinka_2 (1) (1)' height=\"600\" width=\"974\"  itemprop=\"thumbnailUrl\" srcset=\"https:\/\/radiorevelacionfm.cl\/wp-content\/uploads\/2023\/07\/Melinka_2-1-1.jpg 974w, https:\/\/radiorevelacionfm.cl\/wp-content\/uploads\/2023\/07\/Melinka_2-1-1-300x185.jpg 300w, https:\/\/radiorevelacionfm.cl\/wp-content\/uploads\/2023\/07\/Melinka_2-1-1-768x473.jpg 768w, https:\/\/radiorevelacionfm.cl\/wp-content\/uploads\/2023\/07\/Melinka_2-1-1-705x434.jpg 705w, https:\/\/radiorevelacionfm.cl\/wp-content\/uploads\/2023\/07\/Melinka_2-1-1-450x277.jpg 450w, https:\/\/radiorevelacionfm.cl\/wp-content\/uploads\/2023\/07\/Melinka_2-1-1-600x370.jpg 600w\" sizes=\"(max-width: 974px) 100vw, 974px\" \/><\/div><\/div><\/div><\/div><div class=\"flex_column av_one_full  flex_column_div av-zero-column-padding first  avia-builder-el-2  el_after_av_one_full  el_before_av_one_full  column-top-margin\" style='border-radius:0px; '><section class=\"av_textblock_section \"  itemscope=\"itemscope\" itemtype=\"https:\/\/schema.org\/BlogPosting\" itemprop=\"blogPost\" ><div class='avia_textblock  '   itemprop=\"text\" ><p style=\"text-align: center;\"><strong><span style=\"font-size: 18pt;\">Mesa Regional Intersectorial Urgente, Melinka reclama atenci\u00f3n; los a\u00f1os de inacci\u00f3n pasan la cuenta<\/span><\/strong><\/p>\n<div id=\"gtx-trans\" style=\"position: absolute; left: -50px; top: 4.31534px;\">\n<div class=\"gtx-trans-icon\"><\/div>\n<\/div>\n<\/div><\/section><\/div><div class=\"flex_column av_one_full  flex_column_div av-zero-column-padding first  avia-builder-el-4  el_after_av_one_full  el_before_av_hr  column-top-margin\" style='border-radius:0px; '><section class=\"av_textblock_section \"  itemscope=\"itemscope\" itemtype=\"https:\/\/schema.org\/BlogPosting\" itemprop=\"blogPost\" ><div class='avia_textblock  '   itemprop=\"text\" ><p style=\"text-align: justify;\">A ra\u00edz de las situaciones ya conocidas por la\u00a0 comunidad regional y que afectan a vecinos del borde costero de Melinka,\u00a0 el Alcalde de la Comuna Bans Puinao Carimoney,\u00a0 ha decidido convocar a\u00a0 distintos actores regionales jefes de servicio, Seremis, Procurador Regional\u00a0 y Autoridad Mar\u00edtima a una mesa ampliada de trabajo que defina las estrategias que permitan alcanzar soluciones definitivas: \u00abHoy nuestra comuna\u00a0 enfrenta una situaci\u00f3n dif\u00edcil de ordenamiento territorial que no solo afecta al borde costero, sino a la isla completa y que impide la proyecci\u00f3n y el desarrollo tanto humano como social\u00bb indico el edil.<\/p>\n<p style=\"text-align: justify;\">Por lo anterior, y considerando que es dif\u00edcil lograr que las autoridades regionales lleguen a la comuna\u00a0 ya sea por agenda, conectividad o inter\u00e9s, es que hemos decidido como Municipio llamar a la conformaci\u00f3n de esta mesa Regional cuya primera reuni\u00f3n se realiza este lunes 28 de julio en la ciudad de Coyhaique.<\/p>\n<p style=\"text-align: justify;\">\u00bb Para nosotros es\u00a0 fundamental que los Servicios convocados como Delegaci\u00f3n Presidencial, Mop, DOP, Gobernador Mar\u00edtimo, Seremi Minvu, Bienes Nacionales, Gobernador Regional, entre otros, respondan favorablemente al llamado de esta alejada comuna; que para mayor facilidad los cita en su propia localidad de residencia, Coyhaique y que participen de manera proactiva en las soluciones que buscamos, el objetivos es claro: abordar de manera integral los desaf\u00edos y oportunidades del borde costero y su relaci\u00f3n con la planificaci\u00f3n territorial de Guaitecas\u00bb, se\u00f1alo el alcalde.<\/p>\n<p style=\"text-align: justify;\">Esta instancia de trabajo colaborativo busca articular esfuerzos, saberes y responsabilidades entre distintos actores para avanzar hacia una planificaci\u00f3n participativa y sostenible del territorio como espacio estrat\u00e9gico para el desarrollo social, humano, econ\u00f3mico y ambiental.<\/p>\n<p style=\"text-align: justify;\">La conformaci\u00f3n de esta mesa permitir\u00e1:<\/p>\n<p style=\"text-align: justify;\">Diagnosticar el estado actual del borde costero y sus usos.<\/p>\n<p style=\"text-align: justify;\">Identificar conflictos y proyecciones territoriales en la comuna.<\/p>\n<p style=\"text-align: justify;\">Proponer lineamientos y acciones concretas a corto, mediano y largo plazo.<\/p>\n<p style=\"text-align: justify;\">Promover una mirada intersectorial e inclusiva del desarrollo comunal.<\/p>\n<p style=\"text-align: justify;\">La primera sesi\u00f3n de trabajo est\u00e1 programada para el d\u00eda lunes 28 de julio, en el sal\u00f3n del Gore ubicado en Gral. Parra # 101,\u00a0 a las 15:00 hrs., de la ciudad de Coyhaique.<\/p>\n<p style=\"text-align: justify;\">\u00abJuntos, podemos construir una planificaci\u00f3n territorial que responda a las necesidades actuales y proyecte un desarrollo con identidad, equidad y sostenibilidad para las futuras generaciones,\u00bb finaliz\u00f3 la primera autoridad comunal.<\/p>\n<\/div><\/section><\/div><div  style='height:50px' class='hr hr-invisible   avia-builder-el-6  el_after_av_one_full  el_before_av_social_share '><span class='hr-inner ' ><span class='hr-inner-style'><\/span><\/span><\/div><\/p>\n<div  class='av-social-sharing-box  avia-builder-el-7  el_after_av_hr  el_before_av_hr  '><div class='av-share-box'><h5 class='av-share-link-description av-no-toc '>Compartir esta noticia<\/h5><ul class='av-share-box-list noLightbox'><li class='av-share-link av-social-link-facebook' ><a target=\"_blank\" aria-label=\"Compartir en Facebook\" href='https:\/\/www.facebook.com\/sharer.php?u=https:\/\/radiorevelacionfm.cl\/?p=56925&#038;t=Mesa%20Regional%20Intersectorial%20Urgente%2C%20Melinka%20reclama%20atenci%C3%B3n%3B%20los%20a%C3%B1os%20de%20inacci%C3%B3n%20pasan%20la%20cuenta' aria-hidden='false' data-av_icon='\ue8f3' data-av_iconfont='entypo-fontello' title='' data-avia-related-tooltip='Compartir en Facebook' rel=\"noopener\"><span class='avia_hidden_link_text'>Compartir en Facebook<\/span><\/a><\/li><li class='av-share-link av-social-link-twitter' ><a target=\"_blank\" aria-label=\"Compartir en Twitter\" href='https:\/\/twitter.com\/share?text=Mesa%20Regional%20Intersectorial%20Urgente%2C%20Melinka%20reclama%20atenci%C3%B3n%3B%20los%20a%C3%B1os%20de%20inacci%C3%B3n%20pasan%20la%20cuenta&#038;url=https:\/\/radiorevelacionfm.cl\/?p=56925' aria-hidden='false' data-av_icon='\ue8f1' data-av_iconfont='entypo-fontello' title='' data-avia-related-tooltip='Compartir en Twitter' rel=\"noopener\"><span class='avia_hidden_link_text'>Compartir en Twitter<\/span><\/a><\/li><li class='av-share-link av-social-link-whatsapp' ><a target=\"_blank\" aria-label=\"Compartir en Whatsapp\" href='https:\/\/api.whatsapp.com\/send?text=https:\/\/radiorevelacionfm.cl\/?p=56925' aria-hidden='false' data-av_icon='\uf232' data-av_iconfont='entypo-fontello' title='' data-avia-related-tooltip='Compartir en Whatsapp' rel=\"noopener\"><span class='avia_hidden_link_text'>Compartir en Whatsapp<\/span><\/a><\/li><li class='av-share-link av-social-link-linkedin' ><a target=\"_blank\" aria-label=\"Compartir en LinkedIn\" href='https:\/\/linkedin.com\/shareArticle?mini=true&#038;title=Mesa%20Regional%20Intersectorial%20Urgente%2C%20Melinka%20reclama%20atenci%C3%B3n%3B%20los%20a%C3%B1os%20de%20inacci%C3%B3n%20pasan%20la%20cuenta&#038;url=https:\/\/radiorevelacionfm.cl\/?p=56925' aria-hidden='false' data-av_icon='\ue8fc' data-av_iconfont='entypo-fontello' title='' data-avia-related-tooltip='Compartir en LinkedIn' rel=\"noopener\"><span class='avia_hidden_link_text'>Compartir en LinkedIn<\/span><\/a><\/li><li class='av-share-link av-social-link-mail' ><a  aria-label=\"Compartir por correo\" href='mailto:?subject=Mesa%20Regional%20Intersectorial%20Urgente%2C%20Melinka%20reclama%20atenci%C3%B3n%3B%20los%20a%C3%B1os%20de%20inacci%C3%B3n%20pasan%20la%20cuenta&#038;body=https:\/\/radiorevelacionfm.cl\/?p=56925' aria-hidden='false' data-av_icon='\ue805' data-av_iconfont='entypo-fontello' title='' data-avia-related-tooltip='Compartir por correo'><span class='avia_hidden_link_text'>Compartir por correo<\/span><\/a><\/li><\/ul><\/div><\/div>\n<div  style='height:50px' class='hr hr-invisible   avia-builder-el-8  el_after_av_social_share  el_before_av_comments_list '><span class='hr-inner ' ><span class='hr-inner-style'><\/span><\/span><\/div>\n<div  class='av-buildercomment  av-blog-meta-html-info-disabled av-blog-meta-tag-disabled  '><\/div>\n","protected":false},"excerpt":{"rendered":"","protected":false},"author":1,"featured_media":33039,"comment_status":"closed","ping_status":"closed","sticky":false,"template":"","format":"standard","meta":{"footnotes":""},"categories":[38],"tags":[],"class_list":["post-56925","post","type-post","status-publish","format-standard","has-post-thumbnail","hentry","category-regional"],"jetpack_featured_media_url":"https:\/\/radiorevelacionfm.cl\/wp-content\/uploads\/2023\/07\/Melinka_2-1-1.jpg","_links":{"self":[{"href":"https:\/\/radiorevelacionfm.cl\/index.php?rest_route=\/wp\/v2\/posts\/56925","targetHints":{"allow":["GET"]}}],"collection":[{"href":"https:\/\/radiorevelacionfm.cl\/index.php?rest_route=\/wp\/v2\/posts"}],"about":[{"href":"https:\/\/radiorevelacionfm.cl\/index.php?rest_route=\/wp\/v2\/types\/post"}],"author":[{"embeddable":true,"href":"https:\/\/radiorevelacionfm.cl\/index.php?rest_route=\/wp\/v2\/users\/1"}],"replies":[{"embeddable":true,"href":"https:\/\/radiorevelacionfm.cl\/index.php?rest_route=%2Fwp%2Fv2%2Fcomments&post=56925"}],"version-history":[{"count":2,"href":"https:\/\/radiorevelacionfm.cl\/index.php?rest_route=\/wp\/v2\/posts\/56925\/revisions"}],"predecessor-version":[{"id":56939,"href":"https:\/\/radiorevelacionfm.cl\/index.php?rest_route=\/wp\/v2\/posts\/56925\/revisions\/56939"}],"wp:featuredmedia":[{"embeddable":true,"href":"https:\/\/radiorevelacionfm.cl\/index.php?rest_route=\/wp\/v2\/media\/33039"}],"wp:attachment":[{"href":"https:\/\/radiorevelacionfm.cl\/index.php?rest_route=%2Fwp%2Fv2%2Fmedia&parent=56925"}],"wp:term":[{"taxonomy":"category","embeddable":true,"href":"https:\/\/radiorevelacionfm.cl\/index.php?rest_route=%2Fwp%2Fv2%2Fcategories&post=56925"},{"taxonomy":"post_tag","embeddable":true,"href":"https:\/\/radiorevelacionfm.cl\/index.php?rest_route=%2Fwp%2Fv2%2Ftags&post=56925"}],"curies":[{"name":"wp","href":"https:\/\/api.w.org\/{rel}","templated":true}]}}