{"id":56921,"date":"2025-07-24T19:02:31","date_gmt":"2025-07-24T22:02:31","guid":{"rendered":"https:\/\/radiorevelacionfm.cl\/?p=56921"},"modified":"2025-07-24T19:02:31","modified_gmt":"2025-07-24T22:02:31","slug":"sacfi-aysen-logra-sentencia-condenatoria-contra-organizacion-criminal-compuesta-por-ex-funcionario-de-carabineros-y-una-contadora","status":"publish","type":"post","link":"https:\/\/radiorevelacionfm.cl\/?p=56921","title":{"rendered":"SACFI Ays\u00e9n logra sentencia condenatoria contra organizaci\u00f3n criminal compuesta por ex funcionario de Carabineros y una contadora"},"content":{"rendered":"<div class=\"flex_column av_one_full  flex_column_div av-zero-column-padding first  avia-builder-el-0  el_before_av_one_full  avia-builder-el-first  \" style='border-radius:0px; '><div  class='avia-image-container  av-styling-    avia-builder-el-1  avia-builder-el-no-sibling  avia-align-center '  itemprop=\"image\" itemscope=\"itemscope\" itemtype=\"https:\/\/schema.org\/ImageObject\"  ><div class='avia-image-container-inner'><div class='avia-image-overlay-wrap'><img decoding=\"async\" class='wp-image-56922 avia-img-lazy-loading-not-56922 avia_image' src=\"https:\/\/radiorevelacionfm.cl\/wp-content\/uploads\/2025\/07\/SAcfi_Aysen-copia-1-1.jpg\" alt='' title='SAcfi_Aysen - copia (1) (1)' height=\"600\" width=\"900\"  itemprop=\"thumbnailUrl\" srcset=\"https:\/\/radiorevelacionfm.cl\/wp-content\/uploads\/2025\/07\/SAcfi_Aysen-copia-1-1.jpg 900w, https:\/\/radiorevelacionfm.cl\/wp-content\/uploads\/2025\/07\/SAcfi_Aysen-copia-1-1-300x200.jpg 300w, https:\/\/radiorevelacionfm.cl\/wp-content\/uploads\/2025\/07\/SAcfi_Aysen-copia-1-1-768x512.jpg 768w, https:\/\/radiorevelacionfm.cl\/wp-content\/uploads\/2025\/07\/SAcfi_Aysen-copia-1-1-705x470.jpg 705w, https:\/\/radiorevelacionfm.cl\/wp-content\/uploads\/2025\/07\/SAcfi_Aysen-copia-1-1-450x300.jpg 450w, https:\/\/radiorevelacionfm.cl\/wp-content\/uploads\/2025\/07\/SAcfi_Aysen-copia-1-1-600x400.jpg 600w\" sizes=\"(max-width: 900px) 100vw, 900px\" \/><\/div><\/div><\/div><\/div><div class=\"flex_column av_one_full  flex_column_div av-zero-column-padding first  avia-builder-el-2  el_after_av_one_full  el_before_av_one_full  column-top-margin\" style='border-radius:0px; '><section class=\"av_textblock_section \"  itemscope=\"itemscope\" itemtype=\"https:\/\/schema.org\/BlogPosting\" itemprop=\"blogPost\" ><div class='avia_textblock  '   itemprop=\"text\" ><p style=\"text-align: center;\"><span style=\"font-size: 18pt;\"><b>SACFI Ays\u00e9n logra sentencia condenatoria contra organizaci\u00f3n criminal compuesta por ex funcionario de Carabineros y una contadora<\/b><\/span><\/p>\n<div id=\"gtx-trans\" style=\"position: absolute; left: -50px; top: 4.31534px;\">\n<div class=\"gtx-trans-icon\"><\/div>\n<\/div>\n<\/div><\/section><\/div><div class=\"flex_column av_one_full  flex_column_div av-zero-column-padding first  avia-builder-el-4  el_after_av_one_full  el_before_av_hr  column-top-margin\" style='border-radius:0px; '><section class=\"av_textblock_section \"  itemscope=\"itemscope\" itemtype=\"https:\/\/schema.org\/BlogPosting\" itemprop=\"blogPost\" ><div class='avia_textblock  '   itemprop=\"text\" ><p class=\"v1MsoNormal\" style=\"text-align: justify;\"><em>Hechos ocurrieron entre los meses de agosto del a\u00f1o 2021 y febrero del 2022.<\/em><\/p>\n<p class=\"v1MsoNormal\" style=\"text-align: justify;\">La Unidad de An\u00e1lisis Criminal y Focos Investigativos de la Fiscal\u00eda Regional de Ays\u00e9n logr\u00f3 desbaratar y condenar a imputados que estafaban a v\u00edctimas mediante la supuesta venta de veh\u00edculos en r\u00e9gimen de Zona Franca.<\/p>\n<p class=\"v1MsoNormal\" style=\"text-align: justify;\">En el marco de un Procedimiento Abreviado efectuado ante el Juzgado de Garant\u00eda de Coyhaique, la Unidad de An\u00e1lisis Criminal y Focos Investigativos de la Fiscal\u00eda Regional de Ays\u00e9n (SACFI), obtuvo una sentencia condenatoria en una investigaci\u00f3n con 15 casos de estafa en la venta de veh\u00edculos, ejecutados por una organizaci\u00f3n criminal compuesta por un ex funcionario de Carabineros de 43 a\u00f1os, quien cumpli\u00f3 funciones en la capital regional y una contadora de 46 a\u00f1os.<\/p>\n<p class=\"v1MsoNormal\" style=\"text-align: justify;\">Estos delitos afectaron a personas a quienes se les ofrec\u00eda la venta de autom\u00f3viles en la Regi\u00f3n de Ays\u00e9n, bajo la modalidad de zona franca, aprovechando su calidad de funcionario p\u00fablico, con lo cual vulneraba la confianza de los compradores para concretar el enga\u00f1o.<\/p>\n<p class=\"v1MsoNormal\" style=\"text-align: justify;\">La investigaci\u00f3n fue liderada por el Fiscal Jefe de la Unidad de An\u00e1lisis Criminal y Focos Investigativos, Luis Gonz\u00e1lez Aracena, en coordinaci\u00f3n con la Brigada Investigadora de Delitos Econ\u00f3micos de la Polic\u00eda de Investigaciones, quienes efectuaron diversas diligencias en este importante caso.<\/p>\n<p class=\"v1MsoNormal\" style=\"text-align: justify;\">MODUS OPERANDI<\/p>\n<p class=\"v1MsoNormal\" style=\"text-align: justify;\">El modus operandi de los condenados, quienes no registraban antecedentes penales previos, consist\u00eda en simular la venta de veh\u00edculos bajo el r\u00e9gimen de zona franca, utilizando una empresa previamente constituida para estos fines, denominada \u201cImportaciones de Veh\u00edculos y Accesorios Zona Franca F\u00e1cil Car SpA\u201d, la cual registr\u00f3 domicilio en calle Eusebio Lillo de Coyhaique.<\/p>\n<p class=\"v1MsoNormal\" style=\"text-align: justify;\">Los veh\u00edculos eran ofrecidos a trav\u00e9s de redes sociales y sitios dedicados a la compra y venta de estos medios de transporte, donde captaban a las v\u00edctimas y celebraban contratos ante notario para adquirir autom\u00f3viles que supuestamente ser\u00edan trasladados desde Iquique. Sin embargo, dicha modalidad formaba parte del enga\u00f1o, ya que nunca se realizaba la entrega de los veh\u00edculos comprometidos.<\/p>\n<p class=\"v1MsoNormal\" style=\"text-align: justify;\">Como parte del mecanismo de estafa y de acuerdo a lo planteado en los hechos de la acusaci\u00f3n de la Fiscal\u00eda, las v\u00edctimas pagaban una parte del precio al momento de suscribir el contrato, bajo la creencia de que el negocio era ver\u00eddico, quedando pendiente el remanente una vez fueran entregados los veh\u00edculos, lo cual nunca suced\u00eda.<\/p>\n<p class=\"v1MsoNormal\" style=\"text-align: justify;\">DINEROS<\/p>\n<p class=\"v1MsoNormal\" style=\"text-align: justify;\">As\u00ed, los autom\u00f3viles nunca llegaban ni eran realmente trasladados a Coyhaique, aduciendo falsamente el imputado, que hab\u00eda demoras o problemas en el traslado de estos. Tambi\u00e9n ofrec\u00eda hacer devoluciones parciales a las v\u00edctimas con el solo objeto de mantener la apariencia de cumplimiento del negocio.<\/p>\n<p class=\"v1MsoNormal\" style=\"text-align: justify;\">Paralelamente, estos dineros que utilizaban para las supuestas devoluciones proven\u00edan del pago que realizaban otras v\u00edctimas por contratos que continuaban efectuando, bajo la misma modalidad de enga\u00f1o ya descrita.<\/p>\n<p class=\"v1MsoNormal\" style=\"text-align: justify;\">Incluso, en el a\u00f1o 2020, el imputado contrat\u00f3 los servicios como contadora de la segunda imputada en esta causa, confiri\u00e9ndole tambi\u00e9n poder para actuar como representante de la empresa F\u00e1cil Car Spa.<\/p>\n<p class=\"v1MsoNormal\" style=\"text-align: justify;\">En esas circunstancias, entre los meses de agosto del a\u00f1o 2021 y febrero del 2022, ambos imputados, concertados entre s\u00ed, estafaron a numerosas v\u00edctimas.<\/p>\n<p class=\"v1MsoNormal\" style=\"text-align: justify;\">RETRIBUCI\u00d3N<\/p>\n<p class=\"v1MsoNormal\" style=\"text-align: justify;\">Como resultado de esta investigaci\u00f3n de la Unidad de An\u00e1lisis Criminal y Focos Investigativos\u00a0de la Fiscal\u00eda Regional de Ays\u00e9n, SACFI, se obtuvo una condena por el delito reiterado de estafa para ambos involucrados, donde el principal imputado -un ex funcionario de Carabineros- se mantuvo en prisi\u00f3n preventiva durante un a\u00f1o, tras haber sido formalizado.<\/p>\n<p class=\"v1MsoNormal\" style=\"text-align: justify;\">Finalmente, el fiscal Jefe de SACFI Ays\u00e9n, Luis Gonz\u00e1lez Aracena, inform\u00f3 que, junto a la condena por parte del Tribunal, se lograr\u00e1 subsanar -en parte- el perjuicio econ\u00f3mico causado a las v\u00edctimas, para lo cual el imputado se comprometi\u00f3 judicialmente a pagar un total superior a los 28 millones de pesos, los cuales ser\u00e1n repartidos en distintos montos entre las 15 v\u00edctimas de estafa.\u00a0<s>\u00a0<\/s><\/p>\n<p class=\"v1MsoNormal\" style=\"text-align: justify;\">Adem\u00e1s, el Juzgado de Garant\u00eda de Coyhaique conden\u00f3 al imputado a una pena de 4 a\u00f1os de presidio menor en su grado m\u00e1ximo y multa de 15 unidades tributarias mensuales, es decir un mill\u00f3n de pesos y la segunda involucrada fue condenada a tres a\u00f1os y un d\u00eda de presidio menor en su grado m\u00e1ximo, m\u00e1s una multa de 11 unidades tributarias mensuales, es decir cerca de 750 mil pesos.<\/p>\n<p class=\"v1MsoNormal\" style=\"text-align: justify;\">La Unidad de An\u00e1lisis Criminal y Focos Investigativos efectu\u00f3 un llamado a la comunidad a extremar las medidas de precauci\u00f3n al momento de comprar o vender veh\u00edculos, especialmente cuando se trate de empresas importadoras que operan bajo el r\u00e9gimen de zona franca.<\/p>\n<\/div><\/section><\/div><div  style='height:50px' class='hr hr-invisible   avia-builder-el-6  el_after_av_one_full  el_before_av_social_share '><span class='hr-inner ' ><span class='hr-inner-style'><\/span><\/span><\/div><\/p>\n<div  class='av-social-sharing-box  avia-builder-el-7  el_after_av_hr  el_before_av_hr  '><div class='av-share-box'><h5 class='av-share-link-description av-no-toc '>Compartir esta noticia<\/h5><ul class='av-share-box-list noLightbox'><li class='av-share-link av-social-link-facebook' ><a target=\"_blank\" aria-label=\"Compartir en Facebook\" href='https:\/\/www.facebook.com\/sharer.php?u=https:\/\/radiorevelacionfm.cl\/?p=56921&#038;t=SACFI%20Ays%C3%A9n%20logra%20sentencia%20condenatoria%20contra%20organizaci%C3%B3n%20criminal%20compuesta%20por%20ex%20funcionario%20de%20Carabineros%20y%20una%20contadora' aria-hidden='false' data-av_icon='\ue8f3' data-av_iconfont='entypo-fontello' title='' data-avia-related-tooltip='Compartir en Facebook' rel=\"noopener\"><span class='avia_hidden_link_text'>Compartir en Facebook<\/span><\/a><\/li><li class='av-share-link av-social-link-twitter' ><a target=\"_blank\" aria-label=\"Compartir en Twitter\" href='https:\/\/twitter.com\/share?text=SACFI%20Ays%C3%A9n%20logra%20sentencia%20condenatoria%20contra%20organizaci%C3%B3n%20criminal%20compuesta%20por%20ex%20funcionario%20de%20Carabineros%20y%20una%20contadora&#038;url=https:\/\/radiorevelacionfm.cl\/?p=56921' aria-hidden='false' data-av_icon='\ue8f1' data-av_iconfont='entypo-fontello' title='' data-avia-related-tooltip='Compartir en Twitter' rel=\"noopener\"><span class='avia_hidden_link_text'>Compartir en Twitter<\/span><\/a><\/li><li class='av-share-link av-social-link-whatsapp' ><a target=\"_blank\" aria-label=\"Compartir en Whatsapp\" href='https:\/\/api.whatsapp.com\/send?text=https:\/\/radiorevelacionfm.cl\/?p=56921' aria-hidden='false' data-av_icon='\uf232' data-av_iconfont='entypo-fontello' title='' data-avia-related-tooltip='Compartir en Whatsapp' rel=\"noopener\"><span class='avia_hidden_link_text'>Compartir en Whatsapp<\/span><\/a><\/li><li class='av-share-link av-social-link-linkedin' ><a target=\"_blank\" aria-label=\"Compartir en LinkedIn\" href='https:\/\/linkedin.com\/shareArticle?mini=true&#038;title=SACFI%20Ays%C3%A9n%20logra%20sentencia%20condenatoria%20contra%20organizaci%C3%B3n%20criminal%20compuesta%20por%20ex%20funcionario%20de%20Carabineros%20y%20una%20contadora&#038;url=https:\/\/radiorevelacionfm.cl\/?p=56921' aria-hidden='false' data-av_icon='\ue8fc' data-av_iconfont='entypo-fontello' title='' data-avia-related-tooltip='Compartir en LinkedIn' rel=\"noopener\"><span class='avia_hidden_link_text'>Compartir en LinkedIn<\/span><\/a><\/li><li class='av-share-link av-social-link-mail' ><a  aria-label=\"Compartir por correo\" href='mailto:?subject=SACFI%20Ays%C3%A9n%20logra%20sentencia%20condenatoria%20contra%20organizaci%C3%B3n%20criminal%20compuesta%20por%20ex%20funcionario%20de%20Carabineros%20y%20una%20contadora&#038;body=https:\/\/radiorevelacionfm.cl\/?p=56921' aria-hidden='false' data-av_icon='\ue805' data-av_iconfont='entypo-fontello' title='' data-avia-related-tooltip='Compartir por correo'><span class='avia_hidden_link_text'>Compartir por correo<\/span><\/a><\/li><\/ul><\/div><\/div>\n<div  style='height:50px' class='hr hr-invisible   avia-builder-el-8  el_after_av_social_share  el_before_av_comments_list '><span class='hr-inner ' ><span class='hr-inner-style'><\/span><\/span><\/div>\n<div  class='av-buildercomment  av-blog-meta-html-info-disabled av-blog-meta-tag-disabled  '><\/div>\n","protected":false},"excerpt":{"rendered":"","protected":false},"author":1,"featured_media":56922,"comment_status":"closed","ping_status":"closed","sticky":false,"template":"","format":"standard","meta":{"footnotes":""},"categories":[55],"tags":[],"class_list":["post-56921","post","type-post","status-publish","format-standard","has-post-thumbnail","hentry","category-justicia"],"jetpack_featured_media_url":"https:\/\/radiorevelacionfm.cl\/wp-content\/uploads\/2025\/07\/SAcfi_Aysen-copia-1-1.jpg","_links":{"self":[{"href":"https:\/\/radiorevelacionfm.cl\/index.php?rest_route=\/wp\/v2\/posts\/56921","targetHints":{"allow":["GET"]}}],"collection":[{"href":"https:\/\/radiorevelacionfm.cl\/index.php?rest_route=\/wp\/v2\/posts"}],"about":[{"href":"https:\/\/radiorevelacionfm.cl\/index.php?rest_route=\/wp\/v2\/types\/post"}],"author":[{"embeddable":true,"href":"https:\/\/radiorevelacionfm.cl\/index.php?rest_route=\/wp\/v2\/users\/1"}],"replies":[{"embeddable":true,"href":"https:\/\/radiorevelacionfm.cl\/index.php?rest_route=%2Fwp%2Fv2%2Fcomments&post=56921"}],"version-history":[{"count":2,"href":"https:\/\/radiorevelacionfm.cl\/index.php?rest_route=\/wp\/v2\/posts\/56921\/revisions"}],"predecessor-version":[{"id":56924,"href":"https:\/\/radiorevelacionfm.cl\/index.php?rest_route=\/wp\/v2\/posts\/56921\/revisions\/56924"}],"wp:featuredmedia":[{"embeddable":true,"href":"https:\/\/radiorevelacionfm.cl\/index.php?rest_route=\/wp\/v2\/media\/56922"}],"wp:attachment":[{"href":"https:\/\/radiorevelacionfm.cl\/index.php?rest_route=%2Fwp%2Fv2%2Fmedia&parent=56921"}],"wp:term":[{"taxonomy":"category","embeddable":true,"href":"https:\/\/radiorevelacionfm.cl\/index.php?rest_route=%2Fwp%2Fv2%2Fcategories&post=56921"},{"taxonomy":"post_tag","embeddable":true,"href":"https:\/\/radiorevelacionfm.cl\/index.php?rest_route=%2Fwp%2Fv2%2Ftags&post=56921"}],"curies":[{"name":"wp","href":"https:\/\/api.w.org\/{rel}","templated":true}]}}