{"id":56910,"date":"2025-07-24T16:27:58","date_gmt":"2025-07-24T19:27:58","guid":{"rendered":"https:\/\/radiorevelacionfm.cl\/?p=56910"},"modified":"2025-07-24T16:32:33","modified_gmt":"2025-07-24T19:32:33","slug":"programa-estrategico-busca-transformar-el-litoral-de-aysen-con-innovacion-sostenibilidad-y-trabajo-colaborativo","status":"publish","type":"post","link":"https:\/\/radiorevelacionfm.cl\/?p=56910","title":{"rendered":"Programa estrat\u00e9gico busca transformar el litoral de Ays\u00e9n con innovaci\u00f3n, sostenibilidad y trabajo colaborativo"},"content":{"rendered":"<div class=\"flex_column av_one_full  flex_column_div av-zero-column-padding first  avia-builder-el-0  el_before_av_one_full  avia-builder-el-first  \" style='border-radius:0px; '><div  class='avia-image-container  av-styling-    avia-builder-el-1  avia-builder-el-no-sibling  avia-align-center '  itemprop=\"image\" itemscope=\"itemscope\" itemtype=\"https:\/\/schema.org\/ImageObject\"  ><div class='avia-image-container-inner'><div class='avia-image-overlay-wrap'><img decoding=\"async\" class='wp-image-56914 avia-img-lazy-loading-not-56914 avia_image' src=\"https:\/\/radiorevelacionfm.cl\/wp-content\/uploads\/2025\/07\/transformalitoral-1_optimized.jpg\" alt='' title='transformalitoral-(1)_optimized' height=\"600\" width=\"1067\"  itemprop=\"thumbnailUrl\" srcset=\"https:\/\/radiorevelacionfm.cl\/wp-content\/uploads\/2025\/07\/transformalitoral-1_optimized.jpg 1067w, https:\/\/radiorevelacionfm.cl\/wp-content\/uploads\/2025\/07\/transformalitoral-1_optimized-300x169.jpg 300w, https:\/\/radiorevelacionfm.cl\/wp-content\/uploads\/2025\/07\/transformalitoral-1_optimized-1030x579.jpg 1030w, https:\/\/radiorevelacionfm.cl\/wp-content\/uploads\/2025\/07\/transformalitoral-1_optimized-768x432.jpg 768w, https:\/\/radiorevelacionfm.cl\/wp-content\/uploads\/2025\/07\/transformalitoral-1_optimized-705x396.jpg 705w, https:\/\/radiorevelacionfm.cl\/wp-content\/uploads\/2025\/07\/transformalitoral-1_optimized-450x253.jpg 450w, https:\/\/radiorevelacionfm.cl\/wp-content\/uploads\/2025\/07\/transformalitoral-1_optimized-600x337.jpg 600w\" sizes=\"(max-width: 1067px) 100vw, 1067px\" \/><\/div><\/div><\/div><\/div><div class=\"flex_column av_one_full  flex_column_div av-zero-column-padding first  avia-builder-el-2  el_after_av_one_full  el_before_av_one_full  column-top-margin\" style='border-radius:0px; '><section class=\"av_textblock_section \"  itemscope=\"itemscope\" itemtype=\"https:\/\/schema.org\/BlogPosting\" itemprop=\"blogPost\" ><div class='avia_textblock  '   itemprop=\"text\" ><p style=\"text-align: center;\"><span style=\"font-size: 18pt;\"><b>Programa estrat\u00e9gico busca transformar el litoral de Ays\u00e9n con innovaci\u00f3n, sostenibilidad y trabajo colaborativo<\/b><\/span><\/p>\n<div id=\"gtx-trans\" style=\"position: absolute; left: -50px; top: 4.31534px;\">\n<div class=\"gtx-trans-icon\"><\/div>\n<\/div>\n<\/div><\/section><\/div><\/p>\n<div class=\"flex_column av_one_full  flex_column_div av-zero-column-padding first  avia-builder-el-4  el_after_av_one_full  el_before_av_hr  column-top-margin\" style='border-radius:0px; '><section class=\"av_textblock_section \"  itemscope=\"itemscope\" itemtype=\"https:\/\/schema.org\/BlogPosting\" itemprop=\"blogPost\" ><div class='avia_textblock  '   itemprop=\"text\" ><p style=\"font-weight: 400; text-align: justify;\"><em>Una hoja de ruta consensuada orientar\u00e1 el desarrollo competitivo y sostenible del litoral, con fuerte articulaci\u00f3n p\u00fablico-privada y foco en la acuicultura, el turismo y los servicios log\u00edsticos.<\/em><\/p>\n<p style=\"font-weight: 400; text-align: justify;\">En el marco del trabajo del Comit\u00e9 de Desarrollo Productivo Regional de Ays\u00e9n, y como resultado del esfuerzo conjunto entre Corfo y el Gobierno Regional, se aprob\u00f3 la etapa de dise\u00f1o de la Hoja de Ruta del Programa Transforma \u201cCreando Valor para el Desarrollo Competitivo y Sostenible del Litoral de Ays\u00e9n\u201d. Esta iniciativa se configura como un espacio de articulaci\u00f3n p\u00fablico-privada orientado a sofisticar y diversificar la matriz productiva, impulsando un desarrollo sostenible en la zona costera de la regi\u00f3n.<\/p>\n<p style=\"font-weight: 400; text-align: justify;\">El programa surge de un diagn\u00f3stico compartido entre actores p\u00fablicos, privados, acad\u00e9micos y representantes de la comunidad, que identificaron la necesidad urgente de mejorar la coordinaci\u00f3n territorial, reducir brechas estructurales y fortalecer oportunidades de crecimiento con enfoque local. Su objetivo es dinamizar las principales actividades que configuran la vida econ\u00f3mica del litoral \u2014como la acuicultura, la pesca artesanal, el turismo costero y los servicios log\u00edsticos\u2014 promoviendo su integraci\u00f3n para construir una base productiva resiliente, equilibrada y con proyecci\u00f3n de largo plazo.<\/p>\n<p style=\"font-weight: 400; text-align: justify;\">La acuicultura, como industria ancla del litoral, representa cerca del 25\u202f% del Producto Interno Bruto regional y ha sido clave en el crecimiento econ\u00f3mico de Ays\u00e9n durante 2025, con una expansi\u00f3n del 8,5\u202f%, muy por encima del promedio nacional. Este desempe\u00f1o se traduce en empleo, infraestructura, investigaci\u00f3n, servicios y oportunidades para cientos de familias que han hecho del mar su sustento y su proyecto de vida.<\/p>\n<p style=\"font-weight: 400; text-align: justify;\">El gobernador regional de Ays\u00e9n, Marcelo Santana Vargas, valor\u00f3 este programa y el trabajo en conjunto que se est\u00e1 impulsando con Corfo. \u201cCorfo se ha transformado en un aliado estrat\u00e9gico de nuestra gesti\u00f3n como Gobierno Regional. Hemos tenido muy buenos acercamientos en varias materias productivas para la regi\u00f3n que es algo que para nosotros es la piedra angular del trabajo que hemos estado desarrollando. Es por eso, que este programa Transforma Litoral apunta justamente hacia ese objetivo: tener actividades productivas competitivas, tanto en la pesca artesanal como en la acuicultura, y para eso se necesitan programas bien integrales\u201d.<\/p>\n<p style=\"font-weight: 400; text-align: justify;\">Asimismo, destac\u00f3 los instrumentos contemplados en este programa, financiado por el Gobierno Regional. \u201cVa a permitir potenciar las actividades productivas, que la gente tenga acceso a desarrollo de emprendimientos, desarrollo de negocios y, tambi\u00e9n, por supuesto, a irse perfeccionando de manera permanente y sistem\u00e1tica\u201d.<\/p>\n<p style=\"font-weight: 400; text-align: justify;\">\u00abEsperamos que la inversi\u00f3n que hagamos desde el Gobierno Regional, sobre todo en materia de desarrollo de zonas extremas, vaya entregando una mejor calidad de vida en las comunidades del litoral de la Regi\u00f3n de Ays\u00e9n. Es un programa que se complementa muy bien con el trabajo que queremos hacer desde el Gobierno Regional\u201d, agreg\u00f3.<\/p>\n<p style=\"font-weight: 400; text-align: justify;\">Desde Corfo Ays\u00e9n, su director Humberto Mar\u00edn Leiva enfatiz\u00f3 que el principal valor de esta iniciativa radica en su capacidad de articular actores y capacidades existentes bajo una gobernanza s\u00f3lida. \u201cEste es el momento de fortalecer los espacios de colaboraci\u00f3n y confianza, de dejar atr\u00e1s los enfoques aislados y avanzar hacia decisiones compartidas que reflejen las verdaderas necesidades del litoral de Ays\u00e9n\u201d, afirm\u00f3.<\/p>\n<p style=\"font-weight: 400; text-align: justify;\">El dise\u00f1o del programa considera talleres participativos, mesas t\u00e9cnicas, levantamiento de informaci\u00f3n territorial y la articulaci\u00f3n con instrumentos estrat\u00e9gicos vigentes, como la Pol\u00edtica de Desarrollo de Zonas Extremas (PDZE), el PTI Proveedores del Salm\u00f3n y programas de innovaci\u00f3n, formaci\u00f3n y desarrollo productivo.<\/p>\n<p style=\"font-weight: 400; text-align: justify;\">Finalmente, cabe se\u00f1alar que este programa inicia con la etapa de dise\u00f1o de la Hoja de Ruta, proceso clave en el que se definir\u00e1n las principales acciones a ejecutar durante los pr\u00f3ximos nueve a\u00f1os. Se espera que este instrumento estrat\u00e9gico est\u00e9 aprobado a inicios de 2026, para dar paso a su ejecuci\u00f3n durante el primer semestre del mismo a\u00f1o.<\/p>\n<\/div><\/section><\/div>\n<div  style='height:50px' class='hr hr-invisible   avia-builder-el-6  el_after_av_one_full  el_before_av_social_share '><span class='hr-inner ' ><span class='hr-inner-style'><\/span><\/span><\/div>\n<div  class='av-social-sharing-box  avia-builder-el-7  el_after_av_hr  el_before_av_hr  '><div class='av-share-box'><h5 class='av-share-link-description av-no-toc '>Compartir esta noticia<\/h5><ul class='av-share-box-list noLightbox'><li class='av-share-link av-social-link-facebook' ><a target=\"_blank\" aria-label=\"Compartir en Facebook\" href='https:\/\/www.facebook.com\/sharer.php?u=https:\/\/radiorevelacionfm.cl\/?p=56910&#038;t=Programa%20estrat%C3%A9gico%20busca%20transformar%20el%20litoral%20de%20Ays%C3%A9n%20con%20innovaci%C3%B3n%2C%20sostenibilidad%20y%20trabajo%20colaborativo' aria-hidden='false' data-av_icon='\ue8f3' data-av_iconfont='entypo-fontello' title='' data-avia-related-tooltip='Compartir en Facebook' rel=\"noopener\"><span class='avia_hidden_link_text'>Compartir en Facebook<\/span><\/a><\/li><li class='av-share-link av-social-link-twitter' ><a target=\"_blank\" aria-label=\"Compartir en Twitter\" href='https:\/\/twitter.com\/share?text=Programa%20estrat%C3%A9gico%20busca%20transformar%20el%20litoral%20de%20Ays%C3%A9n%20con%20innovaci%C3%B3n%2C%20sostenibilidad%20y%20trabajo%20colaborativo&#038;url=https:\/\/radiorevelacionfm.cl\/?p=56910' aria-hidden='false' data-av_icon='\ue8f1' data-av_iconfont='entypo-fontello' title='' data-avia-related-tooltip='Compartir en Twitter' rel=\"noopener\"><span class='avia_hidden_link_text'>Compartir en Twitter<\/span><\/a><\/li><li class='av-share-link av-social-link-whatsapp' ><a target=\"_blank\" aria-label=\"Compartir en Whatsapp\" href='https:\/\/api.whatsapp.com\/send?text=https:\/\/radiorevelacionfm.cl\/?p=56910' aria-hidden='false' data-av_icon='\uf232' data-av_iconfont='entypo-fontello' title='' data-avia-related-tooltip='Compartir en Whatsapp' rel=\"noopener\"><span class='avia_hidden_link_text'>Compartir en Whatsapp<\/span><\/a><\/li><li class='av-share-link av-social-link-linkedin' ><a target=\"_blank\" aria-label=\"Compartir en LinkedIn\" href='https:\/\/linkedin.com\/shareArticle?mini=true&#038;title=Programa%20estrat%C3%A9gico%20busca%20transformar%20el%20litoral%20de%20Ays%C3%A9n%20con%20innovaci%C3%B3n%2C%20sostenibilidad%20y%20trabajo%20colaborativo&#038;url=https:\/\/radiorevelacionfm.cl\/?p=56910' aria-hidden='false' data-av_icon='\ue8fc' data-av_iconfont='entypo-fontello' title='' data-avia-related-tooltip='Compartir en LinkedIn' rel=\"noopener\"><span class='avia_hidden_link_text'>Compartir en LinkedIn<\/span><\/a><\/li><li class='av-share-link av-social-link-mail' ><a  aria-label=\"Compartir por correo\" href='mailto:?subject=Programa%20estrat%C3%A9gico%20busca%20transformar%20el%20litoral%20de%20Ays%C3%A9n%20con%20innovaci%C3%B3n%2C%20sostenibilidad%20y%20trabajo%20colaborativo&#038;body=https:\/\/radiorevelacionfm.cl\/?p=56910' aria-hidden='false' data-av_icon='\ue805' data-av_iconfont='entypo-fontello' title='' data-avia-related-tooltip='Compartir por correo'><span class='avia_hidden_link_text'>Compartir por correo<\/span><\/a><\/li><\/ul><\/div><\/div>\n<div  style='height:50px' class='hr hr-invisible   avia-builder-el-8  el_after_av_social_share  el_before_av_comments_list '><span class='hr-inner ' ><span class='hr-inner-style'><\/span><\/span><\/div>\n<div  class='av-buildercomment  av-blog-meta-html-info-disabled av-blog-meta-tag-disabled  '><\/div>\n","protected":false},"excerpt":{"rendered":"","protected":false},"author":1,"featured_media":56914,"comment_status":"closed","ping_status":"closed","sticky":false,"template":"","format":"standard","meta":{"footnotes":""},"categories":[38],"tags":[],"class_list":["post-56910","post","type-post","status-publish","format-standard","has-post-thumbnail","hentry","category-regional"],"jetpack_featured_media_url":"https:\/\/radiorevelacionfm.cl\/wp-content\/uploads\/2025\/07\/transformalitoral-1_optimized.jpg","_links":{"self":[{"href":"https:\/\/radiorevelacionfm.cl\/index.php?rest_route=\/wp\/v2\/posts\/56910","targetHints":{"allow":["GET"]}}],"collection":[{"href":"https:\/\/radiorevelacionfm.cl\/index.php?rest_route=\/wp\/v2\/posts"}],"about":[{"href":"https:\/\/radiorevelacionfm.cl\/index.php?rest_route=\/wp\/v2\/types\/post"}],"author":[{"embeddable":true,"href":"https:\/\/radiorevelacionfm.cl\/index.php?rest_route=\/wp\/v2\/users\/1"}],"replies":[{"embeddable":true,"href":"https:\/\/radiorevelacionfm.cl\/index.php?rest_route=%2Fwp%2Fv2%2Fcomments&post=56910"}],"version-history":[{"count":3,"href":"https:\/\/radiorevelacionfm.cl\/index.php?rest_route=\/wp\/v2\/posts\/56910\/revisions"}],"predecessor-version":[{"id":56913,"href":"https:\/\/radiorevelacionfm.cl\/index.php?rest_route=\/wp\/v2\/posts\/56910\/revisions\/56913"}],"wp:featuredmedia":[{"embeddable":true,"href":"https:\/\/radiorevelacionfm.cl\/index.php?rest_route=\/wp\/v2\/media\/56914"}],"wp:attachment":[{"href":"https:\/\/radiorevelacionfm.cl\/index.php?rest_route=%2Fwp%2Fv2%2Fmedia&parent=56910"}],"wp:term":[{"taxonomy":"category","embeddable":true,"href":"https:\/\/radiorevelacionfm.cl\/index.php?rest_route=%2Fwp%2Fv2%2Fcategories&post=56910"},{"taxonomy":"post_tag","embeddable":true,"href":"https:\/\/radiorevelacionfm.cl\/index.php?rest_route=%2Fwp%2Fv2%2Ftags&post=56910"}],"curies":[{"name":"wp","href":"https:\/\/api.w.org\/{rel}","templated":true}]}}