{"id":5691,"date":"2021-06-28T17:33:28","date_gmt":"2021-06-28T20:33:28","guid":{"rendered":"https:\/\/radiorevelacionfm.cl\/?p=5691"},"modified":"2021-06-28T17:33:28","modified_gmt":"2021-06-28T20:33:28","slug":"con-reconocimiento-a-empresaria-de-buses-conmemoran-dia-nacional-de-trabajadores-del-transporte-publico","status":"publish","type":"post","link":"https:\/\/radiorevelacionfm.cl\/?p=5691","title":{"rendered":"Con reconocimiento a empresaria de buses conmemoran D\u00eda Nacional de Trabajadores del Transporte P\u00fablico"},"content":{"rendered":"<div class=\"flex_column av_one_full  flex_column_div av-zero-column-padding first  avia-builder-el-0  el_before_av_one_full  avia-builder-el-first  \" style='border-radius:0px; '><div  class='avia-image-container  av-styling-    avia-builder-el-1  avia-builder-el-no-sibling  avia-align-center '  itemprop=\"image\" itemscope=\"itemscope\" itemtype=\"https:\/\/schema.org\/ImageObject\"  ><div class='avia-image-container-inner'><div class='avia-image-overlay-wrap'><img decoding=\"async\" class='wp-image-0 avia-img-lazy-loading-not-0 avia_image' src=\"https:\/\/radiorevelacionfm.cl\/wp-content\/uploads\/2021\/06\/DSC_4598-1-1.jpg\" alt='' title=''   itemprop=\"thumbnailUrl\"  \/><\/div><\/div><\/div><\/div><div class=\"flex_column av_one_full  flex_column_div av-zero-column-padding first  avia-builder-el-2  el_after_av_one_full  el_before_av_one_full  column-top-margin\" style='border-radius:0px; '><section class=\"av_textblock_section \"  itemscope=\"itemscope\" itemtype=\"https:\/\/schema.org\/BlogPosting\" itemprop=\"blogPost\" ><div class='avia_textblock  '   itemprop=\"text\" ><p style=\"text-align: center;\"><strong><span style=\"font-size: 18pt;\">Con reconocimiento a empresaria de buses conmemoran D\u00eda Nacional de Trabajadores del Transporte P\u00fablico<\/span><\/strong><\/p>\n<div id=\"gtx-trans\" style=\"position: absolute; left: -50px; top: 4.31534px;\">\n<div class=\"gtx-trans-icon\"><\/div>\n<\/div>\n<\/div><\/section><\/div><div class=\"flex_column av_one_full  flex_column_div av-zero-column-padding first  avia-builder-el-4  el_after_av_one_full  el_before_av_hr  column-top-margin\" style='border-radius:0px; '><section class=\"av_textblock_section \"  itemscope=\"itemscope\" itemtype=\"https:\/\/schema.org\/BlogPosting\" itemprop=\"blogPost\" ><div class='avia_textblock  '   itemprop=\"text\" ><p style=\"text-align: justify;\">A partir de este a\u00f1o, el 27 de junio se celebra el D\u00eda Nacional de las y los Trabajadores del Transporte P\u00fablico. La fecha fue establecida mediante la Ley 21.326 emitida el pasado 22 de abril. Para conmemorar esta fecha, el domingo 27 el seremiTT Fabi\u00e1n Rojas hizo un reconocimiento a la labor de In\u00e9s Pe\u00f1a, propietaria de Buses Sao Paulo y una de las pioneras del transporte p\u00fablico en la regi\u00f3n.<\/p>\n<p style=\"text-align: justify;\">Con m\u00e1s de 30 a\u00f1os de carrera la empresaria del transporte se ha desarrollado en emprendimientos como taxis colectivos, buses urbanos en Coyhaique y buses rurales donde con su empresa, Buses Sao Paulo, ha prestado servicios a Puerto Ays\u00e9n, Villa Ma\u00f1ihuales y donde hasta hoy mantiene recorridos de gran importancia para la conectividad regional, con viajes hacia Puerto Cisnes y Cochrane.<\/p>\n<p style=\"text-align: justify;\">Adem\u00e1s, In\u00e9s Pe\u00f1a tambi\u00e9n realiz\u00f3 recorridos subvencionados por el Ministerio de Transportes y Telecomunicaciones en donde facilit\u00f3 la movilidad a habitantes de sectores como Villa Frei, Villa La Tapera, Emperador Guillermo, Villa Ortega y Seis Lagunas.<\/p>\n<p style=\"text-align: justify;\">En visita al taller de Buses Sao Paulo, el seremiTT Fabi\u00e1n Rojas junto con reconocer la trayectoria de esta emprendedora, tambi\u00e9n tuvo palabras para elogiar la labor de los transportistas, en especial en el contexto de la pandemia: \u201cHan sido fundamentales para mantener la operatividad de los servicios esenciales y tambi\u00e9n de las personas que necesitan moverse en los distintos puntos de la regi\u00f3n\u201d.<\/p>\n<p style=\"text-align: justify;\">\u201cIn\u00e9s ha sido una de las mujeres pioneras del transporte regional que junto a Sergio Ruiz, su marido, iniciaron Buses Sao Paulo como empresa familiar. Sin duda hoy es una de las empresas del rubro m\u00e1s importantes de la regi\u00f3n. Desde sus inicios se ha ido superando gracias a su esfuerzo para sacar adelante este proyecto\u201d, valor\u00f3 la autoridad.<\/p>\n<p style=\"text-align: justify;\">Por su parte la transportista tuvo palabras de agradecimiento para su familia y su equipo de trabajo, quienes han sido part\u00edcipes de sus logros: \u201cMi sue\u00f1o ya est\u00e1 cumplido, voy a seguir adelante con lo que tengo y con lo que soy. Renovando mis m\u00e1quinas y entregando un buen servicio, trabajando con mi equipo de conductores, ya que sin ellos no tendr\u00eda lo que tengo\u201d, se\u00f1al\u00f3 la empresaria.<\/p>\n<p style=\"text-align: justify;\">\u201cLa verdad es que me gusta mucho trabajar en esto, desde que me inici\u00e9 lo he hecho con ganas, con esfuerzo, con satisfacci\u00f3n. Es muy lindo, la gente es amorosa. Mis hijos me han ayudado hasta ahora y voy a seguir adelante\u201d, concluy\u00f3.<\/p>\n<\/div><\/section><\/div><div  style='height:50px' class='hr hr-invisible   avia-builder-el-6  el_after_av_one_full  el_before_av_social_share '><span class='hr-inner ' ><span class='hr-inner-style'><\/span><\/span><\/div><\/p>\n<div  class='av-social-sharing-box  avia-builder-el-7  el_after_av_hr  el_before_av_hr  '><div class='av-share-box'><h5 class='av-share-link-description av-no-toc '>Compartir esta noticia<\/h5><ul class='av-share-box-list noLightbox'><li class='av-share-link av-social-link-facebook' ><a target=\"_blank\" aria-label=\"Compartir en Facebook\" href='https:\/\/www.facebook.com\/sharer.php?u=https:\/\/radiorevelacionfm.cl\/?p=5691&#038;t=Con%20reconocimiento%20a%20empresaria%20de%20buses%20conmemoran%20D%C3%ADa%20Nacional%20de%20Trabajadores%20del%20Transporte%20P%C3%BAblico' aria-hidden='false' data-av_icon='\ue8f3' data-av_iconfont='entypo-fontello' title='' data-avia-related-tooltip='Compartir en Facebook' rel=\"noopener\"><span class='avia_hidden_link_text'>Compartir en Facebook<\/span><\/a><\/li><li class='av-share-link av-social-link-twitter' ><a target=\"_blank\" aria-label=\"Compartir en Twitter\" href='https:\/\/twitter.com\/share?text=Con%20reconocimiento%20a%20empresaria%20de%20buses%20conmemoran%20D%C3%ADa%20Nacional%20de%20Trabajadores%20del%20Transporte%20P%C3%BAblico&#038;url=https:\/\/radiorevelacionfm.cl\/?p=5691' aria-hidden='false' data-av_icon='\ue8f1' data-av_iconfont='entypo-fontello' title='' data-avia-related-tooltip='Compartir en Twitter' rel=\"noopener\"><span class='avia_hidden_link_text'>Compartir en Twitter<\/span><\/a><\/li><li class='av-share-link av-social-link-whatsapp' ><a target=\"_blank\" aria-label=\"Compartir en Whatsapp\" href='https:\/\/api.whatsapp.com\/send?text=https:\/\/radiorevelacionfm.cl\/?p=5691' aria-hidden='false' data-av_icon='\uf232' data-av_iconfont='entypo-fontello' title='' data-avia-related-tooltip='Compartir en Whatsapp' rel=\"noopener\"><span class='avia_hidden_link_text'>Compartir en Whatsapp<\/span><\/a><\/li><li class='av-share-link av-social-link-linkedin' ><a target=\"_blank\" aria-label=\"Compartir en LinkedIn\" href='https:\/\/linkedin.com\/shareArticle?mini=true&#038;title=Con%20reconocimiento%20a%20empresaria%20de%20buses%20conmemoran%20D%C3%ADa%20Nacional%20de%20Trabajadores%20del%20Transporte%20P%C3%BAblico&#038;url=https:\/\/radiorevelacionfm.cl\/?p=5691' aria-hidden='false' data-av_icon='\ue8fc' data-av_iconfont='entypo-fontello' title='' data-avia-related-tooltip='Compartir en LinkedIn' rel=\"noopener\"><span class='avia_hidden_link_text'>Compartir en LinkedIn<\/span><\/a><\/li><li class='av-share-link av-social-link-mail' ><a  aria-label=\"Compartir por correo\" href='mailto:?subject=Con%20reconocimiento%20a%20empresaria%20de%20buses%20conmemoran%20D%C3%ADa%20Nacional%20de%20Trabajadores%20del%20Transporte%20P%C3%BAblico&#038;body=https:\/\/radiorevelacionfm.cl\/?p=5691' aria-hidden='false' data-av_icon='\ue805' data-av_iconfont='entypo-fontello' title='' data-avia-related-tooltip='Compartir por correo'><span class='avia_hidden_link_text'>Compartir por correo<\/span><\/a><\/li><\/ul><\/div><\/div>\n<div  style='height:50px' class='hr hr-invisible   avia-builder-el-8  el_after_av_social_share  el_before_av_comments_list '><span class='hr-inner ' ><span class='hr-inner-style'><\/span><\/span><\/div>\n<div  class='av-buildercomment  av-blog-meta-html-info-disabled av-blog-meta-tag-disabled  '><\/div>\n","protected":false},"excerpt":{"rendered":"","protected":false},"author":1,"featured_media":0,"comment_status":"open","ping_status":"open","sticky":false,"template":"","format":"standard","meta":{"footnotes":""},"categories":[59],"tags":[],"class_list":["post-5691","post","type-post","status-publish","format-standard","hentry","category-transporte"],"jetpack_featured_media_url":"","_links":{"self":[{"href":"https:\/\/radiorevelacionfm.cl\/index.php?rest_route=\/wp\/v2\/posts\/5691","targetHints":{"allow":["GET"]}}],"collection":[{"href":"https:\/\/radiorevelacionfm.cl\/index.php?rest_route=\/wp\/v2\/posts"}],"about":[{"href":"https:\/\/radiorevelacionfm.cl\/index.php?rest_route=\/wp\/v2\/types\/post"}],"author":[{"embeddable":true,"href":"https:\/\/radiorevelacionfm.cl\/index.php?rest_route=\/wp\/v2\/users\/1"}],"replies":[{"embeddable":true,"href":"https:\/\/radiorevelacionfm.cl\/index.php?rest_route=%2Fwp%2Fv2%2Fcomments&post=5691"}],"version-history":[{"count":1,"href":"https:\/\/radiorevelacionfm.cl\/index.php?rest_route=\/wp\/v2\/posts\/5691\/revisions"}],"predecessor-version":[{"id":5693,"href":"https:\/\/radiorevelacionfm.cl\/index.php?rest_route=\/wp\/v2\/posts\/5691\/revisions\/5693"}],"wp:attachment":[{"href":"https:\/\/radiorevelacionfm.cl\/index.php?rest_route=%2Fwp%2Fv2%2Fmedia&parent=5691"}],"wp:term":[{"taxonomy":"category","embeddable":true,"href":"https:\/\/radiorevelacionfm.cl\/index.php?rest_route=%2Fwp%2Fv2%2Fcategories&post=5691"},{"taxonomy":"post_tag","embeddable":true,"href":"https:\/\/radiorevelacionfm.cl\/index.php?rest_route=%2Fwp%2Fv2%2Ftags&post=5691"}],"curies":[{"name":"wp","href":"https:\/\/api.w.org\/{rel}","templated":true}]}}