{"id":56902,"date":"2025-07-24T15:31:05","date_gmt":"2025-07-24T18:31:05","guid":{"rendered":"https:\/\/radiorevelacionfm.cl\/?p=56902"},"modified":"2025-07-24T15:36:33","modified_gmt":"2025-07-24T18:36:33","slug":"transportes-inaugura-nuevo-subsidio-puerto-chacabuco-puerto-aysen","status":"publish","type":"post","link":"https:\/\/radiorevelacionfm.cl\/?p=56902","title":{"rendered":"Transportes inaugura nuevo subsidio Puerto Chacabuco \u2013 Puerto Ays\u00e9n"},"content":{"rendered":"<div class=\"flex_column av_one_full  flex_column_div av-zero-column-padding first  avia-builder-el-0  el_before_av_one_full  avia-builder-el-first  \" style='border-radius:0px; '><div  class='avia-image-container  av-styling-    avia-builder-el-1  avia-builder-el-no-sibling  avia-align-center '  itemprop=\"image\" itemscope=\"itemscope\" itemtype=\"https:\/\/schema.org\/ImageObject\"  ><div class='avia-image-container-inner'><div class='avia-image-overlay-wrap'><img decoding=\"async\" class='wp-image-56903 avia-img-lazy-loading-not-56903 avia_image' src=\"https:\/\/radiorevelacionfm.cl\/wp-content\/uploads\/2025\/07\/inauguracion-1-1_optimized.jpg\" alt='' title='inauguraci\u00f3n-(1)-(1)_optimized' height=\"600\" width=\"1066\"  itemprop=\"thumbnailUrl\" srcset=\"https:\/\/radiorevelacionfm.cl\/wp-content\/uploads\/2025\/07\/inauguracion-1-1_optimized.jpg 1066w, https:\/\/radiorevelacionfm.cl\/wp-content\/uploads\/2025\/07\/inauguracion-1-1_optimized-300x169.jpg 300w, https:\/\/radiorevelacionfm.cl\/wp-content\/uploads\/2025\/07\/inauguracion-1-1_optimized-1030x580.jpg 1030w, https:\/\/radiorevelacionfm.cl\/wp-content\/uploads\/2025\/07\/inauguracion-1-1_optimized-768x432.jpg 768w, https:\/\/radiorevelacionfm.cl\/wp-content\/uploads\/2025\/07\/inauguracion-1-1_optimized-705x397.jpg 705w, https:\/\/radiorevelacionfm.cl\/wp-content\/uploads\/2025\/07\/inauguracion-1-1_optimized-450x253.jpg 450w, https:\/\/radiorevelacionfm.cl\/wp-content\/uploads\/2025\/07\/inauguracion-1-1_optimized-600x338.jpg 600w\" sizes=\"(max-width: 1066px) 100vw, 1066px\" \/><\/div><\/div><\/div><\/div>\n<div class=\"flex_column av_one_full  flex_column_div av-zero-column-padding first  avia-builder-el-2  el_after_av_one_full  el_before_av_one_full  column-top-margin\" style='border-radius:0px; '><section class=\"av_textblock_section \"  itemscope=\"itemscope\" itemtype=\"https:\/\/schema.org\/BlogPosting\" itemprop=\"blogPost\" ><div class='avia_textblock  '   itemprop=\"text\" ><p style=\"text-align: center;\"><strong><span style=\"font-size: 18pt;\">Transportes inaugura nuevo subsidio Puerto Chacabuco \u2013 Puerto Ays\u00e9n<\/span><\/strong><\/p>\n<div id=\"gtx-trans\" style=\"position: absolute; left: -50px; top: 4.31534px;\">\n<div class=\"gtx-trans-icon\"><\/div>\n<\/div>\n<\/div><\/section><\/div><div class=\"flex_column av_one_full  flex_column_div av-zero-column-padding first  avia-builder-el-4  el_after_av_one_full  el_before_av_hr  column-top-margin\" style='border-radius:0px; '><section class=\"av_textblock_section \"  itemscope=\"itemscope\" itemtype=\"https:\/\/schema.org\/BlogPosting\" itemprop=\"blogPost\" ><div class='avia_textblock  '   itemprop=\"text\" ><p style=\"text-align: justify;\">\u00b7 <em>Dos buses prestar\u00e1n servicios con 14 frecuencias diarias de lunes a viernes, recorridos en fin de semana, y gratuidad para personas mayores de 65 a\u00f1os, estudiantes de educaci\u00f3n b\u00e1sica, menores de 7 a\u00f1os y personas con discapacidad.<\/em><\/p>\n<p style=\"text-align: justify;\"><em>\u00b7 Esperado servicio gestionado desde la seremi de Transportes y Telecomunicaciones, resolver\u00e1 un persistente requerimiento de la localidad, que a partir de ahora contar\u00e1 con mayores certezas a la hora de movilizarse a la capital comunal.<\/em><\/p>\n<p style=\"text-align: justify;\">Con mucha alegr\u00eda y gran inter\u00e9s fue recibido el nuevo subsidio del ministerio de Transportes y Telecomunicaciones (MTT) en la ruta Puerto Chacabuco \u2013 Puerto Ays\u00e9n, en una actividad realizada en el terminal portuario de Emporcha y en donde vecinos y autoridades regionales, provinciales y comunales, pudieron conocer los dos buses encargados de la operaci\u00f3n de este servicio. Esta nueva ruta contar\u00e1 con 14 frecuencias diarias entre lunes y viernes, 6 frecuencias d\u00eda s\u00e1bado y 4 el d\u00eda domingo, con una tarifa de mil pesos para adultos y de 330 pesos para escolares que porten la TNE (Tarjeta Nacional Estudiantil). Adem\u00e1s, estar\u00e1n exentos de pago del pasaje: personas mayores de 65 a\u00f1os, menores de 7 a\u00f1os, estudiantes de ense\u00f1anza b\u00e1sica y personas con discapacidad.<\/p>\n<p style=\"text-align: justify;\">La gesti\u00f3n de este beneficio de conectividad, surge a trav\u00e9s del requerimiento de vecinas y vecinos quienes expresaron a la autoridad las falencias del sistema de transporte disponible a la fecha. El seremiTT Hans Zimmermann, explic\u00f3 que mediante un trabajo colaborativo y di\u00e1logos participativos liderados por el MTT, se logr\u00f3 definir las cualidades de un transporte con frecuencias, horarios y tarifas definidas para mejorar la movilidad hacia Puerto Ays\u00e9n.<\/p>\n<p style=\"text-align: justify;\">\u201cSin duda es un tremendo avance para mejorar la calidad de vida de nuestros vecinos de Puerto Chacabuco, el transporte es vital para asegurar el acceso a oportunidades y es parte del mandato que nos ha dado nuestro presidente Gabriel Boric en acercar a las comunidades y en ir eliminando las brechas de conectividad en las zonas aisladas de nuestro pa\u00eds. Este servicio garantiza a la comunidad frecuencias regulares establecidas por contrato, con horarios definidos, donde como ministerio tenemos el control de la operaci\u00f3n. Nuestros inspectores fiscales estar\u00e1n monitoreando de manera constante el servicio y los usuarios podr\u00e1n hacer sus denuncias para activar los procedimientos de fiscalizaci\u00f3n en caso de que existan problemas\u201d, asegur\u00f3 la autoridad sectorial.<\/p>\n<p style=\"text-align: justify;\">El delegado regional, Jorge D\u00edaz agreg\u00f3 que la elaboraci\u00f3n de esta medida \u201cfue un trabajo de todo el equipo del ministerio del Transportes y todos colaboramos para que esto hoy d\u00eda sea una realidad. Es el Estado el que debe impulsar el desarrollo de la regi\u00f3n de Ays\u00e9n y vamos a seguir trabajando para que eso siga ocurriendo, ac\u00e1 necesitamos un Estado mucho m\u00e1s fuerte, mucho m\u00e1s eficiente, con m\u00e1s recursos y en eso nos vamos a centrar en nuestro trabajo. El foco del gobierno del Presidente Boric son las personas y ah\u00ed est\u00e1 nuestra inversi\u00f3n m\u00e1xima\u201d.<\/p>\n<p style=\"text-align: justify;\">Desde el punto de vista territorial, el alcalde de Ays\u00e9n Luis Mart\u00ednez valor\u00f3 destacadas acciones de conectividad implementadas por el ministerio en la comuna que se suman a este nuevo subsidio, entre las que se cuenta el mejoramiento de est\u00e1ndar de la embarcaci\u00f3n subvencionada que conecta Islas Huichas, y la licitaci\u00f3n en curso de la ruta Villa Ma\u00f1ihuales \u2013 Coyhaique: \u201cEsta necesidad la levantan los vecinos, pero tambi\u00e9n la gente del ministerio, el Gobierno, tom\u00f3 la palabra. Aqu\u00ed aparece el funcionario p\u00fablico al servicio de las personas y logran este beneficio, que no solamente es para la gente de Puerto Chacabuco, porque tambi\u00e9n nos conecta al litoral. Esto tambi\u00e9n obliga a nuestro municipio a habilitar obras para poder tener un paradero, un parador de estos buses. As\u00ed que estamos muy contentos, muy agradecidos como comunidad\u201d.<\/p>\n<p style=\"text-align: justify;\">La presidenta de la Junta de Vecinos de Puerto Chacabuco Marina Carim\u00e1n, valor\u00f3 la puesta en marcha de los buses que podr\u00e1n movilizar de mejor forma a los habitantes de la localidad. \u201cEsto es un gran avance, un gran logro para nosotros. Es algo que ven\u00edamos peleando hace muchos a\u00f1os y por fin se cumpli\u00f3. As\u00ed que, a nombre de todos mis vecinos, doy las gracias a todas las autoridades que asistieron, a nuestro seremi, que se comprometi\u00f3 y cumpli\u00f3. La conectividad para nosotros es importante porque no contamos con un veh\u00edculo propio, y no solamente para nosotros como chacabucanos, sino que para todas las localidades rurales de Ays\u00e9n a Chacabuco, hay mucha gente que viene a trabajar, as\u00ed que felices por todo\u201d, declar\u00f3 la dirigenta.<\/p>\n<p style=\"text-align: justify;\">Se estima que el subsidio de la nueva ruta Puerto Chacabuco \u2013 Puerto Ays\u00e9n beneficiar\u00e1 a m\u00e1s de 1.900 personas al a\u00f1o, considerando no s\u00f3lo a los residentes de Puerto Chacabuco, sino que a personas de sectores rurales intermedios como El Salto, R\u00edo \u00c1lvarez y La Gruta. Adem\u00e1s, tambi\u00e9n se trasladar\u00e1 a los trabajadores de las empresas portuarias, de la industria hotelera y otros servicios presentes en la localidad. Este servicio tambi\u00e9n ser\u00e1 un ejemplo de intermodalidad, posibilitando la conexi\u00f3n a los servicios de conectividad mar\u00edtima que zarpan desde el puerto.<\/p>\n<\/div><\/section><\/div><div  style='height:50px' class='hr hr-invisible   avia-builder-el-6  el_after_av_one_full  el_before_av_social_share '><span class='hr-inner ' ><span class='hr-inner-style'><\/span><\/span><\/div><\/p>\n<div  class='av-social-sharing-box  avia-builder-el-7  el_after_av_hr  el_before_av_hr  '><div class='av-share-box'><h5 class='av-share-link-description av-no-toc '>Compartir esta noticia<\/h5><ul class='av-share-box-list noLightbox'><li class='av-share-link av-social-link-facebook' ><a target=\"_blank\" aria-label=\"Compartir en Facebook\" href='https:\/\/www.facebook.com\/sharer.php?u=https:\/\/radiorevelacionfm.cl\/?p=56902&#038;t=Transportes%20inaugura%20nuevo%20subsidio%20Puerto%20Chacabuco%20%E2%80%93%20Puerto%20Ays%C3%A9n' aria-hidden='false' data-av_icon='\ue8f3' data-av_iconfont='entypo-fontello' title='' data-avia-related-tooltip='Compartir en Facebook' rel=\"noopener\"><span class='avia_hidden_link_text'>Compartir en Facebook<\/span><\/a><\/li><li class='av-share-link av-social-link-twitter' ><a target=\"_blank\" aria-label=\"Compartir en Twitter\" href='https:\/\/twitter.com\/share?text=Transportes%20inaugura%20nuevo%20subsidio%20Puerto%20Chacabuco%20%E2%80%93%20Puerto%20Ays%C3%A9n&#038;url=https:\/\/radiorevelacionfm.cl\/?p=56902' aria-hidden='false' data-av_icon='\ue8f1' data-av_iconfont='entypo-fontello' title='' data-avia-related-tooltip='Compartir en Twitter' rel=\"noopener\"><span class='avia_hidden_link_text'>Compartir en Twitter<\/span><\/a><\/li><li class='av-share-link av-social-link-whatsapp' ><a target=\"_blank\" aria-label=\"Compartir en Whatsapp\" href='https:\/\/api.whatsapp.com\/send?text=https:\/\/radiorevelacionfm.cl\/?p=56902' aria-hidden='false' data-av_icon='\uf232' data-av_iconfont='entypo-fontello' title='' data-avia-related-tooltip='Compartir en Whatsapp' rel=\"noopener\"><span class='avia_hidden_link_text'>Compartir en Whatsapp<\/span><\/a><\/li><li class='av-share-link av-social-link-linkedin' ><a target=\"_blank\" aria-label=\"Compartir en LinkedIn\" href='https:\/\/linkedin.com\/shareArticle?mini=true&#038;title=Transportes%20inaugura%20nuevo%20subsidio%20Puerto%20Chacabuco%20%E2%80%93%20Puerto%20Ays%C3%A9n&#038;url=https:\/\/radiorevelacionfm.cl\/?p=56902' aria-hidden='false' data-av_icon='\ue8fc' data-av_iconfont='entypo-fontello' title='' data-avia-related-tooltip='Compartir en LinkedIn' rel=\"noopener\"><span class='avia_hidden_link_text'>Compartir en LinkedIn<\/span><\/a><\/li><li class='av-share-link av-social-link-mail' ><a  aria-label=\"Compartir por correo\" href='mailto:?subject=Transportes%20inaugura%20nuevo%20subsidio%20Puerto%20Chacabuco%20%E2%80%93%20Puerto%20Ays%C3%A9n&#038;body=https:\/\/radiorevelacionfm.cl\/?p=56902' aria-hidden='false' data-av_icon='\ue805' data-av_iconfont='entypo-fontello' title='' data-avia-related-tooltip='Compartir por correo'><span class='avia_hidden_link_text'>Compartir por correo<\/span><\/a><\/li><\/ul><\/div><\/div>\n<div  style='height:50px' class='hr hr-invisible   avia-builder-el-8  el_after_av_social_share  el_before_av_comments_list '><span class='hr-inner ' ><span class='hr-inner-style'><\/span><\/span><\/div>\n<div  class='av-buildercomment  av-blog-meta-html-info-disabled av-blog-meta-tag-disabled  '><\/div>\n","protected":false},"excerpt":{"rendered":"","protected":false},"author":1,"featured_media":56903,"comment_status":"closed","ping_status":"closed","sticky":false,"template":"","format":"standard","meta":{"footnotes":""},"categories":[59],"tags":[],"class_list":["post-56902","post","type-post","status-publish","format-standard","has-post-thumbnail","hentry","category-transporte"],"jetpack_featured_media_url":"https:\/\/radiorevelacionfm.cl\/wp-content\/uploads\/2025\/07\/inauguracion-1-1_optimized.jpg","_links":{"self":[{"href":"https:\/\/radiorevelacionfm.cl\/index.php?rest_route=\/wp\/v2\/posts\/56902","targetHints":{"allow":["GET"]}}],"collection":[{"href":"https:\/\/radiorevelacionfm.cl\/index.php?rest_route=\/wp\/v2\/posts"}],"about":[{"href":"https:\/\/radiorevelacionfm.cl\/index.php?rest_route=\/wp\/v2\/types\/post"}],"author":[{"embeddable":true,"href":"https:\/\/radiorevelacionfm.cl\/index.php?rest_route=\/wp\/v2\/users\/1"}],"replies":[{"embeddable":true,"href":"https:\/\/radiorevelacionfm.cl\/index.php?rest_route=%2Fwp%2Fv2%2Fcomments&post=56902"}],"version-history":[{"count":3,"href":"https:\/\/radiorevelacionfm.cl\/index.php?rest_route=\/wp\/v2\/posts\/56902\/revisions"}],"predecessor-version":[{"id":56905,"href":"https:\/\/radiorevelacionfm.cl\/index.php?rest_route=\/wp\/v2\/posts\/56902\/revisions\/56905"}],"wp:featuredmedia":[{"embeddable":true,"href":"https:\/\/radiorevelacionfm.cl\/index.php?rest_route=\/wp\/v2\/media\/56903"}],"wp:attachment":[{"href":"https:\/\/radiorevelacionfm.cl\/index.php?rest_route=%2Fwp%2Fv2%2Fmedia&parent=56902"}],"wp:term":[{"taxonomy":"category","embeddable":true,"href":"https:\/\/radiorevelacionfm.cl\/index.php?rest_route=%2Fwp%2Fv2%2Fcategories&post=56902"},{"taxonomy":"post_tag","embeddable":true,"href":"https:\/\/radiorevelacionfm.cl\/index.php?rest_route=%2Fwp%2Fv2%2Ftags&post=56902"}],"curies":[{"name":"wp","href":"https:\/\/api.w.org\/{rel}","templated":true}]}}