{"id":56899,"date":"2025-07-25T10:26:21","date_gmt":"2025-07-25T13:26:21","guid":{"rendered":"https:\/\/radiorevelacionfm.cl\/?p=56899"},"modified":"2025-07-25T10:26:21","modified_gmt":"2025-07-25T13:26:21","slug":"autoridades-laborales-recuerdan-obligacion-de-proteger-a-trabajadores-expuestos-a-bajas-temperaturas","status":"publish","type":"post","link":"https:\/\/radiorevelacionfm.cl\/?p=56899","title":{"rendered":"Autoridades laborales recuerdan obligaci\u00f3n de proteger a trabajadores expuestos a bajas temperaturas"},"content":{"rendered":"<div class=\"flex_column av_one_full  flex_column_div av-zero-column-padding first  avia-builder-el-0  el_before_av_one_full  avia-builder-el-first  \" style='border-radius:0px; '><div  class='avia-image-container  av-styling-    avia-builder-el-1  avia-builder-el-no-sibling  avia-align-center '  itemprop=\"image\" itemscope=\"itemscope\" itemtype=\"https:\/\/schema.org\/ImageObject\"  ><div class='avia-image-container-inner'><div class='avia-image-overlay-wrap'><img decoding=\"async\" class='wp-image-56900 avia-img-lazy-loading-not-56900 avia_image' src=\"https:\/\/radiorevelacionfm.cl\/wp-content\/uploads\/2025\/07\/exposicionalfrio_mintrab_isl_dt-1_optimized.jpeg\" alt='' title='exposicionalfrio_mintrab_isl_dt-(1)_optimized' height=\"600\" width=\"1089\"  itemprop=\"thumbnailUrl\" srcset=\"https:\/\/radiorevelacionfm.cl\/wp-content\/uploads\/2025\/07\/exposicionalfrio_mintrab_isl_dt-1_optimized.jpeg 1089w, https:\/\/radiorevelacionfm.cl\/wp-content\/uploads\/2025\/07\/exposicionalfrio_mintrab_isl_dt-1_optimized-300x165.jpeg 300w, https:\/\/radiorevelacionfm.cl\/wp-content\/uploads\/2025\/07\/exposicionalfrio_mintrab_isl_dt-1_optimized-1030x567.jpeg 1030w, https:\/\/radiorevelacionfm.cl\/wp-content\/uploads\/2025\/07\/exposicionalfrio_mintrab_isl_dt-1_optimized-768x423.jpeg 768w, https:\/\/radiorevelacionfm.cl\/wp-content\/uploads\/2025\/07\/exposicionalfrio_mintrab_isl_dt-1_optimized-705x388.jpeg 705w, https:\/\/radiorevelacionfm.cl\/wp-content\/uploads\/2025\/07\/exposicionalfrio_mintrab_isl_dt-1_optimized-450x248.jpeg 450w, https:\/\/radiorevelacionfm.cl\/wp-content\/uploads\/2025\/07\/exposicionalfrio_mintrab_isl_dt-1_optimized-600x331.jpeg 600w\" sizes=\"(max-width: 1089px) 100vw, 1089px\" \/><\/div><\/div><\/div><\/div><div class=\"flex_column av_one_full  flex_column_div av-zero-column-padding first  avia-builder-el-2  el_after_av_one_full  el_before_av_one_full  column-top-margin\" style='border-radius:0px; '><section class=\"av_textblock_section \"  itemscope=\"itemscope\" itemtype=\"https:\/\/schema.org\/BlogPosting\" itemprop=\"blogPost\" ><div class='avia_textblock  '   itemprop=\"text\" ><p style=\"text-align: center;\"><span style=\"font-size: 18pt;\"><b>Autoridades laborales recuerdan obligaci\u00f3n de proteger a trabajadores expuestos a bajas temperaturas<\/b><\/span><\/p>\n<div id=\"gtx-trans\" style=\"position: absolute; left: -50px; top: 4.31534px;\">\n<div class=\"gtx-trans-icon\"><\/div>\n<\/div>\n<\/div><\/section><\/div><div class=\"flex_column av_one_full  flex_column_div av-zero-column-padding first  avia-builder-el-4  el_after_av_one_full  el_before_av_hr  column-top-margin\" style='border-radius:0px; '><section class=\"av_textblock_section \"  itemscope=\"itemscope\" itemtype=\"https:\/\/schema.org\/BlogPosting\" itemprop=\"blogPost\" ><div class='avia_textblock  '   itemprop=\"text\" ><p class=\"v1gmail-MsoListParagraph\" style=\"text-align: justify;\"><i><span lang=\"ES\">En visita a empresa con c\u00e1mara de fr\u00edo y ante un frente de bajas temperaturas regionales esta semana, autoridades laborales recordaron que el empleador debe entregar elementos de protecci\u00f3n personal a sus trabajadores expuestos a bajas temperaturas.<\/span><\/i><\/p>\n<p class=\"v1gmail-MsoListParagraph\" style=\"text-align: justify;\"><i><span lang=\"ES\">La Campa\u00f1a \u00abBajo Cero\u00bb del Instituto de Seguridad laboral, ISL, y el programa de Fiscalizaci\u00f3n \u00abFr\u00edo\u00bb de la Direcci\u00f3n del Trabajo, apuntan precisamente a este tema: orientar y apoyar a los empleadores en el primero, y a fiscalizar el cumplimiento de la normativa legal, en el otro.<\/span><\/i><\/p>\n<p class=\"v1MsoNormal\" style=\"text-align: justify;\">Para reforzar las medidas de protecci\u00f3n que deben tener las y los empleadores con sus trabajadores, la Seremi del Trabajo y Previsi\u00f3n Social, Camila Covarrubias junto a los directores regionales del Instituto de Seguridad laboral, ISL, J\u00e9ssica Coronado y de la Direcci\u00f3n del Trabajo, Christian Aros junto a parte de sus equipos, visitaron la empresa \u00abProductos Panguilemu\u00bb, conversando con la encargada Elizabeth Barkla y tres de sus trabajadores\/as, quienes trabajan expuestos a bajas temperaturas.<\/p>\n<p class=\"v1MsoNormal\" style=\"text-align: justify;\">Esta visita se enmarc\u00f3 en el contexto de la \u00e9poca invernal, recalcando que por ley es el empleador quien debe entregar los elementos de protecci\u00f3n personal acordes con el puesto de trabajo en el cual desempe\u00f1an sus funciones las personas trabajadoras, m\u00e1s a\u00fan cuando trabajan expuestas al fr\u00edo, en empresas con c\u00e1maras de fr\u00edo, expuestos a la intemperie u otra circunstancia de esa naturaleza.<\/p>\n<p class=\"v1MsoNormal\" style=\"text-align: justify;\">En este sentido, la Seremi Camila Covarrubias realiz\u00f3 un llamando a cumplir con los derechos laborales ante las bajas temperaturas, \u00abComo Seremi del Trabajo y Previsi\u00f3n Social, queremos hacer un llamado a las y los empleadores a proteger a sus trabajadores en esta \u00e9poca de fr\u00edo en que hemos llegado a temperaturas muy extremas en la regi\u00f3n, es importante que entreguen los elementos de protecci\u00f3n y tomen las medidas necesarias para proteger a los y las trabajadores. En ese contexto, el Instituto de Seguridad Laboral, ISL, est\u00e1 en su campa\u00f1a \u00abBajo Cero\u00bb y la Direcci\u00f3n del Trabajo en su campa\u00f1a de fiscalizaci\u00f3n, que es el Programa \u00abFr\u00edo\u00bb\u00bb, afirm\u00f3 la autoridad de Trabajo y Previsi\u00f3n Social.<\/p>\n<p class=\"v1MsoNormal\" style=\"text-align: justify;\">Con respecto a la prevenci\u00f3n, desde el Instituto de Seguridad Laboral, ISL, su directora regional, J\u00e9ssica Coronado coment\u00f3 sobre la campa\u00f1a de la entidad estatal, cuyo lema este 2025 es \u00abM\u00e1s vale prevenir que tiritar\u00bb: \u00abQuiero comentarles que desde el a\u00f1o 2023 nace la campa\u00f1a \u00abBajo Cero\u00bb desde esta regi\u00f3n, desde nuestro equipo de prevenci\u00f3n. La idea de esta campa\u00f1a es b\u00e1sicamente relevar las caracter\u00edsticas particulares de nuestra regi\u00f3n y de las regiones m\u00e1s extremas. Desde el a\u00f1o 2023 se viene replicando esta campa\u00f1a desde Los Lagos a la Regi\u00f3n de Magallanes, y este a\u00f1o se ha replicado en otras cuantas regiones a nivel nacional\u00bb, mencion\u00f3 Coronado.<\/p>\n<p class=\"v1MsoNormal\" style=\"text-align: justify;\">Junto a informaci\u00f3n preventiva a trav\u00e9s de charlas, el ISL como administradores de la ley contra accidentes laborales y enfermedades profesionales, ley 16.744, est\u00e1 entregando a sus empresas adheridas un kit especial de elementos de protecci\u00f3n personal para las personas que trabajan, que este a\u00f1o contempla un mug, lonchera, balaclava, calcetas t\u00e9rmicas (para botas) y crampones que se colocan en los zapatos.<\/p>\n<p class=\"v1MsoNormal\" style=\"text-align: justify;\">Su prop\u00f3sito es prevenir la ocurrencia de accidentes del trabajo, trayecto y enfermedades profesionales de trabajadores y trabajadoras que desempe\u00f1an su labor, ya sea en forma dependiente -con contrato de trabajo- o de manera independiente -honorarios o por cuenta propia- en los centros o \u00e1reas de trabajo con exposici\u00f3n al fr\u00edo, identificando los factores de riesgo que inciden y forman parte de las causas de accidentes laborales en las tres regiones m\u00e1s australes del pa\u00eds en temporada de oto\u00f1o \u2013 invierno, aplicado en las entidades empleadoras, faenas o instalaciones donde se desarrollen operaciones al aire libre o con una exposici\u00f3n igual o menor a 10\u00b0C, que se agrava por la lluvia y corrientes de aire.<\/p>\n<p class=\"v1MsoNormal\" style=\"text-align: justify;\">En tanto, desde la Direcci\u00f3n del Trabajo, su director regional, Christian Aros, se refiri\u00f3 a las fiscalizaciones que se realizan en esta \u00e9poca de bajas temperaturas, \u00abComo Direcci\u00f3n del Trabajo, estamos fiscalizando desde el mes de mayo en adelante con nuestro Programa \u00abFr\u00edo\u00bb, principalmente el cumplimiento del Decreto Supremo 594, de sus art\u00edculos 99 y siguientes. Por lo anterior, los y las trabajadoras y trabajadores de la regi\u00f3n que trabajen expuestos al fr\u00edo, si es que sus empleadores no est\u00e1n cumpliendo con esta normativa, pueden hacer sus denuncias a trav\u00e9s del tel\u00e9fono 600 450 4000, a trav\u00e9s de la p\u00e1gina\u00a0<a href=\"http:\/\/www.direcciondeltrabajo.cl\/\" target=\"_blank\" rel=\"noopener noreferrer\">www.direcciondeltrabajo.cl<\/a>\u00a0o en cualquiera de nuestras oficinas\u00bb.<\/p>\n<p class=\"v1MsoNormal\" style=\"text-align: justify;\">Durante la visita a la empresa \u00abProductos Panguilemu\u00bb, se convers\u00f3 sobre los cuidados y exposiciones al fr\u00edo, \u00abFue un placer y un honor recibir al ISL, a la Seremi y a la Direcci\u00f3n de Trabajo ac\u00e1 en nuestra oficina, en nuestra planta de proceso, como parte del programa \u00abBajo Cero\u00bb, nos sentimos muy apoyados y agradecidos porque est\u00e1n ayudando a nuestros trabajadores a no pasar fr\u00edo. Trabajamos en condiciones que pueden ser desafiantes, procesando la carne de nuestro campo, de vacuno y de cordero, donde tenemos que trabajar en condiciones bajo 12\u00b0C como requisito de la Seremi de la Salud y trabajamos con c\u00e1mara de fr\u00edo de &#8211; 18\u00b0C. Entonces, las herramientas de apoyo que nos ha dado el ISL han sido fant\u00e1sticas para apoyar nuestro equipo de trabajo, para que trabajen m\u00e1s c\u00f3modos y con m\u00e1s seguridad. As\u00ed que desde Fundo Panguilemu, s\u00faper agradecidos\u00bb, afirm\u00f3 Elizabeth Barkla.<\/p>\n<p class=\"v1MsoNormal\" style=\"text-align: justify;\"><b><u>Normativa laboral vigente<\/u><\/b><\/p>\n<p class=\"v1MsoNormal\" style=\"text-align: justify;\">Cabe recordar que entre las obligaciones legales que tiene el empleador o empleadora est\u00e1n la protecci\u00f3n a las personas que trabajan, tipificado en el art\u00edculo 184 del C\u00f3digo del Trabajo. Este establece que \u00abel empleador estar\u00e1 obligado a tomar todas las medidas necesarias para proteger eficazmente la vida y salud de los trabajadores, informando de los posibles riesgos y manteniendo las condiciones adecuadas de higiene y seguridad en las faenas, como tambi\u00e9n los implementos necesarios para prevenir accidentes y enfermedades profesionales.<\/p>\n<p class=\"v1MsoNormal\" style=\"text-align: justify;\">En lo que respecta espec\u00edficamente al fr\u00edo, este art\u00edculo laboral se vincula con el Decreto Supremo N\u00b0594, del Ministerio de Salud, en sus art\u00edculos 99, 100, 101 y 102, bajo el t\u00edtulo \u00abDe la exposici\u00f3n ocupacional al fr\u00edo\u00bb. El Decreto Supremo N\u00b0 594 sostiene en el Art\u00edculo 99, donde indica que se entender\u00e1 como exposici\u00f3n al fr\u00edo las combinaciones de temperatura y velocidad del aire que logren bajar la temperatura profunda del cuerpo del trabajador a 36\u00b0C o menos, siendo 35\u00b0C admitida para una sola exposici\u00f3n ocasional. Se considera como temperatura ambiental cr\u00edtica, al aire libre, aquella igual o menor de 10\u00b0C, que se agrava por la lluvia y\/o corrientes de aire. La combinaci\u00f3n de temperatura y velocidad de aire da origen a determinada sensaci\u00f3n t\u00e9rmica representada por un valor que indica el peligro a que est\u00e1 expuesto el trabajador.<\/p>\n<p class=\"v1MsoNormal\" style=\"text-align: justify;\">En el Art\u00edculo 100 se menciona que a los trabajadores expuestos al fr\u00edo deber\u00e1n proporcion\u00e1rseles ropa adecuada de protecci\u00f3n contra el fr\u00edo, tales como pantal\u00f3n, parka y gorro, o un sistema integrado tipo overol, confeccionado en tela para otorgar aislamiento t\u00e9rmico. Entre quienes realizan labores expuestos al fr\u00edo, est\u00e1n las personas que trabajan en expendio de combustible, parques y \u00e1reas verdes, recolecci\u00f3n de residuos domiciliarios, obras de construcci\u00f3n, con c\u00e1maras de fr\u00edo, entre otros.<\/p>\n<p class=\"v1MsoNormal\" style=\"text-align: justify;\">La Direcci\u00f3n Regional del Trabajo en la Regi\u00f3n de Ays\u00e9n posee actualmente oficinas en Coyhaique, Ays\u00e9n y General Carrera -Chile Chico- adem\u00e1s de Cisnes. En tanto, el ISL est\u00e1 presente f\u00edsicamente con sucursales en Coyhaique, Ays\u00e9n, Chile Chico y Cochrane.<\/p>\n<\/div><\/section><\/div><div  style='height:50px' class='hr hr-invisible   avia-builder-el-6  el_after_av_one_full  el_before_av_social_share '><span class='hr-inner ' ><span class='hr-inner-style'><\/span><\/span><\/div><\/p>\n<div  class='av-social-sharing-box  avia-builder-el-7  el_after_av_hr  el_before_av_hr  '><div class='av-share-box'><h5 class='av-share-link-description av-no-toc '>Compartir esta noticia<\/h5><ul class='av-share-box-list noLightbox'><li class='av-share-link av-social-link-facebook' ><a target=\"_blank\" aria-label=\"Compartir en Facebook\" href='https:\/\/www.facebook.com\/sharer.php?u=https:\/\/radiorevelacionfm.cl\/?p=56899&#038;t=Autoridades%20laborales%20recuerdan%20obligaci%C3%B3n%20de%20proteger%20a%20trabajadores%20expuestos%20a%20bajas%20temperaturas' aria-hidden='false' data-av_icon='\ue8f3' data-av_iconfont='entypo-fontello' title='' data-avia-related-tooltip='Compartir en Facebook' rel=\"noopener\"><span class='avia_hidden_link_text'>Compartir en Facebook<\/span><\/a><\/li><li class='av-share-link av-social-link-twitter' ><a target=\"_blank\" aria-label=\"Compartir en Twitter\" href='https:\/\/twitter.com\/share?text=Autoridades%20laborales%20recuerdan%20obligaci%C3%B3n%20de%20proteger%20a%20trabajadores%20expuestos%20a%20bajas%20temperaturas&#038;url=https:\/\/radiorevelacionfm.cl\/?p=56899' aria-hidden='false' data-av_icon='\ue8f1' data-av_iconfont='entypo-fontello' title='' data-avia-related-tooltip='Compartir en Twitter' rel=\"noopener\"><span class='avia_hidden_link_text'>Compartir en Twitter<\/span><\/a><\/li><li class='av-share-link av-social-link-whatsapp' ><a target=\"_blank\" aria-label=\"Compartir en Whatsapp\" href='https:\/\/api.whatsapp.com\/send?text=https:\/\/radiorevelacionfm.cl\/?p=56899' aria-hidden='false' data-av_icon='\uf232' data-av_iconfont='entypo-fontello' title='' data-avia-related-tooltip='Compartir en Whatsapp' rel=\"noopener\"><span class='avia_hidden_link_text'>Compartir en Whatsapp<\/span><\/a><\/li><li class='av-share-link av-social-link-linkedin' ><a target=\"_blank\" aria-label=\"Compartir en LinkedIn\" href='https:\/\/linkedin.com\/shareArticle?mini=true&#038;title=Autoridades%20laborales%20recuerdan%20obligaci%C3%B3n%20de%20proteger%20a%20trabajadores%20expuestos%20a%20bajas%20temperaturas&#038;url=https:\/\/radiorevelacionfm.cl\/?p=56899' aria-hidden='false' data-av_icon='\ue8fc' data-av_iconfont='entypo-fontello' title='' data-avia-related-tooltip='Compartir en LinkedIn' rel=\"noopener\"><span class='avia_hidden_link_text'>Compartir en LinkedIn<\/span><\/a><\/li><li class='av-share-link av-social-link-mail' ><a  aria-label=\"Compartir por correo\" href='mailto:?subject=Autoridades%20laborales%20recuerdan%20obligaci%C3%B3n%20de%20proteger%20a%20trabajadores%20expuestos%20a%20bajas%20temperaturas&#038;body=https:\/\/radiorevelacionfm.cl\/?p=56899' aria-hidden='false' data-av_icon='\ue805' data-av_iconfont='entypo-fontello' title='' data-avia-related-tooltip='Compartir por correo'><span class='avia_hidden_link_text'>Compartir por correo<\/span><\/a><\/li><\/ul><\/div><\/div>\n<div  style='height:50px' class='hr hr-invisible   avia-builder-el-8  el_after_av_social_share  el_before_av_comments_list '><span class='hr-inner ' ><span class='hr-inner-style'><\/span><\/span><\/div>\n<div  class='av-buildercomment  av-blog-meta-html-info-disabled av-blog-meta-tag-disabled  '><\/div>\n","protected":false},"excerpt":{"rendered":"","protected":false},"author":1,"featured_media":56900,"comment_status":"closed","ping_status":"closed","sticky":false,"template":"","format":"standard","meta":{"footnotes":""},"categories":[56],"tags":[],"class_list":["post-56899","post","type-post","status-publish","format-standard","has-post-thumbnail","hentry","category-trabajo"],"jetpack_featured_media_url":"https:\/\/radiorevelacionfm.cl\/wp-content\/uploads\/2025\/07\/exposicionalfrio_mintrab_isl_dt-1_optimized.jpeg","_links":{"self":[{"href":"https:\/\/radiorevelacionfm.cl\/index.php?rest_route=\/wp\/v2\/posts\/56899","targetHints":{"allow":["GET"]}}],"collection":[{"href":"https:\/\/radiorevelacionfm.cl\/index.php?rest_route=\/wp\/v2\/posts"}],"about":[{"href":"https:\/\/radiorevelacionfm.cl\/index.php?rest_route=\/wp\/v2\/types\/post"}],"author":[{"embeddable":true,"href":"https:\/\/radiorevelacionfm.cl\/index.php?rest_route=\/wp\/v2\/users\/1"}],"replies":[{"embeddable":true,"href":"https:\/\/radiorevelacionfm.cl\/index.php?rest_route=%2Fwp%2Fv2%2Fcomments&post=56899"}],"version-history":[{"count":2,"href":"https:\/\/radiorevelacionfm.cl\/index.php?rest_route=\/wp\/v2\/posts\/56899\/revisions"}],"predecessor-version":[{"id":56942,"href":"https:\/\/radiorevelacionfm.cl\/index.php?rest_route=\/wp\/v2\/posts\/56899\/revisions\/56942"}],"wp:featuredmedia":[{"embeddable":true,"href":"https:\/\/radiorevelacionfm.cl\/index.php?rest_route=\/wp\/v2\/media\/56900"}],"wp:attachment":[{"href":"https:\/\/radiorevelacionfm.cl\/index.php?rest_route=%2Fwp%2Fv2%2Fmedia&parent=56899"}],"wp:term":[{"taxonomy":"category","embeddable":true,"href":"https:\/\/radiorevelacionfm.cl\/index.php?rest_route=%2Fwp%2Fv2%2Fcategories&post=56899"},{"taxonomy":"post_tag","embeddable":true,"href":"https:\/\/radiorevelacionfm.cl\/index.php?rest_route=%2Fwp%2Fv2%2Ftags&post=56899"}],"curies":[{"name":"wp","href":"https:\/\/api.w.org\/{rel}","templated":true}]}}