{"id":56895,"date":"2025-07-24T11:22:35","date_gmt":"2025-07-24T14:22:35","guid":{"rendered":"https:\/\/radiorevelacionfm.cl\/?p=56895"},"modified":"2025-07-24T11:22:35","modified_gmt":"2025-07-24T14:22:35","slug":"imputada-que-llevaba-droga-para-recluso-en-la-carcel-fue-condenada-por-microtrafico","status":"publish","type":"post","link":"https:\/\/radiorevelacionfm.cl\/?p=56895","title":{"rendered":"Imputada que llevaba droga para recluso en la c\u00e1rcel fue condenada por microtr\u00e1fico"},"content":{"rendered":"<div class=\"flex_column av_one_full  flex_column_div av-zero-column-padding first  avia-builder-el-0  el_before_av_one_full  avia-builder-el-first  \" style='border-radius:0px; '><div  class='avia-image-container  av-styling-    avia-builder-el-1  avia-builder-el-no-sibling  avia-align-center '  itemprop=\"image\" itemscope=\"itemscope\" itemtype=\"https:\/\/schema.org\/ImageObject\"  ><div class='avia-image-container-inner'><div class='avia-image-overlay-wrap'><img decoding=\"async\" class='wp-image-30466 avia-img-lazy-loading-not-30466 avia_image' src=\"https:\/\/radiorevelacionfm.cl\/wp-content\/uploads\/2023\/04\/fiscalia-1_optimized.jpeg\" alt='' title='fiscalia-(1)_optimized' height=\"600\" width=\"919\"  itemprop=\"thumbnailUrl\" srcset=\"https:\/\/radiorevelacionfm.cl\/wp-content\/uploads\/2023\/04\/fiscalia-1_optimized.jpeg 919w, https:\/\/radiorevelacionfm.cl\/wp-content\/uploads\/2023\/04\/fiscalia-1_optimized-300x196.jpeg 300w, https:\/\/radiorevelacionfm.cl\/wp-content\/uploads\/2023\/04\/fiscalia-1_optimized-768x501.jpeg 768w, https:\/\/radiorevelacionfm.cl\/wp-content\/uploads\/2023\/04\/fiscalia-1_optimized-705x460.jpeg 705w, https:\/\/radiorevelacionfm.cl\/wp-content\/uploads\/2023\/04\/fiscalia-1_optimized-450x294.jpeg 450w, https:\/\/radiorevelacionfm.cl\/wp-content\/uploads\/2023\/04\/fiscalia-1_optimized-600x392.jpeg 600w\" sizes=\"(max-width: 919px) 100vw, 919px\" \/><\/div><\/div><\/div><\/div><div class=\"flex_column av_one_full  flex_column_div av-zero-column-padding first  avia-builder-el-2  el_after_av_one_full  el_before_av_one_full  column-top-margin\" style='border-radius:0px; '><section class=\"av_textblock_section \"  itemscope=\"itemscope\" itemtype=\"https:\/\/schema.org\/BlogPosting\" itemprop=\"blogPost\" ><div class='avia_textblock  '   itemprop=\"text\" ><p style=\"text-align: center;\"><span style=\"font-size: 18pt;\"><b>Imputada que llevaba droga para recluso en la c\u00e1rcel fue condenada por microtr\u00e1fico<\/b><\/span><\/p>\n<div id=\"gtx-trans\" style=\"position: absolute; left: -50px; top: 4.31534px;\">\n<div class=\"gtx-trans-icon\"><\/div>\n<\/div>\n<\/div><\/section><\/div><div class=\"flex_column av_one_full  flex_column_div av-zero-column-padding first  avia-builder-el-4  el_after_av_one_full  el_before_av_hr  column-top-margin\" style='border-radius:0px; '><section class=\"av_textblock_section \"  itemscope=\"itemscope\" itemtype=\"https:\/\/schema.org\/BlogPosting\" itemprop=\"blogPost\" ><div class='avia_textblock  '   itemprop=\"text\" ><p class=\"v1MsoNormal\" style=\"text-align: justify;\">En este caso, la Fiscal\u00eda solicit\u00f3 diligencias a funcionarios de Gendarmer\u00eda de Chile y el OS-7 de Carabineros, sumado a informes periciales del Hospital Regional de Coyhaique y el Instituto de Salud P\u00fablica.<\/p>\n<p class=\"v1MsoNormal\" style=\"text-align: justify;\">Tras una acusaci\u00f3n de la Unidad de Drogas de la Fiscal\u00eda Regional de Ays\u00e9n, fue condenada una imputada de 20 a\u00f1os como autora del delito de tr\u00e1fico il\u00edcito de peque\u00f1as cantidades de droga, luego de que intentara ingresar marihuana y coca\u00edna a la c\u00e1rcel, para un tercer sujeto que permanec\u00eda recluido, situaci\u00f3n que fue descubierta por funcionarios de Gendarmer\u00eda en Coyhaique.<\/p>\n<p class=\"v1MsoNormal\" style=\"text-align: justify;\">En este caso las diligencias investigativas fueron efectuadas por funcionarios de Gendarmer\u00eda de Chile y el OS-7 de Carabineros, quienes tambi\u00e9n expusieron en el juicio oral, sumado al informe de peritos del Hospital Regional de Coyhaique y del Instituto de Salud P\u00fablica.<\/p>\n<p class=\"v1MsoNormal\" style=\"text-align: justify;\">HECHOS<\/p>\n<p class=\"v1MsoNormal\" style=\"text-align: justify;\">De acuerdo a lo expuesto en el juicio oral por la Fiscal Adjunta, Mar\u00eda In\u00e9s N\u00fa\u00f1ez, el 24 de noviembre de 2022 alrededor de las 11:15 horas, la imputada concurri\u00f3 hasta el interior del Complejo Penitenciario de Coyhaique, donde fue sorprendida por personal de Gendarmer\u00eda -portando entre sus ropas- un envoltorio con 5.95 gramos de cannabis y dos envoltorios con clorhidrato de coca\u00edna, con un peso neto de 1.4 gramos, sustancias sicotr\u00f3picas que la imputada har\u00eda entrega a un interno del recinto penal.<\/p>\n<p class=\"v1MsoNormal\" style=\"text-align: justify;\"><span lang=\"ES\">En este caso, la sentencia aplicada por el Tribunal fue de quinientos cuarenta y un d\u00edas de presidio menor en su grado medio m\u00e1s una multa de dos unidades tributarias mensuales, es decir cerca de 137 mil pesos.<\/span><\/p>\n<p class=\"v1MsoNormal\" style=\"text-align: justify;\"><span lang=\"ES\">Al concurrir los requisitos de la ley 18.216, el Tribunal de Juicio Oral en Lo Penal sustituy\u00f3 la pena privativa de libertad de la imputada por la libertad vigilada. Por lo anterior, qued\u00f3 sujeta a la vigilancia y orientaci\u00f3n permanentes de un delegado de Gendarmer\u00eda, debiendo cumplir todas las normas de conducta y las instrucciones que se le impartan respecto a educaci\u00f3n, trabajo, cuidado del n\u00facleo familiar, empleo del tiempo libre y cualquiera otra que sea pertinente para una eficaz intervenci\u00f3n individualizada, dictaminaron los\u00a0<\/span>jueces M\u00f3nica Coloma, Rosal\u00eda Mansilla y Pablo Freire.<\/p>\n<\/div><\/section><\/div><div  style='height:50px' class='hr hr-invisible   avia-builder-el-6  el_after_av_one_full  el_before_av_social_share '><span class='hr-inner ' ><span class='hr-inner-style'><\/span><\/span><\/div><\/p>\n<div  class='av-social-sharing-box  avia-builder-el-7  el_after_av_hr  el_before_av_hr  '><div class='av-share-box'><h5 class='av-share-link-description av-no-toc '>Compartir esta noticia<\/h5><ul class='av-share-box-list noLightbox'><li class='av-share-link av-social-link-facebook' ><a target=\"_blank\" aria-label=\"Compartir en Facebook\" href='https:\/\/www.facebook.com\/sharer.php?u=https:\/\/radiorevelacionfm.cl\/?p=56895&#038;t=Imputada%20que%20llevaba%20droga%20para%20recluso%20en%20la%20c%C3%A1rcel%20fue%20condenada%20por%20microtr%C3%A1fico' aria-hidden='false' data-av_icon='\ue8f3' data-av_iconfont='entypo-fontello' title='' data-avia-related-tooltip='Compartir en Facebook' rel=\"noopener\"><span class='avia_hidden_link_text'>Compartir en Facebook<\/span><\/a><\/li><li class='av-share-link av-social-link-twitter' ><a target=\"_blank\" aria-label=\"Compartir en Twitter\" href='https:\/\/twitter.com\/share?text=Imputada%20que%20llevaba%20droga%20para%20recluso%20en%20la%20c%C3%A1rcel%20fue%20condenada%20por%20microtr%C3%A1fico&#038;url=https:\/\/radiorevelacionfm.cl\/?p=56895' aria-hidden='false' data-av_icon='\ue8f1' data-av_iconfont='entypo-fontello' title='' data-avia-related-tooltip='Compartir en Twitter' rel=\"noopener\"><span class='avia_hidden_link_text'>Compartir en Twitter<\/span><\/a><\/li><li class='av-share-link av-social-link-whatsapp' ><a target=\"_blank\" aria-label=\"Compartir en Whatsapp\" href='https:\/\/api.whatsapp.com\/send?text=https:\/\/radiorevelacionfm.cl\/?p=56895' aria-hidden='false' data-av_icon='\uf232' data-av_iconfont='entypo-fontello' title='' data-avia-related-tooltip='Compartir en Whatsapp' rel=\"noopener\"><span class='avia_hidden_link_text'>Compartir en Whatsapp<\/span><\/a><\/li><li class='av-share-link av-social-link-linkedin' ><a target=\"_blank\" aria-label=\"Compartir en LinkedIn\" href='https:\/\/linkedin.com\/shareArticle?mini=true&#038;title=Imputada%20que%20llevaba%20droga%20para%20recluso%20en%20la%20c%C3%A1rcel%20fue%20condenada%20por%20microtr%C3%A1fico&#038;url=https:\/\/radiorevelacionfm.cl\/?p=56895' aria-hidden='false' data-av_icon='\ue8fc' data-av_iconfont='entypo-fontello' title='' data-avia-related-tooltip='Compartir en LinkedIn' rel=\"noopener\"><span class='avia_hidden_link_text'>Compartir en LinkedIn<\/span><\/a><\/li><li class='av-share-link av-social-link-mail' ><a  aria-label=\"Compartir por correo\" href='mailto:?subject=Imputada%20que%20llevaba%20droga%20para%20recluso%20en%20la%20c%C3%A1rcel%20fue%20condenada%20por%20microtr%C3%A1fico&#038;body=https:\/\/radiorevelacionfm.cl\/?p=56895' aria-hidden='false' data-av_icon='\ue805' data-av_iconfont='entypo-fontello' title='' data-avia-related-tooltip='Compartir por correo'><span class='avia_hidden_link_text'>Compartir por correo<\/span><\/a><\/li><\/ul><\/div><\/div>\n<div  style='height:50px' class='hr hr-invisible   avia-builder-el-8  el_after_av_social_share  el_before_av_comments_list '><span class='hr-inner ' ><span class='hr-inner-style'><\/span><\/span><\/div>\n<div  class='av-buildercomment  av-blog-meta-html-info-disabled av-blog-meta-tag-disabled  '><\/div>\n","protected":false},"excerpt":{"rendered":"","protected":false},"author":1,"featured_media":30466,"comment_status":"closed","ping_status":"closed","sticky":false,"template":"","format":"standard","meta":{"footnotes":""},"categories":[55],"tags":[],"class_list":["post-56895","post","type-post","status-publish","format-standard","has-post-thumbnail","hentry","category-justicia"],"jetpack_featured_media_url":"https:\/\/radiorevelacionfm.cl\/wp-content\/uploads\/2023\/04\/fiscalia-1_optimized.jpeg","_links":{"self":[{"href":"https:\/\/radiorevelacionfm.cl\/index.php?rest_route=\/wp\/v2\/posts\/56895","targetHints":{"allow":["GET"]}}],"collection":[{"href":"https:\/\/radiorevelacionfm.cl\/index.php?rest_route=\/wp\/v2\/posts"}],"about":[{"href":"https:\/\/radiorevelacionfm.cl\/index.php?rest_route=\/wp\/v2\/types\/post"}],"author":[{"embeddable":true,"href":"https:\/\/radiorevelacionfm.cl\/index.php?rest_route=\/wp\/v2\/users\/1"}],"replies":[{"embeddable":true,"href":"https:\/\/radiorevelacionfm.cl\/index.php?rest_route=%2Fwp%2Fv2%2Fcomments&post=56895"}],"version-history":[{"count":2,"href":"https:\/\/radiorevelacionfm.cl\/index.php?rest_route=\/wp\/v2\/posts\/56895\/revisions"}],"predecessor-version":[{"id":56898,"href":"https:\/\/radiorevelacionfm.cl\/index.php?rest_route=\/wp\/v2\/posts\/56895\/revisions\/56898"}],"wp:featuredmedia":[{"embeddable":true,"href":"https:\/\/radiorevelacionfm.cl\/index.php?rest_route=\/wp\/v2\/media\/30466"}],"wp:attachment":[{"href":"https:\/\/radiorevelacionfm.cl\/index.php?rest_route=%2Fwp%2Fv2%2Fmedia&parent=56895"}],"wp:term":[{"taxonomy":"category","embeddable":true,"href":"https:\/\/radiorevelacionfm.cl\/index.php?rest_route=%2Fwp%2Fv2%2Fcategories&post=56895"},{"taxonomy":"post_tag","embeddable":true,"href":"https:\/\/radiorevelacionfm.cl\/index.php?rest_route=%2Fwp%2Fv2%2Ftags&post=56895"}],"curies":[{"name":"wp","href":"https:\/\/api.w.org\/{rel}","templated":true}]}}