{"id":56891,"date":"2025-07-24T10:39:31","date_gmt":"2025-07-24T13:39:31","guid":{"rendered":"https:\/\/radiorevelacionfm.cl\/?p=56891"},"modified":"2025-07-24T10:39:31","modified_gmt":"2025-07-24T13:39:31","slug":"congreso-nacional-aprueba-proyecto-de-ley-mas-mujeres-en-directorios","status":"publish","type":"post","link":"https:\/\/radiorevelacionfm.cl\/?p=56891","title":{"rendered":"Congreso Nacional aprueba proyecto de ley \u2018M\u00e1s Mujeres en Directorios\u2019"},"content":{"rendered":"<div class=\"flex_column av_one_full  flex_column_div av-zero-column-padding first  avia-builder-el-0  el_before_av_one_full  avia-builder-el-first  \" style='border-radius:0px; '><div  class='avia-image-container  av-styling-    avia-builder-el-1  avia-builder-el-no-sibling  avia-align-center '  itemprop=\"image\" itemscope=\"itemscope\" itemtype=\"https:\/\/schema.org\/ImageObject\"  ><div class='avia-image-container-inner'><div class='avia-image-overlay-wrap'><img decoding=\"async\" class='wp-image-56892 avia-img-lazy-loading-not-56892 avia_image' src=\"https:\/\/radiorevelacionfm.cl\/wp-content\/uploads\/2025\/07\/imagen-congreso-1-1_optimized.jpeg\" alt='' title='imagen-congreso-1-(1)_optimized' height=\"600\" width=\"901\"  itemprop=\"thumbnailUrl\" srcset=\"https:\/\/radiorevelacionfm.cl\/wp-content\/uploads\/2025\/07\/imagen-congreso-1-1_optimized.jpeg 901w, https:\/\/radiorevelacionfm.cl\/wp-content\/uploads\/2025\/07\/imagen-congreso-1-1_optimized-300x200.jpeg 300w, https:\/\/radiorevelacionfm.cl\/wp-content\/uploads\/2025\/07\/imagen-congreso-1-1_optimized-768x511.jpeg 768w, https:\/\/radiorevelacionfm.cl\/wp-content\/uploads\/2025\/07\/imagen-congreso-1-1_optimized-705x469.jpeg 705w, https:\/\/radiorevelacionfm.cl\/wp-content\/uploads\/2025\/07\/imagen-congreso-1-1_optimized-450x300.jpeg 450w, https:\/\/radiorevelacionfm.cl\/wp-content\/uploads\/2025\/07\/imagen-congreso-1-1_optimized-600x400.jpeg 600w\" sizes=\"(max-width: 901px) 100vw, 901px\" \/><\/div><\/div><\/div><\/div><div class=\"flex_column av_one_full  flex_column_div av-zero-column-padding first  avia-builder-el-2  el_after_av_one_full  el_before_av_one_full  column-top-margin\" style='border-radius:0px; '><section class=\"av_textblock_section \"  itemscope=\"itemscope\" itemtype=\"https:\/\/schema.org\/BlogPosting\" itemprop=\"blogPost\" ><div class='avia_textblock  '   itemprop=\"text\" ><p style=\"text-align: center;\"><strong><span style=\"font-size: 18pt;\">Congreso Nacional aprueba proyecto de ley \u2018M\u00e1s Mujeres en Directorios\u2019<\/span><\/strong><\/p>\n<div id=\"gtx-trans\" style=\"position: absolute; left: -50px; top: 4.31534px;\">\n<div class=\"gtx-trans-icon\"><\/div>\n<\/div>\n<\/div><\/section><\/div><div class=\"flex_column av_one_full  flex_column_div av-zero-column-padding first  avia-builder-el-4  el_after_av_one_full  el_before_av_hr  column-top-margin\" style='border-radius:0px; '><section class=\"av_textblock_section \"  itemscope=\"itemscope\" itemtype=\"https:\/\/schema.org\/BlogPosting\" itemprop=\"blogPost\" ><div class='avia_textblock  '   itemprop=\"text\" ><ul>\n<li style=\"text-align: justify;\"><em>Plantea una cuota m\u00e1xima sugerida de 60% de representaci\u00f3n, tanto de hombres o de mujeres, en las planas altas empresariales.<\/em><\/li>\n<li style=\"text-align: justify;\"><em>La iniciativa fue respaldada a favor en la sala de la C\u00e1mara de Diputadas y Diputados, en su tercer tr\u00e1mite constitucional.<\/em><\/li>\n<\/ul>\n<p style=\"text-align: justify;\">El Congreso Nacional despach\u00f3 a ley el proyecto \u201cM\u00e1s Mujeres en Directorios\u201d, que busca <strong>elevar la participaci\u00f3n de las mujeres <\/strong>en las mesas directivas de las <strong>sociedades an\u00f3nimas, abiertas y especiales<\/strong>, que son fiscalizadas por la Comisi\u00f3n para el Mercado Financiero (CMF).<\/p>\n<p style=\"text-align: justify;\">En concreto, la iniciativa plantea que exista <strong>una cuota m\u00e1xima sugerida del 60% del sexo con mayor representaci\u00f3n <\/strong>en los directorios de las empresas, para que, tanto hombres como mujeres, integren equitativamente estos espacios. Para esto, considera un <strong>modelo de \u201ccumplir o explicar\u201d<\/strong>, en el que las empresas deber\u00e1n justificar p\u00fablicamente si adoptan o no la sugerencia.<\/p>\n<p style=\"text-align: justify;\">Tras la discusi\u00f3n, la <strong>subsecretaria de Econom\u00eda y Empresas de Menor Tama\u00f1o<\/strong>, <strong>Javiera Petersen, <\/strong>declar\u00f3 que \u201cla votaci\u00f3n de hoy es fruto de un acuerdo amplio entre sectores pol\u00edticos y organizaciones de la sociedad civil, que nos permiti\u00f3 avanzar en <strong>una pol\u00edtica p\u00fablica innovadora, gradual y con visi\u00f3n de largo plazo<\/strong>. Contar con m\u00e1s mujeres en donde se toman las decisiones empresariales m\u00e1s importantes es tambi\u00e9n una demanda del mercado, porque nos permite <strong>contar con espacios m\u00e1s diversos y, por tanto, m\u00e1s productivos. <\/strong>Sin duda, con esta ley estamos impulsando un mejor desempe\u00f1o de las empresas y de la econom\u00eda de Chile.\u00bb<\/p>\n<p style=\"text-align: justify;\">La CMF evaluar\u00e1 permanentemente la implementaci\u00f3n de la ley, determinando a cu\u00e1les empresas, entre <strong>aquellas que no adoptaron la cuota sugerida, se les podr\u00eda aplicar una cuota obligatoria, <\/strong>de forma transitoria <strong>por cuatro a\u00f1os. <\/strong>En tanto, las empresas cumplidoras ser\u00e1n destacadas positivamente, teniendo un efecto reputacional frente a su competencia.<\/p>\n<p style=\"text-align: justify;\">Por su parte, <strong>la ministra (s) de la Mujer y la Equidad de G\u00e9nero, Claudia Donaire<\/strong>, sostuvo que \u201ces una gran noticia para Chile y un paso concreto hacia la igualdad de g\u00e9nero. As\u00ed como hemos respaldado iniciativas como la Ley de 40 Horas, la Ley de Conciliaci\u00f3n de la Vida Laboral, Familiar y Personal y el proyecto de Ley Sala Cuna Para Chile, creemos fundamental que m\u00e1s mujeres accedan a espacios de alta decisi\u00f3n. Que las mujeres est\u00e9n presentes en espacios de tomas de decisiones <strong>no s\u00f3lo es un tema de equidad de g\u00e9nero, <\/strong>sino que tambi\u00e9n de productividad y desarrollo para el pa\u00eds\u201d.<\/p>\n<p style=\"text-align: justify;\">Frente a este tema, la autoridad regional del Ministerio de la Mujer y la Equidad de G\u00e9nero, la Seremi Isidora Gacit\u00faa Goles, reiter\u00f3: \u201cla autonom\u00eda de toma de decisiones es fundamental para el desarrollo no solo de las mujeres, sino tambi\u00e9n es una expresi\u00f3n de m\u00e1s democracia, tener m\u00e1s mujeres en directorios es tener m\u00e1s mujeres tomando decisiones. La aprobaci\u00f3n de este proyecto es muy relevante, sobre todo con los resultados del \u00faltimo CENSO donde se ha evidenciado que las mujeres representamos a m\u00e1s de la mitad de la poblaci\u00f3n de nuestro pa\u00eds, es por esto que generar las condiciones para que podamos desarrollarnos con mayor igualdad sin duda debe ser y es uno de los grandes compromisos de nuestro gobierno\u201d.<\/p>\n<p style=\"text-align: justify;\"><strong>M\u00e1s Mujeres en Directorios<\/strong><\/p>\n<p style=\"text-align: justify;\">El proyecto, presentado en noviembre de 2022, plantea un porcentaje de cuota m\u00e1xima sugerida del 60% del sexo con mayor representaci\u00f3n en los directorios de las empresas. <strong>La implementaci\u00f3n, <\/strong>sin embargo, <strong>ser\u00e1 gradual. <\/strong>Inicialmente, la sugerencia para las empresas ser\u00e1 establecer <strong>una cuota de 80, 70 y, luego, 60%. <\/strong>A partir de los seis a\u00f1os desde su publicaci\u00f3n, la CMF evaluar\u00e1 permanentemente la implementaci\u00f3n de la ley, pudiendo determinar si es necesaria una cuota obligatoria, de forma transitoria por cuatro a\u00f1os, para empresas que no adoptaron la medida.<\/p>\n<p style=\"text-align: justify;\">Dentro de la discusi\u00f3n, adem\u00e1s, se incorporaron <strong>indicaciones para visibilizar y reconocer a las empresas que presenten buenos indicadores de equidad <\/strong>en sus directorios. Por ejemplo, se estableci\u00f3 un mecanismo de reconocimiento en el sistema de compras p\u00fablicas para aquellas que adopten de manera anticipada la cuota sugerida, destac\u00e1ndolas como promotoras de la igualdad de g\u00e9nero y el liderazgo femenino. As\u00ed, estos indicadores podr\u00e1n ser considerados como un criterio adicional a la evaluaci\u00f3n t\u00e9cnica y econ\u00f3mica que se realizan en las licitaciones.<\/p>\n<p style=\"text-align: justify;\">Por \u00faltimo, se contempla la creaci\u00f3n de un <strong>Comit\u00e9 Asesor de car\u00e1cter transitorio compuesto por actores p\u00fablicos y privados<\/strong>, que asesorar\u00e1n a los ministerios de Econom\u00eda, Hacienda y de la Mujer en la aplicaci\u00f3n de la ley. Con esto se reforzar\u00e1n los esfuerzos para fomentar una representaci\u00f3n equitativa de hombres y mujeres en los directorios de estas sociedades an\u00f3nimas abiertas y especiales.<\/p>\n<\/div><\/section><\/div><div  style='height:50px' class='hr hr-invisible   avia-builder-el-6  el_after_av_one_full  el_before_av_social_share '><span class='hr-inner ' ><span class='hr-inner-style'><\/span><\/span><\/div><\/p>\n<div  class='av-social-sharing-box  avia-builder-el-7  el_after_av_hr  el_before_av_hr  '><div class='av-share-box'><h5 class='av-share-link-description av-no-toc '>Compartir esta noticia<\/h5><ul class='av-share-box-list noLightbox'><li class='av-share-link av-social-link-facebook' ><a target=\"_blank\" aria-label=\"Compartir en Facebook\" href='https:\/\/www.facebook.com\/sharer.php?u=https:\/\/radiorevelacionfm.cl\/?p=56891&#038;t=Congreso%20Nacional%20aprueba%20proyecto%20de%20ley%20%E2%80%98M%C3%A1s%20Mujeres%20en%20Directorios%E2%80%99' aria-hidden='false' data-av_icon='\ue8f3' data-av_iconfont='entypo-fontello' title='' data-avia-related-tooltip='Compartir en Facebook' rel=\"noopener\"><span class='avia_hidden_link_text'>Compartir en Facebook<\/span><\/a><\/li><li class='av-share-link av-social-link-twitter' ><a target=\"_blank\" aria-label=\"Compartir en Twitter\" href='https:\/\/twitter.com\/share?text=Congreso%20Nacional%20aprueba%20proyecto%20de%20ley%20%E2%80%98M%C3%A1s%20Mujeres%20en%20Directorios%E2%80%99&#038;url=https:\/\/radiorevelacionfm.cl\/?p=56891' aria-hidden='false' data-av_icon='\ue8f1' data-av_iconfont='entypo-fontello' title='' data-avia-related-tooltip='Compartir en Twitter' rel=\"noopener\"><span class='avia_hidden_link_text'>Compartir en Twitter<\/span><\/a><\/li><li class='av-share-link av-social-link-whatsapp' ><a target=\"_blank\" aria-label=\"Compartir en Whatsapp\" href='https:\/\/api.whatsapp.com\/send?text=https:\/\/radiorevelacionfm.cl\/?p=56891' aria-hidden='false' data-av_icon='\uf232' data-av_iconfont='entypo-fontello' title='' data-avia-related-tooltip='Compartir en Whatsapp' rel=\"noopener\"><span class='avia_hidden_link_text'>Compartir en Whatsapp<\/span><\/a><\/li><li class='av-share-link av-social-link-linkedin' ><a target=\"_blank\" aria-label=\"Compartir en LinkedIn\" href='https:\/\/linkedin.com\/shareArticle?mini=true&#038;title=Congreso%20Nacional%20aprueba%20proyecto%20de%20ley%20%E2%80%98M%C3%A1s%20Mujeres%20en%20Directorios%E2%80%99&#038;url=https:\/\/radiorevelacionfm.cl\/?p=56891' aria-hidden='false' data-av_icon='\ue8fc' data-av_iconfont='entypo-fontello' title='' data-avia-related-tooltip='Compartir en LinkedIn' rel=\"noopener\"><span class='avia_hidden_link_text'>Compartir en LinkedIn<\/span><\/a><\/li><li class='av-share-link av-social-link-mail' ><a  aria-label=\"Compartir por correo\" href='mailto:?subject=Congreso%20Nacional%20aprueba%20proyecto%20de%20ley%20%E2%80%98M%C3%A1s%20Mujeres%20en%20Directorios%E2%80%99&#038;body=https:\/\/radiorevelacionfm.cl\/?p=56891' aria-hidden='false' data-av_icon='\ue805' data-av_iconfont='entypo-fontello' title='' data-avia-related-tooltip='Compartir por correo'><span class='avia_hidden_link_text'>Compartir por correo<\/span><\/a><\/li><\/ul><\/div><\/div>\n<div  style='height:50px' class='hr hr-invisible   avia-builder-el-8  el_after_av_social_share  el_before_av_comments_list '><span class='hr-inner ' ><span class='hr-inner-style'><\/span><\/span><\/div>\n<div  class='av-buildercomment  av-blog-meta-html-info-disabled av-blog-meta-tag-disabled  '><\/div>\n","protected":false},"excerpt":{"rendered":"","protected":false},"author":1,"featured_media":56892,"comment_status":"closed","ping_status":"closed","sticky":false,"template":"","format":"standard","meta":{"footnotes":""},"categories":[61],"tags":[],"class_list":["post-56891","post","type-post","status-publish","format-standard","has-post-thumbnail","hentry","category-nacional"],"jetpack_featured_media_url":"https:\/\/radiorevelacionfm.cl\/wp-content\/uploads\/2025\/07\/imagen-congreso-1-1_optimized.jpeg","_links":{"self":[{"href":"https:\/\/radiorevelacionfm.cl\/index.php?rest_route=\/wp\/v2\/posts\/56891","targetHints":{"allow":["GET"]}}],"collection":[{"href":"https:\/\/radiorevelacionfm.cl\/index.php?rest_route=\/wp\/v2\/posts"}],"about":[{"href":"https:\/\/radiorevelacionfm.cl\/index.php?rest_route=\/wp\/v2\/types\/post"}],"author":[{"embeddable":true,"href":"https:\/\/radiorevelacionfm.cl\/index.php?rest_route=\/wp\/v2\/users\/1"}],"replies":[{"embeddable":true,"href":"https:\/\/radiorevelacionfm.cl\/index.php?rest_route=%2Fwp%2Fv2%2Fcomments&post=56891"}],"version-history":[{"count":2,"href":"https:\/\/radiorevelacionfm.cl\/index.php?rest_route=\/wp\/v2\/posts\/56891\/revisions"}],"predecessor-version":[{"id":56894,"href":"https:\/\/radiorevelacionfm.cl\/index.php?rest_route=\/wp\/v2\/posts\/56891\/revisions\/56894"}],"wp:featuredmedia":[{"embeddable":true,"href":"https:\/\/radiorevelacionfm.cl\/index.php?rest_route=\/wp\/v2\/media\/56892"}],"wp:attachment":[{"href":"https:\/\/radiorevelacionfm.cl\/index.php?rest_route=%2Fwp%2Fv2%2Fmedia&parent=56891"}],"wp:term":[{"taxonomy":"category","embeddable":true,"href":"https:\/\/radiorevelacionfm.cl\/index.php?rest_route=%2Fwp%2Fv2%2Fcategories&post=56891"},{"taxonomy":"post_tag","embeddable":true,"href":"https:\/\/radiorevelacionfm.cl\/index.php?rest_route=%2Fwp%2Fv2%2Ftags&post=56891"}],"curies":[{"name":"wp","href":"https:\/\/api.w.org\/{rel}","templated":true}]}}