{"id":56882,"date":"2025-07-24T09:56:11","date_gmt":"2025-07-24T12:56:11","guid":{"rendered":"https:\/\/radiorevelacionfm.cl\/?p=56882"},"modified":"2025-07-24T09:56:11","modified_gmt":"2025-07-24T12:56:11","slug":"sandoval-recalca-que-proyecto-que-perfecciona-ley-lafkenche-es-necesario-para-corregir-excesos-y-evitar-conflictos-con-otras-actividades-clave-como-la-pesca-artesanal","status":"publish","type":"post","link":"https:\/\/radiorevelacionfm.cl\/?p=56882","title":{"rendered":"Sandoval recalca que proyecto que perfecciona Ley Lafkenche es necesario para corregir excesos y evitar conflictos con otras actividades clave, como la pesca artesanal"},"content":{"rendered":"<div class=\"flex_column av_one_full  flex_column_div av-zero-column-padding first  avia-builder-el-0  el_before_av_one_full  avia-builder-el-first  \" style='border-radius:0px; '><div  class='avia-image-container  av-styling-    avia-builder-el-1  avia-builder-el-no-sibling  avia-align-center '  itemprop=\"image\" itemscope=\"itemscope\" itemtype=\"https:\/\/schema.org\/ImageObject\"  ><div class='avia-image-container-inner'><div class='avia-image-overlay-wrap'><img decoding=\"async\" class='wp-image-56883 avia-img-lazy-loading-not-56883 avia_image' src=\"https:\/\/radiorevelacionfm.cl\/wp-content\/uploads\/2025\/07\/lafkenche-1-1.jpg\" alt='' title='lafkenche (1) (1)' height=\"600\" width=\"964\"  itemprop=\"thumbnailUrl\" srcset=\"https:\/\/radiorevelacionfm.cl\/wp-content\/uploads\/2025\/07\/lafkenche-1-1.jpg 964w, https:\/\/radiorevelacionfm.cl\/wp-content\/uploads\/2025\/07\/lafkenche-1-1-300x187.jpg 300w, https:\/\/radiorevelacionfm.cl\/wp-content\/uploads\/2025\/07\/lafkenche-1-1-768x478.jpg 768w, https:\/\/radiorevelacionfm.cl\/wp-content\/uploads\/2025\/07\/lafkenche-1-1-705x439.jpg 705w, https:\/\/radiorevelacionfm.cl\/wp-content\/uploads\/2025\/07\/lafkenche-1-1-450x280.jpg 450w, https:\/\/radiorevelacionfm.cl\/wp-content\/uploads\/2025\/07\/lafkenche-1-1-600x373.jpg 600w\" sizes=\"(max-width: 964px) 100vw, 964px\" \/><\/div><\/div><\/div><\/div><div class=\"flex_column av_one_full  flex_column_div av-zero-column-padding first  avia-builder-el-2  el_after_av_one_full  el_before_av_one_full  column-top-margin\" style='border-radius:0px; '><section class=\"av_textblock_section \"  itemscope=\"itemscope\" itemtype=\"https:\/\/schema.org\/BlogPosting\" itemprop=\"blogPost\" ><div class='avia_textblock  '   itemprop=\"text\" ><p style=\"text-align: center;\"><span style=\"font-size: 18pt;\"><strong>Sandoval recalca que proyecto que perfecciona Ley Lafkenche es necesario para corregir excesos y evitar conflictos con otras actividades clave, como la pesca artesanal<\/strong><\/span><\/p>\n<div id=\"gtx-trans\" style=\"position: absolute; left: -50px; top: 4.31534px;\">\n<div class=\"gtx-trans-icon\"><\/div>\n<\/div>\n<\/div><\/section><\/div><div class=\"flex_column av_one_full  flex_column_div av-zero-column-padding first  avia-builder-el-4  el_after_av_one_full  el_before_av_hr  column-top-margin\" style='border-radius:0px; '><section class=\"av_textblock_section \"  itemscope=\"itemscope\" itemtype=\"https:\/\/schema.org\/BlogPosting\" itemprop=\"blogPost\" ><div class='avia_textblock  '   itemprop=\"text\" ><p style=\"text-align: justify;\"><em>Iniciativa propone armonizar las normas del uso consuetudinario del borde costero, con las dem\u00e1s actividades desarrolladas en \u00e9l.<\/em><\/p>\n<p style=\"text-align: justify;\">\u201cEl borde costero en Chile tiene una escenificaci\u00f3n absolutamente determinante en muchos sentidos, en muchas actividades a lo largo del pa\u00eds\u201d. As\u00ed lo se\u00f1al\u00f3 el senador David Sandoval al referirse a los alcances del proyecto que busca modificar la ley 20.249 que Crea el Espacio Costero Marino de los Pueblos Originarios.<\/p>\n<p style=\"text-align: justify;\">La propuesta legislativa comenz\u00f3, en los \u00faltimos d\u00edas, a ser debatida en la Sala del Senado, esperando ser pronto ser despachada a la C\u00e1mara de Diputados para continuar con su tr\u00e1mite legislativo. \u201cChile es una naci\u00f3n mar\u00edtima por donde uno la mire y por lo mismo, el uso, la sistematizaci\u00f3n, la compatibilizaci\u00f3n y el ordenamiento de esto requiere decisiones que procuren que ninguna norma termine por afectar a otras, as\u00ed como tampoco a nuestra vocaci\u00f3n mar\u00edtima, nuestra vocaci\u00f3n pesquera, que tenemos como como pa\u00eds\u201d, subray\u00f3.<\/p>\n<p style=\"text-align: justify;\">El impacto que ha tenido esta norma incluso fue abordado en el reciente debate de los candidatos presidenciales Evelyn Matthei, Jos\u00e9 Antonio Kast y Jeannette Jara, en el Salmon Summit 2025, desarrollado en los \u00faltimos d\u00edas en Frutillar, regi\u00f3n de Los Lagos.<\/p>\n<p style=\"text-align: justify;\">Al respecto, Sandoval profundiz\u00f3 se\u00f1alando que la presentaci\u00f3n del proyecto busca perfeccionar la actual ley Lafkenche, por ejemplo, en materia de plazos. \u201cCuando hay un requerimiento de espacio costero para pueblos originarios, autom\u00e1ticamente se suspende cualquier otra tramitaci\u00f3n, pero a veces son a\u00f1os lo que esta situaci\u00f3n implica y no se puede hipotecar as\u00ed el futuro, m\u00e1s cuando se ha comprobado que, en el caso de algunas peticiones, \u00e9stas est\u00e1n absolutamente distorsionadas con intereses que no tienen nada que ver con el reconocimiento de uso del borde costero por pueblos originarios\u201d, explic\u00f3.<\/p>\n<p style=\"text-align: justify;\">Seg\u00fan el parlamentario \u201cno hay ninguna comunidad costera en la regi\u00f3n de Ays\u00e9n que est\u00e9 sustentada en el real uso consuetudinario que dice la norma, de esos espacios\u201d, criticando de paso el rol que ha cumplido la CONADI en este tema. \u201cEsas son las cosas que hay que arreglar y esa es la tremenda labor que tiene la estructura nacional en materia de las candidaturas presidenciales\u201d, enfatiz\u00f3.<\/p>\n<p style=\"text-align: justify;\">En ese contexto, el legislador subray\u00f3 que Chile \u201cnecesita certeza, seguridad y ampliar estos temas para resolver los cuellos de botella\u201d, m\u00e1s cuando la norma actual fija ciertas limitaciones. \u201cHay que regularizar qui\u00e9nes son los que realmente representan a las comunidades ind\u00edgenas, porque hubo serios cuestionamientos de comunidades que en realidad no representaron los intereses de las comunidades ind\u00edgenas, sino que representaban otros intereses\u201d, recalc\u00f3.<\/p>\n<p style=\"text-align: justify;\">Cabe recordar que el proyecto de ley que propone armonizar las normas del uso consuetudinario del borde costero, con las dem\u00e1s actividades desarrolladas en \u00e9l, fue presentado en abril de 2023 por el senador Sandoval en conjunto con los senadores Fidel Espinoza, Carlos Kuschel, Gast\u00f3n Saavedra, y el exsenador \u00c1lvaro Elizalde.<\/p>\n<p style=\"text-align: justify;\"><strong>\u00a0<\/strong><\/p>\n<\/div><\/section><\/div><div  style='height:50px' class='hr hr-invisible   avia-builder-el-6  el_after_av_one_full  el_before_av_social_share '><span class='hr-inner ' ><span class='hr-inner-style'><\/span><\/span><\/div><\/p>\n<div  class='av-social-sharing-box  avia-builder-el-7  el_after_av_hr  el_before_av_hr  '><div class='av-share-box'><h5 class='av-share-link-description av-no-toc '>Compartir esta noticia<\/h5><ul class='av-share-box-list noLightbox'><li class='av-share-link av-social-link-facebook' ><a target=\"_blank\" aria-label=\"Compartir en Facebook\" href='https:\/\/www.facebook.com\/sharer.php?u=https:\/\/radiorevelacionfm.cl\/?p=56882&#038;t=Sandoval%20recalca%20que%20proyecto%20que%20perfecciona%20Ley%20Lafkenche%20es%20necesario%20para%20corregir%20excesos%20y%20evitar%20conflictos%20con%20otras%20actividades%20clave%2C%20como%20la%20pesca%20artesanal' aria-hidden='false' data-av_icon='\ue8f3' data-av_iconfont='entypo-fontello' title='' data-avia-related-tooltip='Compartir en Facebook' rel=\"noopener\"><span class='avia_hidden_link_text'>Compartir en Facebook<\/span><\/a><\/li><li class='av-share-link av-social-link-twitter' ><a target=\"_blank\" aria-label=\"Compartir en Twitter\" href='https:\/\/twitter.com\/share?text=Sandoval%20recalca%20que%20proyecto%20que%20perfecciona%20Ley%20Lafkenche%20es%20necesario%20para%20corregir%20excesos%20y%20evitar%20conflictos%20con%20otras%20actividades%20clave%2C%20como%20la%20pesca%20artesanal&#038;url=https:\/\/radiorevelacionfm.cl\/?p=56882' aria-hidden='false' data-av_icon='\ue8f1' data-av_iconfont='entypo-fontello' title='' data-avia-related-tooltip='Compartir en Twitter' rel=\"noopener\"><span class='avia_hidden_link_text'>Compartir en Twitter<\/span><\/a><\/li><li class='av-share-link av-social-link-whatsapp' ><a target=\"_blank\" aria-label=\"Compartir en Whatsapp\" href='https:\/\/api.whatsapp.com\/send?text=https:\/\/radiorevelacionfm.cl\/?p=56882' aria-hidden='false' data-av_icon='\uf232' data-av_iconfont='entypo-fontello' title='' data-avia-related-tooltip='Compartir en Whatsapp' rel=\"noopener\"><span class='avia_hidden_link_text'>Compartir en Whatsapp<\/span><\/a><\/li><li class='av-share-link av-social-link-linkedin' ><a target=\"_blank\" aria-label=\"Compartir en LinkedIn\" href='https:\/\/linkedin.com\/shareArticle?mini=true&#038;title=Sandoval%20recalca%20que%20proyecto%20que%20perfecciona%20Ley%20Lafkenche%20es%20necesario%20para%20corregir%20excesos%20y%20evitar%20conflictos%20con%20otras%20actividades%20clave%2C%20como%20la%20pesca%20artesanal&#038;url=https:\/\/radiorevelacionfm.cl\/?p=56882' aria-hidden='false' data-av_icon='\ue8fc' data-av_iconfont='entypo-fontello' title='' data-avia-related-tooltip='Compartir en LinkedIn' rel=\"noopener\"><span class='avia_hidden_link_text'>Compartir en LinkedIn<\/span><\/a><\/li><li class='av-share-link av-social-link-mail' ><a  aria-label=\"Compartir por correo\" href='mailto:?subject=Sandoval%20recalca%20que%20proyecto%20que%20perfecciona%20Ley%20Lafkenche%20es%20necesario%20para%20corregir%20excesos%20y%20evitar%20conflictos%20con%20otras%20actividades%20clave%2C%20como%20la%20pesca%20artesanal&#038;body=https:\/\/radiorevelacionfm.cl\/?p=56882' aria-hidden='false' data-av_icon='\ue805' data-av_iconfont='entypo-fontello' title='' data-avia-related-tooltip='Compartir por correo'><span class='avia_hidden_link_text'>Compartir por correo<\/span><\/a><\/li><\/ul><\/div><\/div>\n<div  style='height:50px' class='hr hr-invisible   avia-builder-el-8  el_after_av_social_share  el_before_av_comments_list '><span class='hr-inner ' ><span class='hr-inner-style'><\/span><\/span><\/div>\n<div  class='av-buildercomment  av-blog-meta-html-info-disabled av-blog-meta-tag-disabled  '><\/div>\n","protected":false},"excerpt":{"rendered":"","protected":false},"author":1,"featured_media":56883,"comment_status":"closed","ping_status":"closed","sticky":false,"template":"","format":"standard","meta":{"footnotes":""},"categories":[35],"tags":[],"class_list":["post-56882","post","type-post","status-publish","format-standard","has-post-thumbnail","hentry","category-politica"],"jetpack_featured_media_url":"https:\/\/radiorevelacionfm.cl\/wp-content\/uploads\/2025\/07\/lafkenche-1-1.jpg","_links":{"self":[{"href":"https:\/\/radiorevelacionfm.cl\/index.php?rest_route=\/wp\/v2\/posts\/56882","targetHints":{"allow":["GET"]}}],"collection":[{"href":"https:\/\/radiorevelacionfm.cl\/index.php?rest_route=\/wp\/v2\/posts"}],"about":[{"href":"https:\/\/radiorevelacionfm.cl\/index.php?rest_route=\/wp\/v2\/types\/post"}],"author":[{"embeddable":true,"href":"https:\/\/radiorevelacionfm.cl\/index.php?rest_route=\/wp\/v2\/users\/1"}],"replies":[{"embeddable":true,"href":"https:\/\/radiorevelacionfm.cl\/index.php?rest_route=%2Fwp%2Fv2%2Fcomments&post=56882"}],"version-history":[{"count":2,"href":"https:\/\/radiorevelacionfm.cl\/index.php?rest_route=\/wp\/v2\/posts\/56882\/revisions"}],"predecessor-version":[{"id":56890,"href":"https:\/\/radiorevelacionfm.cl\/index.php?rest_route=\/wp\/v2\/posts\/56882\/revisions\/56890"}],"wp:featuredmedia":[{"embeddable":true,"href":"https:\/\/radiorevelacionfm.cl\/index.php?rest_route=\/wp\/v2\/media\/56883"}],"wp:attachment":[{"href":"https:\/\/radiorevelacionfm.cl\/index.php?rest_route=%2Fwp%2Fv2%2Fmedia&parent=56882"}],"wp:term":[{"taxonomy":"category","embeddable":true,"href":"https:\/\/radiorevelacionfm.cl\/index.php?rest_route=%2Fwp%2Fv2%2Fcategories&post=56882"},{"taxonomy":"post_tag","embeddable":true,"href":"https:\/\/radiorevelacionfm.cl\/index.php?rest_route=%2Fwp%2Fv2%2Ftags&post=56882"}],"curies":[{"name":"wp","href":"https:\/\/api.w.org\/{rel}","templated":true}]}}