{"id":5688,"date":"2021-06-28T16:02:41","date_gmt":"2021-06-28T19:02:41","guid":{"rendered":"https:\/\/radiorevelacionfm.cl\/?p=5688"},"modified":"2021-06-28T16:02:41","modified_gmt":"2021-06-28T19:02:41","slug":"hospital-regional-coyhaique-se-fortalece-con-llegada-de-nuevos-especialistas","status":"publish","type":"post","link":"https:\/\/radiorevelacionfm.cl\/?p=5688","title":{"rendered":"Hospital Regional Coyhaique se fortalece con llegada de nuevos especialistas"},"content":{"rendered":"<div class=\"flex_column av_one_full  flex_column_div av-zero-column-padding first  avia-builder-el-0  el_before_av_one_full  avia-builder-el-first  \" style='border-radius:0px; '><div  class='avia-image-container  av-styling-    avia-builder-el-1  avia-builder-el-no-sibling  avia-align-center '  itemprop=\"image\" itemscope=\"itemscope\" itemtype=\"https:\/\/schema.org\/ImageObject\"  ><div class='avia-image-container-inner'><div class='avia-image-overlay-wrap'><img decoding=\"async\" class='wp-image-5689 avia-img-lazy-loading-not-5689 avia_image' src=\"https:\/\/radiorevelacionfm.cl\/wp-content\/uploads\/2021\/06\/IMG_20210625_154244-1-1.jpg\" alt='' title='IMG_20210625_154244 (1) (1)' height=\"600\" width=\"1067\"  itemprop=\"thumbnailUrl\" srcset=\"https:\/\/radiorevelacionfm.cl\/wp-content\/uploads\/2021\/06\/IMG_20210625_154244-1-1.jpg 1067w, https:\/\/radiorevelacionfm.cl\/wp-content\/uploads\/2021\/06\/IMG_20210625_154244-1-1-300x169.jpg 300w, https:\/\/radiorevelacionfm.cl\/wp-content\/uploads\/2021\/06\/IMG_20210625_154244-1-1-1030x579.jpg 1030w, https:\/\/radiorevelacionfm.cl\/wp-content\/uploads\/2021\/06\/IMG_20210625_154244-1-1-768x432.jpg 768w, https:\/\/radiorevelacionfm.cl\/wp-content\/uploads\/2021\/06\/IMG_20210625_154244-1-1-705x396.jpg 705w, https:\/\/radiorevelacionfm.cl\/wp-content\/uploads\/2021\/06\/IMG_20210625_154244-1-1-600x337.jpg 600w\" sizes=\"(max-width: 1067px) 100vw, 1067px\" \/><\/div><\/div><\/div><\/div><div class=\"flex_column av_one_full  flex_column_div av-zero-column-padding first  avia-builder-el-2  el_after_av_one_full  el_before_av_one_full  column-top-margin\" style='border-radius:0px; '><section class=\"av_textblock_section \"  itemscope=\"itemscope\" itemtype=\"https:\/\/schema.org\/BlogPosting\" itemprop=\"blogPost\" ><div class='avia_textblock  '   itemprop=\"text\" ><p style=\"text-align: center;\"><strong><span style=\"font-size: 18pt;\">Hospital Regional Coyhaique se fortalece con llegada de nuevos especialistas<\/span><\/strong><\/p>\n<div id=\"gtx-trans\" style=\"position: absolute; left: -50px; top: 4.31534px;\">\n<div class=\"gtx-trans-icon\"><\/div>\n<\/div>\n<\/div><\/section><\/div><div class=\"flex_column av_one_full  flex_column_div av-zero-column-padding first  avia-builder-el-4  el_after_av_one_full  el_before_av_hr  column-top-margin\" style='border-radius:0px; '><section class=\"av_textblock_section \"  itemscope=\"itemscope\" itemtype=\"https:\/\/schema.org\/BlogPosting\" itemprop=\"blogPost\" ><div class='avia_textblock  '   itemprop=\"text\" ><p style=\"text-align: justify;\">A pesar de la contingencia sanitaria, fortalecer la resolutividad del Hospital Regional Coyhaique sigue siendo uno de los objetivos del \u00fanico centro asistencial de alta complejidad de la regi\u00f3n. Una de las estrategias es la llegada de m\u00e9dicos especialistas, y la oferta a nuevos profesionales para aumentar el n\u00famero de prestaciones a la poblaci\u00f3n regional.<\/p>\n<p style=\"text-align: justify;\">Es as\u00ed que paulatinamente durante este 2021 se sumar\u00e1n 6 nuevos especialistas HRC, 4 de ellos que inician su Periodo Asistencial Obligatorio (PAO), que consiste en la devoluci\u00f3n de la beca que les permiti\u00f3 seguir especializ\u00e1ndose, lo que es destacado por el Dr. Pedro Pablo Pinto, subdirector m\u00e9dico del establecimiento: \u201ccomo PAO tenemos arribados profesionales en los servicios de Cirug\u00eda, Pediatr\u00eda y Medicina Interna, los servicios b\u00e1sicos que cada centro asistencial, especialmente los hospitales base\u201d, sostuvo.<\/p>\n<p style=\"text-align: justify;\">El Dr. Pinto se\u00f1al\u00f3 que desde la subdirecci\u00f3n m\u00e9dica vieron algunas necesidades a ser cubiertas en el establecimiento \u201csiendo la m\u00e1s trascendente traumatolog\u00eda, donde ten\u00edamos problemas con la cirug\u00eda de cadera, que es bastante frecuente y requiere de una especializaci\u00f3n. Conseguimos que un cirujano especialista en cadera y en cirug\u00eda infantil llegase desde Santiago, que ya est\u00e1 trabajando y aportando con sus conocimientos. Lo otro es el Servicio de Urolog\u00eda, donde se est\u00e1n realizando una serie de intervenciones y patolog\u00edas bastante espec\u00edficas que nos ponen en muy buen nivel con la llegada de un colega ur\u00f3logo que se incorpora el mes de julio\u201d<\/p>\n<p style=\"text-align: justify;\">Respecto de la llegada de estos nuevos profesionales y la resolutividad del recinto, el subdirector m\u00e9dico del HRC fue enf\u00e1tico en se\u00f1alar que \u201cestamos pensando no solamente en el problema puntual de la pandemia COVID, sino que tambi\u00e9n las patolog\u00edas o enfermedades\u00a0 que se dan en forma habitual y frecuente, tratando de ser lo m\u00e1s resolutivo posible y evitar el traslado de nuestros pacientes fuera de la regi\u00f3n con el riesgo que ello conlleva. Van a significar un gran aporte para la comunidad, aumentando tambi\u00e9n las horas de atenci\u00f3n en el policl\u00ednico de especialidades\u201d, puntualiz\u00f3.<\/p>\n<p style=\"text-align: justify;\"><strong>ESPECIALISTAS <\/strong><\/p>\n<p style=\"text-align: justify;\">Uno de los especialistas que han llegado por PAO, y que es bien conocido por la comunidad aysenina es el oftalm\u00f3logo Marcelo Mera, quien regres\u00f3 en febrero de este a\u00f1o tras subespecializarse en cirug\u00eda de retina.<\/p>\n<p style=\"text-align: justify;\">\u201cMe form\u00e9 en el Hospital Salvador en retina m\u00e9dica y quir\u00fargica, dada <em>un<\/em>a amplia posibilidad de resolver temas en nuestro Hospital, como desprendimiento de retina, retinopat\u00edas diab\u00e9ticas y otras enfermedades que estamos derivando a Osorno, con un alto costo econ\u00f3mico para el hospital y social para las personas. No olvidemos que mucha de nuestra gente no ha salido de ac\u00e1, y el shock que significa estar un tiempo prolongado en una cirug\u00eda de desprendimiento de retina, para la que se requiere un reposo estricto de 15 d\u00edas. Para esas personas es un impacto tremendo, y eso en un futuro, en un\u00a0 corto plazo, se podr\u00e1 realizar ac\u00e1\u201d, expres\u00f3 el oftalm\u00f3logo.<\/p>\n<p style=\"text-align: justify;\">Una de las especialidades m\u00e1s demandadas por el HRC es la traumatolog\u00eda infantil, adem\u00e1s de la cirug\u00eda de cadera y pelvis. Para eso, la llegada del Dr. Nicol\u00e1s Salvo es fundamental a la hora de continuar con esas prestaciones en el establecimiento, garantizando, dentro de lo posible, la rehabilitaci\u00f3n dentro de la misma regi\u00f3n.<\/p>\n<p style=\"text-align: justify;\">Es as\u00ed que el profesional destaca el aporte que puede realizar \u201cque es complementar el trabajo que ya estaba haciendo el Dr. Mauret en traumatolog\u00eda infantil y contribuir a que la disponibilidad de la especialidad sea constante durante el a\u00f1o\u201d.<\/p>\n<p style=\"text-align: justify;\">En lo que respecta a su aporte como traumat\u00f3logo especialista en cirug\u00eda de cadera, el Dr. Salvo agrega que \u201cqueremos que la totalidad de los pacientes que requieren alg\u00fan tipo de cirug\u00eda de cadera y pelvis se pueda realizar en la misma regi\u00f3n y en el HRC, sin tener que derivar afuera o\u00a0 se tengan que realizar operativos especiales, sino que la oportunidad de atenci\u00f3n de los pacientes sea la apropiada para sus necesidades\u201d.<\/p>\n<p style=\"text-align: justify;\">Otro caso fue el regreso, en el mes de abril para iniciar su PAO, de la Dra. Carmen Gloria C\u00e1diz que ya hab\u00eda trabajado en el Cesfam Alejandro Guti\u00e9rrez de Coyhaique. La hoy pediatra se especializ\u00f3 este tiempo en el Hospital Exequiel Gonz\u00e1lez de Santiago, y se\u00f1al\u00f3 que \u201cse puede aportar mucho desde la especialidad a la regi\u00f3n de Ays\u00e9n. Est\u00e1n llegando nuevos especialistas e ideas, y creo que no por ser una regi\u00f3n extrema no podemos tener las condiciones, ni la oportunidad, ni la calidad de salud que requiere nuestra poblaci\u00f3n, creo que se puede aportar mucho\u201d.<\/p>\n<p style=\"text-align: justify;\">Para la profesional el objetivo es tener la resolutividad para que los pacientes pedi\u00e1tricos tengan las prestaciones que necesitan ac\u00e1 \u201cy con eso darle la oportunidad de tener la misma atenci\u00f3n que tienen en una cl\u00ednica en Santiago,\u00a0 sin tener que derivar a pacientes fuera de la regi\u00f3n que genera todo un tema social, log\u00edstico, familiar\u201d.<\/p>\n<\/div><\/section><\/div><div  style='height:50px' class='hr hr-invisible   avia-builder-el-6  el_after_av_one_full  el_before_av_social_share '><span class='hr-inner ' ><span class='hr-inner-style'><\/span><\/span><\/div><\/p>\n<div  class='av-social-sharing-box  avia-builder-el-7  el_after_av_hr  el_before_av_hr  '><div class='av-share-box'><h5 class='av-share-link-description av-no-toc '>Compartir esta noticia<\/h5><ul class='av-share-box-list noLightbox'><li class='av-share-link av-social-link-facebook' ><a target=\"_blank\" aria-label=\"Compartir en Facebook\" href='https:\/\/www.facebook.com\/sharer.php?u=https:\/\/radiorevelacionfm.cl\/?p=5688&#038;t=Hospital%20Regional%20Coyhaique%20se%20fortalece%20con%20llegada%20de%20nuevos%20especialistas' aria-hidden='false' data-av_icon='\ue8f3' data-av_iconfont='entypo-fontello' title='' data-avia-related-tooltip='Compartir en Facebook' rel=\"noopener\"><span class='avia_hidden_link_text'>Compartir en Facebook<\/span><\/a><\/li><li class='av-share-link av-social-link-twitter' ><a target=\"_blank\" aria-label=\"Compartir en Twitter\" href='https:\/\/twitter.com\/share?text=Hospital%20Regional%20Coyhaique%20se%20fortalece%20con%20llegada%20de%20nuevos%20especialistas&#038;url=https:\/\/radiorevelacionfm.cl\/?p=5688' aria-hidden='false' data-av_icon='\ue8f1' data-av_iconfont='entypo-fontello' title='' data-avia-related-tooltip='Compartir en Twitter' rel=\"noopener\"><span class='avia_hidden_link_text'>Compartir en Twitter<\/span><\/a><\/li><li class='av-share-link av-social-link-whatsapp' ><a target=\"_blank\" aria-label=\"Compartir en Whatsapp\" href='https:\/\/api.whatsapp.com\/send?text=https:\/\/radiorevelacionfm.cl\/?p=5688' aria-hidden='false' data-av_icon='\uf232' data-av_iconfont='entypo-fontello' title='' data-avia-related-tooltip='Compartir en Whatsapp' rel=\"noopener\"><span class='avia_hidden_link_text'>Compartir en Whatsapp<\/span><\/a><\/li><li class='av-share-link av-social-link-linkedin' ><a target=\"_blank\" aria-label=\"Compartir en LinkedIn\" href='https:\/\/linkedin.com\/shareArticle?mini=true&#038;title=Hospital%20Regional%20Coyhaique%20se%20fortalece%20con%20llegada%20de%20nuevos%20especialistas&#038;url=https:\/\/radiorevelacionfm.cl\/?p=5688' aria-hidden='false' data-av_icon='\ue8fc' data-av_iconfont='entypo-fontello' title='' data-avia-related-tooltip='Compartir en LinkedIn' rel=\"noopener\"><span class='avia_hidden_link_text'>Compartir en LinkedIn<\/span><\/a><\/li><li class='av-share-link av-social-link-mail' ><a  aria-label=\"Compartir por correo\" href='mailto:?subject=Hospital%20Regional%20Coyhaique%20se%20fortalece%20con%20llegada%20de%20nuevos%20especialistas&#038;body=https:\/\/radiorevelacionfm.cl\/?p=5688' aria-hidden='false' data-av_icon='\ue805' data-av_iconfont='entypo-fontello' title='' data-avia-related-tooltip='Compartir por correo'><span class='avia_hidden_link_text'>Compartir por correo<\/span><\/a><\/li><\/ul><\/div><\/div>\n<div  style='height:50px' class='hr hr-invisible   avia-builder-el-8  el_after_av_social_share  el_before_av_comments_list '><span class='hr-inner ' ><span class='hr-inner-style'><\/span><\/span><\/div>\n<div  class='av-buildercomment  av-blog-meta-html-info-disabled av-blog-meta-tag-disabled  '><\/div>\n","protected":false},"excerpt":{"rendered":"","protected":false},"author":1,"featured_media":5689,"comment_status":"open","ping_status":"open","sticky":false,"template":"","format":"standard","meta":{"footnotes":""},"categories":[46],"tags":[],"class_list":["post-5688","post","type-post","status-publish","format-standard","has-post-thumbnail","hentry","category-salud"],"jetpack_featured_media_url":"https:\/\/radiorevelacionfm.cl\/wp-content\/uploads\/2021\/06\/IMG_20210625_154244-1-1.jpg","_links":{"self":[{"href":"https:\/\/radiorevelacionfm.cl\/index.php?rest_route=\/wp\/v2\/posts\/5688","targetHints":{"allow":["GET"]}}],"collection":[{"href":"https:\/\/radiorevelacionfm.cl\/index.php?rest_route=\/wp\/v2\/posts"}],"about":[{"href":"https:\/\/radiorevelacionfm.cl\/index.php?rest_route=\/wp\/v2\/types\/post"}],"author":[{"embeddable":true,"href":"https:\/\/radiorevelacionfm.cl\/index.php?rest_route=\/wp\/v2\/users\/1"}],"replies":[{"embeddable":true,"href":"https:\/\/radiorevelacionfm.cl\/index.php?rest_route=%2Fwp%2Fv2%2Fcomments&post=5688"}],"version-history":[{"count":1,"href":"https:\/\/radiorevelacionfm.cl\/index.php?rest_route=\/wp\/v2\/posts\/5688\/revisions"}],"predecessor-version":[{"id":5690,"href":"https:\/\/radiorevelacionfm.cl\/index.php?rest_route=\/wp\/v2\/posts\/5688\/revisions\/5690"}],"wp:featuredmedia":[{"embeddable":true,"href":"https:\/\/radiorevelacionfm.cl\/index.php?rest_route=\/wp\/v2\/media\/5689"}],"wp:attachment":[{"href":"https:\/\/radiorevelacionfm.cl\/index.php?rest_route=%2Fwp%2Fv2%2Fmedia&parent=5688"}],"wp:term":[{"taxonomy":"category","embeddable":true,"href":"https:\/\/radiorevelacionfm.cl\/index.php?rest_route=%2Fwp%2Fv2%2Fcategories&post=5688"},{"taxonomy":"post_tag","embeddable":true,"href":"https:\/\/radiorevelacionfm.cl\/index.php?rest_route=%2Fwp%2Fv2%2Ftags&post=5688"}],"curies":[{"name":"wp","href":"https:\/\/api.w.org\/{rel}","templated":true}]}}