{"id":56879,"date":"2025-07-23T20:32:15","date_gmt":"2025-07-23T23:32:15","guid":{"rendered":"https:\/\/radiorevelacionfm.cl\/?p=56879"},"modified":"2025-07-23T22:13:17","modified_gmt":"2025-07-24T01:13:17","slug":"seremi-de-vivienda-aclara-situacion-de-chacra-g2-y-reafirma-compromiso-con-las-familias-en-entrevista-radial","status":"publish","type":"post","link":"https:\/\/radiorevelacionfm.cl\/?p=56879","title":{"rendered":"Seremi de Vivienda aclara situaci\u00f3n de Chacra G2 y reafirma compromiso con las familias"},"content":{"rendered":"<div class=\"flex_column av_one_full  flex_column_div av-zero-column-padding first  avia-builder-el-0  el_before_av_one_full  avia-builder-el-first  \" style='border-radius:0px; '><div  class='avia-image-container  av-styling-    avia-builder-el-1  avia-builder-el-no-sibling  avia-align-center '  itemprop=\"image\" itemscope=\"itemscope\" itemtype=\"https:\/\/schema.org\/ImageObject\"  ><div class='avia-image-container-inner'><div class='avia-image-overlay-wrap'><img decoding=\"async\" class='wp-image-56880 avia-img-lazy-loading-not-56880 avia_image' src=\"https:\/\/radiorevelacionfm.cl\/wp-content\/uploads\/2025\/07\/lote-g2-1_optimized-1.jpeg\" alt='' title='lote-g2-(1)_optimized (1)' height=\"600\" width=\"985\"  itemprop=\"thumbnailUrl\" srcset=\"https:\/\/radiorevelacionfm.cl\/wp-content\/uploads\/2025\/07\/lote-g2-1_optimized-1.jpeg 985w, https:\/\/radiorevelacionfm.cl\/wp-content\/uploads\/2025\/07\/lote-g2-1_optimized-1-300x183.jpeg 300w, https:\/\/radiorevelacionfm.cl\/wp-content\/uploads\/2025\/07\/lote-g2-1_optimized-1-768x468.jpeg 768w, https:\/\/radiorevelacionfm.cl\/wp-content\/uploads\/2025\/07\/lote-g2-1_optimized-1-705x429.jpeg 705w, https:\/\/radiorevelacionfm.cl\/wp-content\/uploads\/2025\/07\/lote-g2-1_optimized-1-450x274.jpeg 450w, https:\/\/radiorevelacionfm.cl\/wp-content\/uploads\/2025\/07\/lote-g2-1_optimized-1-600x365.jpeg 600w\" sizes=\"(max-width: 985px) 100vw, 985px\" \/><\/div><\/div><\/div><\/div>\n<div class=\"flex_column av_one_full  flex_column_div av-zero-column-padding first  avia-builder-el-2  el_after_av_one_full  el_before_av_one_full  column-top-margin\" style='border-radius:0px; '><section class=\"av_textblock_section \"  itemscope=\"itemscope\" itemtype=\"https:\/\/schema.org\/BlogPosting\" itemprop=\"blogPost\" ><div class='avia_textblock  '   itemprop=\"text\" ><p style=\"text-align: center;\"><span style=\"font-size: 18pt;\"><strong>Seremi de Vivienda aclara situaci\u00f3n de Chacra G2 y reafirma compromiso con las familias\u00a0<\/strong><\/span><\/p>\n<div id=\"gtx-trans\" style=\"position: absolute; left: -50px; top: 4.31534px;\">\n<div class=\"gtx-trans-icon\"><\/div>\n<\/div>\n<\/div><\/section><\/div><div class=\"flex_column av_one_full  flex_column_div av-zero-column-padding first  avia-builder-el-4  el_after_av_one_full  el_before_av_hr  column-top-margin\" style='border-radius:0px; '><section class=\"av_textblock_section \"  itemscope=\"itemscope\" itemtype=\"https:\/\/schema.org\/BlogPosting\" itemprop=\"blogPost\" ><div class='avia_textblock  '   itemprop=\"text\" ><p style=\"text-align: justify;\">En una entrevista concedida al programa \u201cLa Ma\u00f1ana entre Todos\u201d de Radio Ventisqueros, la Seremi de Vivienda y Urbanismo de Ays\u00e9n, Paulina Ruz Delf\u00edn, junto a la jefa del Departamento de Desarrollo Urbano, Natacha Pot, abordaron el estado actual del proceso de urbanizaci\u00f3n del sector Chacra G2 y respondieron a las cr\u00edticas surgidas en las \u00faltimas semanas desde algunos comit\u00e9s de vivienda.<\/p>\n<p style=\"text-align: justify;\">La autoridad explic\u00f3 que el lote G2, de 35 hect\u00e1reas, requiere un proceso de habilitaci\u00f3n, debido a su condici\u00f3n de terreno rural. \u201cSe trata de proyectar la ciudad en un espacio que antes no estaba destinado a ello\u201d, se\u00f1al\u00f3.<\/p>\n<p style=\"text-align: justify;\">La Seremi recalc\u00f3 que ya se ejecut\u00f3 un Plan Maestro apto para el desarrollo habitacional, que permiti\u00f3 ordenar el terreno. En esta nueva etapa, se avanza hacia el dise\u00f1o de redes de agua potable, alcantarillado, electricidad, pavimentaci\u00f3n y conectividad. \u201cNo estamos partiendo de cero. Estamos continuando un proceso que requiere responsabilidad y visi\u00f3n de largo plazo\u201d, afirm\u00f3.<\/p>\n<p style=\"text-align: justify;\">Por su parte, Natacha Pot destac\u00f3 que se trabaja para que todos los comit\u00e9s que forman parte del sector est\u00e9n contemplados en la planificaci\u00f3n.<\/p>\n<p style=\"text-align: justify;\">\u201cTrabajamos para que exista una continuidad urbana entre la G1 y la G2, y eso implica pensar en una conexi\u00f3n vial, incluso con la posibilidad de un puente que permita el tr\u00e1nsito y la articulaci\u00f3n de los servicios\u201d, sostuvo.<\/p>\n<p style=\"text-align: justify;\">La entrevista tambi\u00e9n abord\u00f3 las cr\u00edticas p\u00fablicas expresadas por algunas dirigencias, quienes han acusado a la Seremi de no cumplir compromisos y de evadir reuniones. Al respecto, Ruz indic\u00f3 que se han sostenido reuniones informativas desde marzo y que muchas veces algunas personas se retiran antes de que finalicen, generando malentendidos.<\/p>\n<p style=\"text-align: justify;\">Alejandra Alert, representante de AES Consultora Limitada, entidad patrocinante en la Regi\u00f3n de Ays\u00e9n en Primera Categor\u00eda, se\u00f1al\u00f3: \u00abLa habilitaci\u00f3n de Chacra G2 es la continuidad de un proceso que se inici\u00f3 con Chacra G1. Muchas de las familias que hoy forman parte de los comit\u00e9s estuvieron en el proceso anterior y no pudieron ser integradas por falta de cupos, por lo que se mantuvo el trabajo t\u00e9cnico con ellas desde hace m\u00e1s de cinco a\u00f1os. El dise\u00f1o considera distintas etapas sucesivas \u2014como loteo, ingenier\u00eda, estudios ambientales y de movilidad\u2014, y actualmente el terreno no cuenta con factibilidad sanitaria ni el\u00e9ctrica. Se trata de un pa\u00f1o sin intervenci\u00f3n previa, por lo que adelantar fechas o prometer obras ser\u00eda irresponsable y poco serio\u00bb.<\/p>\n<p style=\"text-align: justify;\">Desde la Seremi de Vivienda se enfatiz\u00f3 que el proceso de planificaci\u00f3n y habilitaci\u00f3n de Chacra G2 ha implicado un trabajo constante y t\u00e9cnico por parte del equipo regional, que busca dar soluciones concretas a largo plazo. El desaf\u00edo \u2014reconocieron\u2014 no es menor, pero el compromiso del Gobierno con las familias de la regi\u00f3n sigue siendo una prioridad.<\/p>\n<\/div><\/section><\/div><\/p>\n<div  style='height:50px' class='hr hr-invisible   avia-builder-el-6  el_after_av_one_full  el_before_av_social_share '><span class='hr-inner ' ><span class='hr-inner-style'><\/span><\/span><\/div>\n<div  class='av-social-sharing-box  avia-builder-el-7  el_after_av_hr  el_before_av_hr  '><div class='av-share-box'><h5 class='av-share-link-description av-no-toc '>Compartir esta noticia<\/h5><ul class='av-share-box-list noLightbox'><li class='av-share-link av-social-link-facebook' ><a target=\"_blank\" aria-label=\"Compartir en Facebook\" href='https:\/\/www.facebook.com\/sharer.php?u=https:\/\/radiorevelacionfm.cl\/?p=56879&#038;t=Seremi%20de%20Vivienda%20aclara%20situaci%C3%B3n%20de%20Chacra%20G2%20y%20reafirma%20compromiso%20con%20las%20familias' aria-hidden='false' data-av_icon='\ue8f3' data-av_iconfont='entypo-fontello' title='' data-avia-related-tooltip='Compartir en Facebook' rel=\"noopener\"><span class='avia_hidden_link_text'>Compartir en Facebook<\/span><\/a><\/li><li class='av-share-link av-social-link-twitter' ><a target=\"_blank\" aria-label=\"Compartir en Twitter\" href='https:\/\/twitter.com\/share?text=Seremi%20de%20Vivienda%20aclara%20situaci%C3%B3n%20de%20Chacra%20G2%20y%20reafirma%20compromiso%20con%20las%20familias&#038;url=https:\/\/radiorevelacionfm.cl\/?p=56879' aria-hidden='false' data-av_icon='\ue8f1' data-av_iconfont='entypo-fontello' title='' data-avia-related-tooltip='Compartir en Twitter' rel=\"noopener\"><span class='avia_hidden_link_text'>Compartir en Twitter<\/span><\/a><\/li><li class='av-share-link av-social-link-whatsapp' ><a target=\"_blank\" aria-label=\"Compartir en Whatsapp\" href='https:\/\/api.whatsapp.com\/send?text=https:\/\/radiorevelacionfm.cl\/?p=56879' aria-hidden='false' data-av_icon='\uf232' data-av_iconfont='entypo-fontello' title='' data-avia-related-tooltip='Compartir en Whatsapp' rel=\"noopener\"><span class='avia_hidden_link_text'>Compartir en Whatsapp<\/span><\/a><\/li><li class='av-share-link av-social-link-linkedin' ><a target=\"_blank\" aria-label=\"Compartir en LinkedIn\" href='https:\/\/linkedin.com\/shareArticle?mini=true&#038;title=Seremi%20de%20Vivienda%20aclara%20situaci%C3%B3n%20de%20Chacra%20G2%20y%20reafirma%20compromiso%20con%20las%20familias&#038;url=https:\/\/radiorevelacionfm.cl\/?p=56879' aria-hidden='false' data-av_icon='\ue8fc' data-av_iconfont='entypo-fontello' title='' data-avia-related-tooltip='Compartir en LinkedIn' rel=\"noopener\"><span class='avia_hidden_link_text'>Compartir en LinkedIn<\/span><\/a><\/li><li class='av-share-link av-social-link-mail' ><a  aria-label=\"Compartir por correo\" href='mailto:?subject=Seremi%20de%20Vivienda%20aclara%20situaci%C3%B3n%20de%20Chacra%20G2%20y%20reafirma%20compromiso%20con%20las%20familias&#038;body=https:\/\/radiorevelacionfm.cl\/?p=56879' aria-hidden='false' data-av_icon='\ue805' data-av_iconfont='entypo-fontello' title='' data-avia-related-tooltip='Compartir por correo'><span class='avia_hidden_link_text'>Compartir por correo<\/span><\/a><\/li><\/ul><\/div><\/div>\n<div  style='height:50px' class='hr hr-invisible   avia-builder-el-8  el_after_av_social_share  el_before_av_comments_list '><span class='hr-inner ' ><span class='hr-inner-style'><\/span><\/span><\/div>\n<div  class='av-buildercomment  av-blog-meta-html-info-disabled av-blog-meta-tag-disabled  '><\/div>\n","protected":false},"excerpt":{"rendered":"","protected":false},"author":1,"featured_media":56880,"comment_status":"closed","ping_status":"closed","sticky":false,"template":"","format":"standard","meta":{"footnotes":""},"categories":[57],"tags":[],"class_list":["post-56879","post","type-post","status-publish","format-standard","has-post-thumbnail","hentry","category-vivienda"],"jetpack_featured_media_url":"https:\/\/radiorevelacionfm.cl\/wp-content\/uploads\/2025\/07\/lote-g2-1_optimized-1.jpeg","_links":{"self":[{"href":"https:\/\/radiorevelacionfm.cl\/index.php?rest_route=\/wp\/v2\/posts\/56879","targetHints":{"allow":["GET"]}}],"collection":[{"href":"https:\/\/radiorevelacionfm.cl\/index.php?rest_route=\/wp\/v2\/posts"}],"about":[{"href":"https:\/\/radiorevelacionfm.cl\/index.php?rest_route=\/wp\/v2\/types\/post"}],"author":[{"embeddable":true,"href":"https:\/\/radiorevelacionfm.cl\/index.php?rest_route=\/wp\/v2\/users\/1"}],"replies":[{"embeddable":true,"href":"https:\/\/radiorevelacionfm.cl\/index.php?rest_route=%2Fwp%2Fv2%2Fcomments&post=56879"}],"version-history":[{"count":3,"href":"https:\/\/radiorevelacionfm.cl\/index.php?rest_route=\/wp\/v2\/posts\/56879\/revisions"}],"predecessor-version":[{"id":56889,"href":"https:\/\/radiorevelacionfm.cl\/index.php?rest_route=\/wp\/v2\/posts\/56879\/revisions\/56889"}],"wp:featuredmedia":[{"embeddable":true,"href":"https:\/\/radiorevelacionfm.cl\/index.php?rest_route=\/wp\/v2\/media\/56880"}],"wp:attachment":[{"href":"https:\/\/radiorevelacionfm.cl\/index.php?rest_route=%2Fwp%2Fv2%2Fmedia&parent=56879"}],"wp:term":[{"taxonomy":"category","embeddable":true,"href":"https:\/\/radiorevelacionfm.cl\/index.php?rest_route=%2Fwp%2Fv2%2Fcategories&post=56879"},{"taxonomy":"post_tag","embeddable":true,"href":"https:\/\/radiorevelacionfm.cl\/index.php?rest_route=%2Fwp%2Fv2%2Ftags&post=56879"}],"curies":[{"name":"wp","href":"https:\/\/api.w.org\/{rel}","templated":true}]}}