{"id":56874,"date":"2025-07-23T17:09:35","date_gmt":"2025-07-23T20:09:35","guid":{"rendered":"https:\/\/radiorevelacionfm.cl\/?p=56874"},"modified":"2025-07-30T19:09:51","modified_gmt":"2025-07-30T22:09:51","slug":"la-calle-vigente-mientras-el-dinero-las-armas-y-el-poder-mediatico-se-usen-para-torcer-la-democracia","status":"publish","type":"post","link":"https:\/\/radiorevelacionfm.cl\/?p=56874","title":{"rendered":"La calle: Vigente mientras el dinero, las armas y el poder medi\u00e1tico se usen para torcer la democracia"},"content":{"rendered":"<div class=\"flex_column av_one_full  flex_column_div av-zero-column-padding first  avia-builder-el-0  el_before_av_one_full  avia-builder-el-first  \" style='border-radius:0px; '><div  class='avia-image-container  av-styling-    avia-builder-el-1  avia-builder-el-no-sibling  avia-align-center '  itemprop=\"image\" itemscope=\"itemscope\" itemtype=\"https:\/\/schema.org\/ImageObject\"  ><div class='avia-image-container-inner'><div class='avia-image-overlay-wrap'><img decoding=\"async\" class='wp-image-56875 avia-img-lazy-loading-not-56875 avia_image' src=\"https:\/\/radiorevelacionfm.cl\/wp-content\/uploads\/2025\/07\/patricio-segura2-1_optimized-1.jpg\" alt='' title='patricio-segura2-(1)_optimized (1)' height=\"600\" width=\"824\"  itemprop=\"thumbnailUrl\" srcset=\"https:\/\/radiorevelacionfm.cl\/wp-content\/uploads\/2025\/07\/patricio-segura2-1_optimized-1.jpg 824w, https:\/\/radiorevelacionfm.cl\/wp-content\/uploads\/2025\/07\/patricio-segura2-1_optimized-1-300x218.jpg 300w, https:\/\/radiorevelacionfm.cl\/wp-content\/uploads\/2025\/07\/patricio-segura2-1_optimized-1-768x559.jpg 768w, https:\/\/radiorevelacionfm.cl\/wp-content\/uploads\/2025\/07\/patricio-segura2-1_optimized-1-705x513.jpg 705w, https:\/\/radiorevelacionfm.cl\/wp-content\/uploads\/2025\/07\/patricio-segura2-1_optimized-1-450x328.jpg 450w, https:\/\/radiorevelacionfm.cl\/wp-content\/uploads\/2025\/07\/patricio-segura2-1_optimized-1-600x437.jpg 600w\" sizes=\"(max-width: 824px) 100vw, 824px\" \/><\/div><\/div><\/div><\/div><div class=\"flex_column av_one_full  flex_column_div av-zero-column-padding first  avia-builder-el-2  el_after_av_one_full  el_before_av_one_full  column-top-margin\" style='border-radius:0px; '><section class=\"av_textblock_section \"  itemscope=\"itemscope\" itemtype=\"https:\/\/schema.org\/BlogPosting\" itemprop=\"blogPost\" ><div class='avia_textblock  '   itemprop=\"text\" ><p style=\"text-align: center;\"><strong><span style=\"font-size: 18pt;\">La calle: Vigente mientras el dinero, las armas y el poder medi\u00e1tico se usen para torcer la democracia<\/span><\/strong><\/p>\n<p class=\"v1MsoNormal\"><span lang=\"ES-TRAD\">\u00a0<\/span><\/p>\n<p class=\"v1MsoNormal\"><span lang=\"ES-TRAD\">\u00a0<\/span><\/p>\n<div id=\"gtx-trans\" style=\"position: absolute; left: -50px; top: 4.31534px;\">\n<div class=\"gtx-trans-icon\"><\/div>\n<\/div>\n<\/div><\/section><\/div><div class=\"flex_column av_one_full  flex_column_div av-zero-column-padding first  avia-builder-el-4  el_after_av_one_full  el_before_av_hr  column-top-margin\" style='border-radius:0px; '><section class=\"av_textblock_section \"  itemscope=\"itemscope\" itemtype=\"https:\/\/schema.org\/BlogPosting\" itemprop=\"blogPost\" ><div class='avia_textblock  '   itemprop=\"text\" ><p class=\"v1MsoNormal\" style=\"text-align: justify;\"><span lang=\"ES-TRAD\">Cada cierto tiempo, desde distintos sectores se cuestiona -e intenta prohibir mediante reglamentos y normativas- el leg\u00edtimo derecho a la movilizaci\u00f3n ciudadana. \u00ab<i>El \u00fanico camino v\u00e1lido para que la ciudadan\u00eda incida en las pol\u00edticas p\u00fablicas\u00a0<\/i>-quisieran decir-\u00a0<i>es el institucional<\/i>\u00ab.\u00a0\u00a0<\/span><\/p>\n<p class=\"v1MsoNormal\" style=\"text-align: justify;\"><span lang=\"ES-TRAD\">Marchas, pancartas, protestas, que intentan muchas veces mostrar adhesi\u00f3n ciudadana, capacidad de convocatoria y, si se quiere, fuerza, son demonizadas desde las m\u00e1s diversas trincheras porque \u00ab<i>as\u00ed no se construye democracia. \u00c9sta se ejerce a trav\u00e9s de las urnas<\/i>\u00ab.<\/span><\/p>\n<p class=\"v1MsoNormal\" style=\"text-align: justify;\"><span lang=\"ES-TRAD\">Grandes empresarios, dirigentes de variados sectores pol\u00edticos -aunque, normalmente, de derecha- y representantes de la institucionalidad reclaman contra la marea ciudadana que, ya lo hemos visto en Chile y Ays\u00e9n, se revela intermitentemente ante un acuerdo amarrado por y para quienes desde hace ya demasiado tiempo ejercen el poder.<\/span><\/p>\n<p class=\"v1MsoNormal\" style=\"text-align: justify;\"><span lang=\"ES-TRAD\">Estas quejas ser\u00edan v\u00e1lidas, leg\u00edtimas quiz\u00e1s, si al frente se actuara en propiedad y con la misma gu\u00eda. Que todos quienes participamos y somos afectados por las decisiones pol\u00edticas recurramos s\u00f3lo a los sistemas electorales para incidir en los destinos de la sociedad. De nuestro pa\u00eds, regi\u00f3n o barrio.\u00a0\u00a0<\/span><\/p>\n<p class=\"v1MsoNormal\" style=\"text-align: justify;\"><span lang=\"ES-TRAD\">Pero lo cierto es que tal es un muy bonito cuento.<\/span><\/p>\n<p class=\"v1MsoNormal\" style=\"text-align: justify;\"><span lang=\"ES-TRAD\">El reciente\u00a0<a href=\"https:\/\/www.elmostrador.cl\/noticias\/pais\/2025\/07\/19\/empresarios-llaman-a-terreno-a-matthei-kast-y-kaiser-piden-programa-y-lista-parlamentaria-unica\/\" target=\"_blank\" rel=\"noopener noreferrer\">inserto en El Mercurio<\/a>\u00a0de un grupo de empresarios junto a ex comandante en Jefe de las Fuerzas Armadas llamando al orden a la derecha, de la cual claramente se sienten m\u00e1s cercanos, demuestra que quienes tienen el dinero no est\u00e1n dispuestos a que sean las urnas el \u00fanico mecanismo para resolver las diferencias de la sociedad.\u00a0\u00a0<\/span><\/p>\n<p class=\"v1MsoNormal\" style=\"text-align: justify;\"><span lang=\"ES-TRAD\">\u00ab<i>Chile enfrenta un riesgo enorme de extender y proyectar la impronta de este gobierno: la inseguridad y la violencia; el estancamiento y la falta de oportunidades; los malos servicios p\u00fablicos y la corrupci\u00f3n; las listas de espera y la inmigraci\u00f3n descontrolada, se han transformado en una realidad que ensombrece al pa\u00eds y amenaza nuestra convivencia y cohesi\u00f3n social<\/i>\u00bb dicen en su texto.<\/span><\/p>\n<p class=\"v1MsoNormal\" style=\"text-align: justify;\"><span lang=\"ES-TRAD\">M\u00e1s all\u00e1 de la discusi\u00f3n de fondo, si aquello que afirman es cierto o no, lo real es que los controladores de Ultranav, Ultramar, Aquachile, Socovesa, Oxiquim, Besalco, Entel, Falabella, Mall Plaza, GNL Mejillones, Consalud, San Jorge, La Preferida y Winter, entre otras empresas, usan su patrimonio para cumplir sus objetivos. <i>Ellos tienen el dinero.<\/i><\/span><\/p>\n<p class=\"v1MsoNormal\" style=\"text-align: justify;\"><span lang=\"ES-TRAD\">Lo mismo ha ocurrido en otras \u00e9pocas en otros \u00e1mbitos. Durante el estallido de 2019 el entonces comandante en jefe del Ej\u00e9rcito, Ricardo Mart\u00ednez, envi\u00f3 <a href=\"https:\/\/www.biobiochile.cl\/noticias\/nacional\/chile\/2021\/07\/22\/contraloria-advierte-al-ejercito-que-declaraciones-publicas-pueden-afectar-caracter-no-deliberante.shtml\" target=\"_blank\" rel=\"noopener noreferrer\">una serie de cartas<\/a>\u00a0a El Mercurio (\u00bfa d\u00f3nde m\u00e1s?) refiri\u00e9ndose \u00ab<i>a los ataques a la estatua del general Manuel Baquedano en la capital, y defendiendo el sistema previsional de las FFAA<\/i>\u00ab. La Contralor\u00eda General cuestion\u00f3 esta acci\u00f3n, recordando que tal gesto afectaba el car\u00e1cter \u00ab<i>no deliberante<\/i>\u00bb de las Fuerzas Armadas. Y poco tiempo despu\u00e9s, el presidente del Cuerpo de Generales y Almirantes de la Defensa Nacional, el ex Comandante en Jefe de la Armada, Rodolfo Codina, <a href=\"https:\/\/www.revistadefrente.cl\/presidente-del-cuerpo-de-generales-y-almirantes-de-la-defensa-nacional-envia-carta-criticando-proceso-constituyente\/\" target=\"_blank\" rel=\"noopener noreferrer\">envi\u00f3 una misiva a sus asociados<\/a> (todos ex militares) cuestionando el proceso constituyente en proceso, elogiando la Constituci\u00f3n del 80. <i>Ellos tienen las armas.<\/i><\/span><\/p>\n<p class=\"v1MsoNormal\" style=\"text-align: justify;\"><span lang=\"ES-TRAD\">Actualmente, aunque algo morigerado producto de las redes sociales y nuevas tecnolog\u00edas, a\u00fan existe concentraci\u00f3n medi\u00e1tica en Chile, en una promiscua relaci\u00f3n con el poder econ\u00f3mico. Como <a href=\"https:\/\/eldesconcierto.cl\/2017\/05\/06\/luksic-se-equivoca\" target=\"_blank\" rel=\"noopener noreferrer\">recordara<\/a>\u00a0el economista Roberto Pizarro hace algunos a\u00f1os \u00ab<i>Luksic, Saieh, Edwards y Solari son propietarios de medios de comunicaci\u00f3n social y al mismo tiempo poseen bancos, son exportadores, tienen acciones en AFP e Isapres, controlan escuelas y universidades, manejan actividades mineras o agr\u00edcolas. Por tanto tienen conflicto de intereses<\/i>\u00ab. Estamos hablando de Canal 13, La Tercera, El Mercurio y Mega, adem\u00e1s de todos sus medios relacionados.\u00a0 <i>Ellos tienen los medios.<\/i><\/span><\/p>\n<p class=\"v1MsoNormal\" style=\"text-align: justify;\"><span lang=\"ES-TRAD\">No hay que tener un postgrado en ciencias pol\u00edticas (m\u00e1s a\u00fan, s\u00f3lo basta tener sentido com\u00fan) para sospechar cu\u00e1l es el sector pol\u00edtico predominante entre los actores ac\u00e1 mencionados, m\u00e1s all\u00e1 de aisladas salidas de libreto en pro de progresismo desarrollista: la derecha (y ultraderecha). La que cuestiona pol\u00edticas de identidad de g\u00e9nero, protecci\u00f3n del medio ambiente, de reivindicaci\u00f3n de los derechos de los pueblos originarios. Son las visiones que quieren familia, orden y patria, y crecimiento a todo evento, y todo aqu\u00e9l que no entre en su esquema ser\u00e1 blanco de omisi\u00f3n.\u00a0\u00a0O, peor a\u00fan, acci\u00f3n.<\/span><\/p>\n<p class=\"v1MsoNormal\" style=\"text-align: justify;\"><span lang=\"ES-TRAD\">S\u00ed, la ciudadan\u00eda podr\u00eda soltar la calle (l\u00e9ase esto como las m\u00e1s diversas formas de movilizaci\u00f3n ciudadana).\u00a0Aunque tal sea un derecho ganado al alero de la misma democracia liberal a la que muchos dicen adherir.\u00a0\u00a0<\/span><\/p>\n<p class=\"v1MsoNormal\" style=\"text-align: justify;\"><span lang=\"ES-TRAD\">Pero siempre y cuando al frente dejen el dinero, las armas y el poder medi\u00e1tico como forma de torcer esa democracia que dicen respaldar. Porque el ciudadano de a pie, a veces, <a href=\"https:\/\/www.elmostrador.cl\/noticias\/opinion\/2012\/07\/19\/la-calle-y-la-transformacion-social\/\" target=\"_blank\" rel=\"noopener noreferrer\">s\u00f3lo tiene la calle<\/a>. Mientras ello no cambie, dif\u00edcil ser\u00e1 que esa solicitud -que pareciera tan racional- se transforme en realidad.<\/span><\/p>\n<p><em>Por: Patricio Segura Ortiz, Periodista.<\/em><\/p>\n<\/div><\/section><\/div><div  style='height:50px' class='hr hr-invisible   avia-builder-el-6  el_after_av_one_full  el_before_av_social_share '><span class='hr-inner ' ><span class='hr-inner-style'><\/span><\/span><\/div><\/p>\n<div  class='av-social-sharing-box  avia-builder-el-7  el_after_av_hr  el_before_av_hr  '><div class='av-share-box'><h5 class='av-share-link-description av-no-toc '>Compartir esta noticia<\/h5><ul class='av-share-box-list noLightbox'><li class='av-share-link av-social-link-facebook' ><a target=\"_blank\" aria-label=\"Compartir en Facebook\" href='https:\/\/www.facebook.com\/sharer.php?u=https:\/\/radiorevelacionfm.cl\/?p=56874&#038;t=La%20calle%3A%20Vigente%20mientras%20el%20dinero%2C%20las%20armas%20y%20el%20poder%20medi%C3%A1tico%20se%20usen%20para%20torcer%20la%20democracia' aria-hidden='false' data-av_icon='\ue8f3' data-av_iconfont='entypo-fontello' title='' data-avia-related-tooltip='Compartir en Facebook' rel=\"noopener\"><span class='avia_hidden_link_text'>Compartir en Facebook<\/span><\/a><\/li><li class='av-share-link av-social-link-twitter' ><a target=\"_blank\" aria-label=\"Compartir en Twitter\" href='https:\/\/twitter.com\/share?text=La%20calle%3A%20Vigente%20mientras%20el%20dinero%2C%20las%20armas%20y%20el%20poder%20medi%C3%A1tico%20se%20usen%20para%20torcer%20la%20democracia&#038;url=https:\/\/radiorevelacionfm.cl\/?p=56874' aria-hidden='false' data-av_icon='\ue8f1' data-av_iconfont='entypo-fontello' title='' data-avia-related-tooltip='Compartir en Twitter' rel=\"noopener\"><span class='avia_hidden_link_text'>Compartir en Twitter<\/span><\/a><\/li><li class='av-share-link av-social-link-whatsapp' ><a target=\"_blank\" aria-label=\"Compartir en Whatsapp\" href='https:\/\/api.whatsapp.com\/send?text=https:\/\/radiorevelacionfm.cl\/?p=56874' aria-hidden='false' data-av_icon='\uf232' data-av_iconfont='entypo-fontello' title='' data-avia-related-tooltip='Compartir en Whatsapp' rel=\"noopener\"><span class='avia_hidden_link_text'>Compartir en Whatsapp<\/span><\/a><\/li><li class='av-share-link av-social-link-linkedin' ><a target=\"_blank\" aria-label=\"Compartir en LinkedIn\" href='https:\/\/linkedin.com\/shareArticle?mini=true&#038;title=La%20calle%3A%20Vigente%20mientras%20el%20dinero%2C%20las%20armas%20y%20el%20poder%20medi%C3%A1tico%20se%20usen%20para%20torcer%20la%20democracia&#038;url=https:\/\/radiorevelacionfm.cl\/?p=56874' aria-hidden='false' data-av_icon='\ue8fc' data-av_iconfont='entypo-fontello' title='' data-avia-related-tooltip='Compartir en LinkedIn' rel=\"noopener\"><span class='avia_hidden_link_text'>Compartir en LinkedIn<\/span><\/a><\/li><li class='av-share-link av-social-link-mail' ><a  aria-label=\"Compartir por correo\" href='mailto:?subject=La%20calle%3A%20Vigente%20mientras%20el%20dinero%2C%20las%20armas%20y%20el%20poder%20medi%C3%A1tico%20se%20usen%20para%20torcer%20la%20democracia&#038;body=https:\/\/radiorevelacionfm.cl\/?p=56874' aria-hidden='false' data-av_icon='\ue805' data-av_iconfont='entypo-fontello' title='' data-avia-related-tooltip='Compartir por correo'><span class='avia_hidden_link_text'>Compartir por correo<\/span><\/a><\/li><\/ul><\/div><\/div>\n<div  style='height:50px' class='hr hr-invisible   avia-builder-el-8  el_after_av_social_share  el_before_av_comments_list '><span class='hr-inner ' ><span class='hr-inner-style'><\/span><\/span><\/div>\n<div  class='av-buildercomment  av-blog-meta-html-info-disabled av-blog-meta-tag-disabled  '><\/div>\n","protected":false},"excerpt":{"rendered":"","protected":false},"author":1,"featured_media":56875,"comment_status":"closed","ping_status":"closed","sticky":false,"template":"","format":"standard","meta":{"footnotes":""},"categories":[50],"tags":[],"class_list":["post-56874","post","type-post","status-publish","format-standard","has-post-thumbnail","hentry","category-cartas-y-opinion"],"jetpack_featured_media_url":"https:\/\/radiorevelacionfm.cl\/wp-content\/uploads\/2025\/07\/patricio-segura2-1_optimized-1.jpg","_links":{"self":[{"href":"https:\/\/radiorevelacionfm.cl\/index.php?rest_route=\/wp\/v2\/posts\/56874","targetHints":{"allow":["GET"]}}],"collection":[{"href":"https:\/\/radiorevelacionfm.cl\/index.php?rest_route=\/wp\/v2\/posts"}],"about":[{"href":"https:\/\/radiorevelacionfm.cl\/index.php?rest_route=\/wp\/v2\/types\/post"}],"author":[{"embeddable":true,"href":"https:\/\/radiorevelacionfm.cl\/index.php?rest_route=\/wp\/v2\/users\/1"}],"replies":[{"embeddable":true,"href":"https:\/\/radiorevelacionfm.cl\/index.php?rest_route=%2Fwp%2Fv2%2Fcomments&post=56874"}],"version-history":[{"count":2,"href":"https:\/\/radiorevelacionfm.cl\/index.php?rest_route=\/wp\/v2\/posts\/56874\/revisions"}],"predecessor-version":[{"id":57135,"href":"https:\/\/radiorevelacionfm.cl\/index.php?rest_route=\/wp\/v2\/posts\/56874\/revisions\/57135"}],"wp:featuredmedia":[{"embeddable":true,"href":"https:\/\/radiorevelacionfm.cl\/index.php?rest_route=\/wp\/v2\/media\/56875"}],"wp:attachment":[{"href":"https:\/\/radiorevelacionfm.cl\/index.php?rest_route=%2Fwp%2Fv2%2Fmedia&parent=56874"}],"wp:term":[{"taxonomy":"category","embeddable":true,"href":"https:\/\/radiorevelacionfm.cl\/index.php?rest_route=%2Fwp%2Fv2%2Fcategories&post=56874"},{"taxonomy":"post_tag","embeddable":true,"href":"https:\/\/radiorevelacionfm.cl\/index.php?rest_route=%2Fwp%2Fv2%2Ftags&post=56874"}],"curies":[{"name":"wp","href":"https:\/\/api.w.org\/{rel}","templated":true}]}}