{"id":56872,"date":"2025-07-23T17:59:00","date_gmt":"2025-07-23T20:59:00","guid":{"rendered":"https:\/\/radiorevelacionfm.cl\/?p=56872"},"modified":"2025-07-23T17:59:00","modified_gmt":"2025-07-23T20:59:00","slug":"fiscalia-obtiene-condena-para-imputado-que-intento-sobornar-a-carabineros-en-puerto-chacabuco","status":"publish","type":"post","link":"https:\/\/radiorevelacionfm.cl\/?p=56872","title":{"rendered":"Fiscal\u00eda obtiene condena para imputado que intent\u00f3 sobornar a Carabineros en Puerto Chacabuco"},"content":{"rendered":"<div class=\"flex_column av_one_full  flex_column_div av-zero-column-padding first  avia-builder-el-0  el_before_av_one_full  avia-builder-el-first  \" style='border-radius:0px; '><div  class='avia-image-container  av-styling-    avia-builder-el-1  avia-builder-el-no-sibling  avia-align-center '  itemprop=\"image\" itemscope=\"itemscope\" itemtype=\"https:\/\/schema.org\/ImageObject\"  ><div class='avia-image-container-inner'><div class='avia-image-overlay-wrap'><img decoding=\"async\" class='wp-image-43605 avia-img-lazy-loading-not-43605 avia_image' src=\"https:\/\/radiorevelacionfm.cl\/wp-content\/uploads\/2024\/06\/18-3-1-1.jpg\" alt='' title='18 (3) (1) (1)' height=\"600\" width=\"900\"  itemprop=\"thumbnailUrl\" srcset=\"https:\/\/radiorevelacionfm.cl\/wp-content\/uploads\/2024\/06\/18-3-1-1.jpg 900w, https:\/\/radiorevelacionfm.cl\/wp-content\/uploads\/2024\/06\/18-3-1-1-300x200.jpg 300w, https:\/\/radiorevelacionfm.cl\/wp-content\/uploads\/2024\/06\/18-3-1-1-768x512.jpg 768w, https:\/\/radiorevelacionfm.cl\/wp-content\/uploads\/2024\/06\/18-3-1-1-705x470.jpg 705w, https:\/\/radiorevelacionfm.cl\/wp-content\/uploads\/2024\/06\/18-3-1-1-450x300.jpg 450w, https:\/\/radiorevelacionfm.cl\/wp-content\/uploads\/2024\/06\/18-3-1-1-600x400.jpg 600w\" sizes=\"(max-width: 900px) 100vw, 900px\" \/><\/div><\/div><\/div><\/div><div class=\"flex_column av_one_full  flex_column_div av-zero-column-padding first  avia-builder-el-2  el_after_av_one_full  el_before_av_one_full  column-top-margin\" style='border-radius:0px; '><section class=\"av_textblock_section \"  itemscope=\"itemscope\" itemtype=\"https:\/\/schema.org\/BlogPosting\" itemprop=\"blogPost\" ><div class='avia_textblock  '   itemprop=\"text\" ><p style=\"text-align: center;\"><span style=\"font-size: 18pt;\"><b>Fiscal\u00eda obtiene condena para imputado que intent\u00f3 sobornar a Carabineros en Puerto Chacabuco<\/b><\/span><\/p>\n<div id=\"gtx-trans\" style=\"position: absolute; left: -50px; top: 4.31534px;\">\n<div class=\"gtx-trans-icon\"><\/div>\n<\/div>\n<\/div><\/section><\/div><div class=\"flex_column av_one_full  flex_column_div av-zero-column-padding first  avia-builder-el-4  el_after_av_one_full  el_before_av_hr  column-top-margin\" style='border-radius:0px; '><section class=\"av_textblock_section \"  itemscope=\"itemscope\" itemtype=\"https:\/\/schema.org\/BlogPosting\" itemprop=\"blogPost\" ><div class='avia_textblock  '   itemprop=\"text\" ><p style=\"font-weight: 400; text-align: justify;\">Tras ser detenido, el sujeto dijo a los funcionarios policiales que les pod\u00eda \u201chacer llegar plata\u201d, agregando que \u201ctodo es conversable\u201d.<\/p>\n<p style=\"font-weight: 400; text-align: justify;\">Tras una acusaci\u00f3n del Ministerio P\u00fabico, un imputado de 28 a\u00f1os fue condenado a tres a\u00f1os y un d\u00eda de presidio menor en su grado m\u00e1ximo y otros siete a\u00f1os y un d\u00eda de inhabilitaci\u00f3n absoluta temporal para cargos y oficios p\u00fablicos, por su responsabilidad en calidad de autor de un delito de cohecho activo o soborno en grado de consumado, cometido el d\u00eda 13 de octubre de 2023 en Puerto Chacabuco, comuna de Ays\u00e9n. Al juicio oral concurri\u00f3 el Fiscal Adjunto (s), Mat\u00edas Manzano.<\/p>\n<p style=\"font-weight: 400; text-align: justify;\">Al no cumplir los requisitos, el sentenciado deber\u00e1 cumplir la pena de forma efectiva, sirvi\u00e9ndole de abono el tiempo en que ha permanecido bajo otras medidas cautelares.<\/p>\n<p style=\"font-weight: 400; text-align: justify;\">ACUSACI\u00d3N<\/p>\n<p style=\"font-weight: 400; text-align: justify;\">De acuerdo a la acusaci\u00f3n de la Fiscal\u00eda, el\u00a013 de octubre de 2023 alrededor de las 22:05 horas, el imputado conduc\u00eda un veh\u00edculo en compa\u00f1\u00eda de dos personas no identificadas hasta el momento, por la Ruta CH 240 Ays\u00e9n-Puerto Chacabuco y al llegar al kil\u00f3metro 10, se percata que personal de Carabineros estaba efectuando controles vehiculares.<\/p>\n<p style=\"font-weight: 400; text-align: justify;\">All\u00ed, un funcionario de Carabineros le efect\u00faa se\u00f1as al imputado para que detenga el m\u00f3vil, sin embargo, hace caso omiso a lo solicitado por el funcionario policial y acelera el veh\u00edculo. Lo anterior, es advertido por el Carabinero quien se mueve r\u00e1pidamente hacia la pista contraria de la ruta.<\/p>\n<p style=\"font-weight: 400; text-align: justify;\">Luego, el imputado junto a los sujetos no identificados, continuaron su huida por diversas calles de Puerto Chacabuco, llegando hasta calle Apolo 11 con la intersecci\u00f3n de calle Uno, donde el sujeto pierde el control del m\u00f3vil, quedando sobre la acera, momento en que las personas no identificadas huyen del lugar.<\/p>\n<p style=\"font-weight: 400; text-align: justify;\">Mientras el imputado era trasladado en el calabozo del carro policial hacia el hospital de Puerto Ays\u00e9n, en calidad de detenido, dijo a los funcionarios policiales que les pod\u00eda \u201chacer llegar plata, les puedo hacer llegar lucas, no me la hagan dif\u00edcil, puedo pedir que les hagan llegar lucas\u201d, agregando el mismo sujeto que \u201ctodo es conversable\u201d. De esta forma ofreci\u00f3 beneficios econ\u00f3micos con el objeto de que los funcionarios policiales omitieran ejercer actos propios de su cargo.<\/p>\n<p style=\"font-weight: 400; text-align: justify;\">En el juicio oral efectuado durante el mes de julio, declararon los propios funcionarios policiales, quienes se mantuvieron apegados a la normativa institucional.<\/p>\n<p style=\"font-weight: 400; text-align: justify;\">En este caso, se solicitaron diligencias investigativas a la SIP de Carabineros de la Segunda Comisar\u00eda y la sentencia fue\u00a0dictada por los jueces M\u00f3nica Coloma Pulgar,\u00a0 Fernando Acu\u00f1a Guti\u00e9rrez y Patricio Z\u00fa\u00f1iga Valenzuela.<\/p>\n<\/div><\/section><\/div><div  style='height:50px' class='hr hr-invisible   avia-builder-el-6  el_after_av_one_full  el_before_av_social_share '><span class='hr-inner ' ><span class='hr-inner-style'><\/span><\/span><\/div><\/p>\n<div  class='av-social-sharing-box  avia-builder-el-7  el_after_av_hr  el_before_av_hr  '><div class='av-share-box'><h5 class='av-share-link-description av-no-toc '>Compartir esta noticia<\/h5><ul class='av-share-box-list noLightbox'><li class='av-share-link av-social-link-facebook' ><a target=\"_blank\" aria-label=\"Compartir en Facebook\" href='https:\/\/www.facebook.com\/sharer.php?u=https:\/\/radiorevelacionfm.cl\/?p=56872&#038;t=Fiscal%C3%ADa%20obtiene%20condena%20para%20imputado%20que%20intent%C3%B3%20sobornar%20a%20Carabineros%20en%20Puerto%20Chacabuco' aria-hidden='false' data-av_icon='\ue8f3' data-av_iconfont='entypo-fontello' title='' data-avia-related-tooltip='Compartir en Facebook' rel=\"noopener\"><span class='avia_hidden_link_text'>Compartir en Facebook<\/span><\/a><\/li><li class='av-share-link av-social-link-twitter' ><a target=\"_blank\" aria-label=\"Compartir en Twitter\" href='https:\/\/twitter.com\/share?text=Fiscal%C3%ADa%20obtiene%20condena%20para%20imputado%20que%20intent%C3%B3%20sobornar%20a%20Carabineros%20en%20Puerto%20Chacabuco&#038;url=https:\/\/radiorevelacionfm.cl\/?p=56872' aria-hidden='false' data-av_icon='\ue8f1' data-av_iconfont='entypo-fontello' title='' data-avia-related-tooltip='Compartir en Twitter' rel=\"noopener\"><span class='avia_hidden_link_text'>Compartir en Twitter<\/span><\/a><\/li><li class='av-share-link av-social-link-whatsapp' ><a target=\"_blank\" aria-label=\"Compartir en Whatsapp\" href='https:\/\/api.whatsapp.com\/send?text=https:\/\/radiorevelacionfm.cl\/?p=56872' aria-hidden='false' data-av_icon='\uf232' data-av_iconfont='entypo-fontello' title='' data-avia-related-tooltip='Compartir en Whatsapp' rel=\"noopener\"><span class='avia_hidden_link_text'>Compartir en Whatsapp<\/span><\/a><\/li><li class='av-share-link av-social-link-linkedin' ><a target=\"_blank\" aria-label=\"Compartir en LinkedIn\" href='https:\/\/linkedin.com\/shareArticle?mini=true&#038;title=Fiscal%C3%ADa%20obtiene%20condena%20para%20imputado%20que%20intent%C3%B3%20sobornar%20a%20Carabineros%20en%20Puerto%20Chacabuco&#038;url=https:\/\/radiorevelacionfm.cl\/?p=56872' aria-hidden='false' data-av_icon='\ue8fc' data-av_iconfont='entypo-fontello' title='' data-avia-related-tooltip='Compartir en LinkedIn' rel=\"noopener\"><span class='avia_hidden_link_text'>Compartir en LinkedIn<\/span><\/a><\/li><li class='av-share-link av-social-link-mail' ><a  aria-label=\"Compartir por correo\" href='mailto:?subject=Fiscal%C3%ADa%20obtiene%20condena%20para%20imputado%20que%20intent%C3%B3%20sobornar%20a%20Carabineros%20en%20Puerto%20Chacabuco&#038;body=https:\/\/radiorevelacionfm.cl\/?p=56872' aria-hidden='false' data-av_icon='\ue805' data-av_iconfont='entypo-fontello' title='' data-avia-related-tooltip='Compartir por correo'><span class='avia_hidden_link_text'>Compartir por correo<\/span><\/a><\/li><\/ul><\/div><\/div>\n<div  style='height:50px' class='hr hr-invisible   avia-builder-el-8  el_after_av_social_share  el_before_av_comments_list '><span class='hr-inner ' ><span class='hr-inner-style'><\/span><\/span><\/div>\n<div  class='av-buildercomment  av-blog-meta-html-info-disabled av-blog-meta-tag-disabled  '><\/div>\n","protected":false},"excerpt":{"rendered":"","protected":false},"author":1,"featured_media":43605,"comment_status":"closed","ping_status":"closed","sticky":false,"template":"","format":"standard","meta":{"footnotes":""},"categories":[55],"tags":[],"class_list":["post-56872","post","type-post","status-publish","format-standard","has-post-thumbnail","hentry","category-justicia"],"jetpack_featured_media_url":"https:\/\/radiorevelacionfm.cl\/wp-content\/uploads\/2024\/06\/18-3-1-1.jpg","_links":{"self":[{"href":"https:\/\/radiorevelacionfm.cl\/index.php?rest_route=\/wp\/v2\/posts\/56872","targetHints":{"allow":["GET"]}}],"collection":[{"href":"https:\/\/radiorevelacionfm.cl\/index.php?rest_route=\/wp\/v2\/posts"}],"about":[{"href":"https:\/\/radiorevelacionfm.cl\/index.php?rest_route=\/wp\/v2\/types\/post"}],"author":[{"embeddable":true,"href":"https:\/\/radiorevelacionfm.cl\/index.php?rest_route=\/wp\/v2\/users\/1"}],"replies":[{"embeddable":true,"href":"https:\/\/radiorevelacionfm.cl\/index.php?rest_route=%2Fwp%2Fv2%2Fcomments&post=56872"}],"version-history":[{"count":2,"href":"https:\/\/radiorevelacionfm.cl\/index.php?rest_route=\/wp\/v2\/posts\/56872\/revisions"}],"predecessor-version":[{"id":56878,"href":"https:\/\/radiorevelacionfm.cl\/index.php?rest_route=\/wp\/v2\/posts\/56872\/revisions\/56878"}],"wp:featuredmedia":[{"embeddable":true,"href":"https:\/\/radiorevelacionfm.cl\/index.php?rest_route=\/wp\/v2\/media\/43605"}],"wp:attachment":[{"href":"https:\/\/radiorevelacionfm.cl\/index.php?rest_route=%2Fwp%2Fv2%2Fmedia&parent=56872"}],"wp:term":[{"taxonomy":"category","embeddable":true,"href":"https:\/\/radiorevelacionfm.cl\/index.php?rest_route=%2Fwp%2Fv2%2Fcategories&post=56872"},{"taxonomy":"post_tag","embeddable":true,"href":"https:\/\/radiorevelacionfm.cl\/index.php?rest_route=%2Fwp%2Fv2%2Ftags&post=56872"}],"curies":[{"name":"wp","href":"https:\/\/api.w.org\/{rel}","templated":true}]}}