{"id":56867,"date":"2025-07-23T16:13:56","date_gmt":"2025-07-23T19:13:56","guid":{"rendered":"https:\/\/radiorevelacionfm.cl\/?p=56867"},"modified":"2025-07-23T16:13:56","modified_gmt":"2025-07-23T19:13:56","slug":"asi-se-vive-el-futuro-en-inacap-coyhaique-talleres-de-invierno-encendieron-la-vocacion-de-estudiantes-de-4-medio-en-aysen","status":"publish","type":"post","link":"https:\/\/radiorevelacionfm.cl\/?p=56867","title":{"rendered":"As\u00ed se vive el futuro en INACAP Coyhaique! Talleres de invierno encendieron la vocaci\u00f3n de estudiantes de 4\u00b0 medio en Ays\u00e9n"},"content":{"rendered":"<div class=\"flex_column av_one_full  flex_column_div av-zero-column-padding first  avia-builder-el-0  el_before_av_one_full  avia-builder-el-first  \" style='border-radius:0px; '><div  class='avia-image-container  av-styling-    avia-builder-el-1  avia-builder-el-no-sibling  avia-align-center '  itemprop=\"image\" itemscope=\"itemscope\" itemtype=\"https:\/\/schema.org\/ImageObject\"  ><div class='avia-image-container-inner'><div class='avia-image-overlay-wrap'><img decoding=\"async\" class='wp-image-56869 avia-img-lazy-loading-not-56869 avia_image' src=\"https:\/\/radiorevelacionfm.cl\/wp-content\/uploads\/2025\/07\/TALLER-GASTRONOMIA-1-1.jpg\" alt='' title='TALLER GASTRONOMIA (1) (1)' height=\"600\" width=\"800\"  itemprop=\"thumbnailUrl\" srcset=\"https:\/\/radiorevelacionfm.cl\/wp-content\/uploads\/2025\/07\/TALLER-GASTRONOMIA-1-1.jpg 800w, https:\/\/radiorevelacionfm.cl\/wp-content\/uploads\/2025\/07\/TALLER-GASTRONOMIA-1-1-300x225.jpg 300w, https:\/\/radiorevelacionfm.cl\/wp-content\/uploads\/2025\/07\/TALLER-GASTRONOMIA-1-1-768x576.jpg 768w, https:\/\/radiorevelacionfm.cl\/wp-content\/uploads\/2025\/07\/TALLER-GASTRONOMIA-1-1-705x529.jpg 705w, https:\/\/radiorevelacionfm.cl\/wp-content\/uploads\/2025\/07\/TALLER-GASTRONOMIA-1-1-450x338.jpg 450w, https:\/\/radiorevelacionfm.cl\/wp-content\/uploads\/2025\/07\/TALLER-GASTRONOMIA-1-1-600x450.jpg 600w\" sizes=\"(max-width: 800px) 100vw, 800px\" \/><\/div><\/div><\/div><\/div><div class=\"flex_column av_one_full  flex_column_div av-zero-column-padding first  avia-builder-el-2  el_after_av_one_full  el_before_av_one_full  column-top-margin\" style='border-radius:0px; '><section class=\"av_textblock_section \"  itemscope=\"itemscope\" itemtype=\"https:\/\/schema.org\/BlogPosting\" itemprop=\"blogPost\" ><div class='avia_textblock  '   itemprop=\"text\" ><p style=\"text-align: center;\"><span style=\"font-size: 18pt;\"><strong>\u00a1As\u00ed se vive el futuro en INACAP Coyhaique! <\/strong><strong>Talleres de invierno encendieron la vocaci\u00f3n de estudiantes de 4\u00b0 medio en Ays\u00e9n<\/strong><\/span><\/p>\n<div id=\"gtx-trans\" style=\"position: absolute; left: -50px; top: 4.31534px;\">\n<div class=\"gtx-trans-icon\"><\/div>\n<\/div>\n<\/div><\/section><\/div><div class=\"flex_column av_one_full  flex_column_div av-zero-column-padding first  avia-builder-el-4  el_after_av_one_full  el_before_av_hr  column-top-margin\" style='border-radius:0px; '><section class=\"av_textblock_section \"  itemscope=\"itemscope\" itemtype=\"https:\/\/schema.org\/BlogPosting\" itemprop=\"blogPost\" ><div class='avia_textblock  '   itemprop=\"text\" ><p style=\"text-align: justify;\">Durante las vacaciones de invierno,\u00a0INACAP Sede Coyhaique\u00a0abri\u00f3 sus puertas a estudiantes de 4\u00b0 medio de diversos establecimientos educacionales de la regi\u00f3n, quienes participaron en los\u00a0Talleres de Invierno 2025. Esta iniciativa formativa y pr\u00e1ctica permiti\u00f3 a los j\u00f3venes explorar distintas \u00e1reas del conocimiento t\u00e9cnico-profesional en un ambiente real y estimulante.\u00a0En esta edici\u00f3n, se desarrollaron talleres en las \u00e1reas de\u00a0Gastronom\u00eda, Agroindustria, Dise\u00f1o Digital y Salud, todos guiados por docentes especialistas de cada disciplina. Las actividades fueron dise\u00f1adas con un enfoque experiencial, fomentando el aprendizaje activo, el descubrimiento vocacional y la cercan\u00eda con la vida acad\u00e9mica en INACAP.<\/p>\n<p style=\"text-align: justify;\">Una de las participantes,\u00a0Roc\u00edo Villarroel, estudiante de 4\u00b0 medio del Colegio Antoine De Saint-Exup\u00e9ry de Coyhaique, comparti\u00f3 su experiencia \u201cFue muy entretenido y valioso participar en este taller. Aprend\u00ed cosas nuevas sobre hidropon\u00eda y me encant\u00f3 poder experimentar directamente en el domo. Estas actividades que hace INACAP son s\u00faper importantes para que podamos conocer m\u00e1s sobre lo que nos gusta y lo que podr\u00edamos estudiar en el futuro.\u201d<\/p>\n<p style=\"text-align: justify;\">Desde el \u00e1rea de Admisi\u00f3n, se valor\u00f3 la relevancia de estas jornadas como parte del compromiso institucional con la comunidad educativa regional.\u00a0Camilo Haros, Encargado Subrogante de Admisi\u00f3n de INACAP Sede Coyhaique, se\u00f1al\u00f3 \u201cEstos talleres son una muestra concreta del compromiso que tiene INACAP con la formaci\u00f3n temprana y la vinculaci\u00f3n con los liceos de nuestra regi\u00f3n. Nos interesa que los estudiantes puedan vivir experiencias reales en nuestras instalaciones, conocer nuestras \u00e1reas acad\u00e9micas y descubrir vocaciones que pueden transformar su futuro.\u201d<\/p>\n<p style=\"text-align: justify;\">Los\u00a0Talleres de Invierno 2025\u00a0reflejan la convicci\u00f3n de INACAP por acercar la educaci\u00f3n t\u00e9cnico-profesional a las nuevas generaciones, generando espacios que inspiren, orienten y preparen a los j\u00f3venes de Ays\u00e9n para los desaf\u00edos del ma\u00f1ana.<\/p>\n<\/div><\/section><\/div><div  style='height:50px' class='hr hr-invisible   avia-builder-el-6  el_after_av_one_full  el_before_av_social_share '><span class='hr-inner ' ><span class='hr-inner-style'><\/span><\/span><\/div><\/p>\n<div  class='av-social-sharing-box  avia-builder-el-7  el_after_av_hr  el_before_av_hr  '><div class='av-share-box'><h5 class='av-share-link-description av-no-toc '>Compartir esta noticia<\/h5><ul class='av-share-box-list noLightbox'><li class='av-share-link av-social-link-facebook' ><a target=\"_blank\" aria-label=\"Compartir en Facebook\" href='https:\/\/www.facebook.com\/sharer.php?u=https:\/\/radiorevelacionfm.cl\/?p=56867&#038;t=As%C3%AD%20se%20vive%20el%20futuro%20en%20INACAP%20Coyhaique%21%20Talleres%20de%20invierno%20encendieron%20la%20vocaci%C3%B3n%20de%20estudiantes%20de%204%C2%B0%20medio%20en%20Ays%C3%A9n' aria-hidden='false' data-av_icon='\ue8f3' data-av_iconfont='entypo-fontello' title='' data-avia-related-tooltip='Compartir en Facebook' rel=\"noopener\"><span class='avia_hidden_link_text'>Compartir en Facebook<\/span><\/a><\/li><li class='av-share-link av-social-link-twitter' ><a target=\"_blank\" aria-label=\"Compartir en Twitter\" href='https:\/\/twitter.com\/share?text=As%C3%AD%20se%20vive%20el%20futuro%20en%20INACAP%20Coyhaique%21%20Talleres%20de%20invierno%20encendieron%20la%20vocaci%C3%B3n%20de%20estudiantes%20de%204%C2%B0%20medio%20en%20Ays%C3%A9n&#038;url=https:\/\/radiorevelacionfm.cl\/?p=56867' aria-hidden='false' data-av_icon='\ue8f1' data-av_iconfont='entypo-fontello' title='' data-avia-related-tooltip='Compartir en Twitter' rel=\"noopener\"><span class='avia_hidden_link_text'>Compartir en Twitter<\/span><\/a><\/li><li class='av-share-link av-social-link-whatsapp' ><a target=\"_blank\" aria-label=\"Compartir en Whatsapp\" href='https:\/\/api.whatsapp.com\/send?text=https:\/\/radiorevelacionfm.cl\/?p=56867' aria-hidden='false' data-av_icon='\uf232' data-av_iconfont='entypo-fontello' title='' data-avia-related-tooltip='Compartir en Whatsapp' rel=\"noopener\"><span class='avia_hidden_link_text'>Compartir en Whatsapp<\/span><\/a><\/li><li class='av-share-link av-social-link-linkedin' ><a target=\"_blank\" aria-label=\"Compartir en LinkedIn\" href='https:\/\/linkedin.com\/shareArticle?mini=true&#038;title=As%C3%AD%20se%20vive%20el%20futuro%20en%20INACAP%20Coyhaique%21%20Talleres%20de%20invierno%20encendieron%20la%20vocaci%C3%B3n%20de%20estudiantes%20de%204%C2%B0%20medio%20en%20Ays%C3%A9n&#038;url=https:\/\/radiorevelacionfm.cl\/?p=56867' aria-hidden='false' data-av_icon='\ue8fc' data-av_iconfont='entypo-fontello' title='' data-avia-related-tooltip='Compartir en LinkedIn' rel=\"noopener\"><span class='avia_hidden_link_text'>Compartir en LinkedIn<\/span><\/a><\/li><li class='av-share-link av-social-link-mail' ><a  aria-label=\"Compartir por correo\" href='mailto:?subject=As%C3%AD%20se%20vive%20el%20futuro%20en%20INACAP%20Coyhaique%21%20Talleres%20de%20invierno%20encendieron%20la%20vocaci%C3%B3n%20de%20estudiantes%20de%204%C2%B0%20medio%20en%20Ays%C3%A9n&#038;body=https:\/\/radiorevelacionfm.cl\/?p=56867' aria-hidden='false' data-av_icon='\ue805' data-av_iconfont='entypo-fontello' title='' data-avia-related-tooltip='Compartir por correo'><span class='avia_hidden_link_text'>Compartir por correo<\/span><\/a><\/li><\/ul><\/div><\/div>\n<div  style='height:50px' class='hr hr-invisible   avia-builder-el-8  el_after_av_social_share  el_before_av_comments_list '><span class='hr-inner ' ><span class='hr-inner-style'><\/span><\/span><\/div>\n<div  class='av-buildercomment  av-blog-meta-html-info-disabled av-blog-meta-tag-disabled  '><\/div>\n","protected":false},"excerpt":{"rendered":"","protected":false},"author":1,"featured_media":56869,"comment_status":"closed","ping_status":"closed","sticky":false,"template":"","format":"standard","meta":{"footnotes":""},"categories":[49],"tags":[],"class_list":["post-56867","post","type-post","status-publish","format-standard","has-post-thumbnail","hentry","category-educacion"],"jetpack_featured_media_url":"https:\/\/radiorevelacionfm.cl\/wp-content\/uploads\/2025\/07\/TALLER-GASTRONOMIA-1-1.jpg","_links":{"self":[{"href":"https:\/\/radiorevelacionfm.cl\/index.php?rest_route=\/wp\/v2\/posts\/56867","targetHints":{"allow":["GET"]}}],"collection":[{"href":"https:\/\/radiorevelacionfm.cl\/index.php?rest_route=\/wp\/v2\/posts"}],"about":[{"href":"https:\/\/radiorevelacionfm.cl\/index.php?rest_route=\/wp\/v2\/types\/post"}],"author":[{"embeddable":true,"href":"https:\/\/radiorevelacionfm.cl\/index.php?rest_route=\/wp\/v2\/users\/1"}],"replies":[{"embeddable":true,"href":"https:\/\/radiorevelacionfm.cl\/index.php?rest_route=%2Fwp%2Fv2%2Fcomments&post=56867"}],"version-history":[{"count":2,"href":"https:\/\/radiorevelacionfm.cl\/index.php?rest_route=\/wp\/v2\/posts\/56867\/revisions"}],"predecessor-version":[{"id":56871,"href":"https:\/\/radiorevelacionfm.cl\/index.php?rest_route=\/wp\/v2\/posts\/56867\/revisions\/56871"}],"wp:featuredmedia":[{"embeddable":true,"href":"https:\/\/radiorevelacionfm.cl\/index.php?rest_route=\/wp\/v2\/media\/56869"}],"wp:attachment":[{"href":"https:\/\/radiorevelacionfm.cl\/index.php?rest_route=%2Fwp%2Fv2%2Fmedia&parent=56867"}],"wp:term":[{"taxonomy":"category","embeddable":true,"href":"https:\/\/radiorevelacionfm.cl\/index.php?rest_route=%2Fwp%2Fv2%2Fcategories&post=56867"},{"taxonomy":"post_tag","embeddable":true,"href":"https:\/\/radiorevelacionfm.cl\/index.php?rest_route=%2Fwp%2Fv2%2Ftags&post=56867"}],"curies":[{"name":"wp","href":"https:\/\/api.w.org\/{rel}","templated":true}]}}