{"id":56864,"date":"2025-07-23T17:00:48","date_gmt":"2025-07-23T20:00:48","guid":{"rendered":"https:\/\/radiorevelacionfm.cl\/?p=56864"},"modified":"2025-07-23T17:00:48","modified_gmt":"2025-07-23T20:00:48","slug":"realizaran-trabajos-de-mejora-en-redes-electricas-del-sector-campo-alegre-en-coyhaique","status":"publish","type":"post","link":"https:\/\/radiorevelacionfm.cl\/?p=56864","title":{"rendered":"Realizar\u00e1n trabajos de mejora en redes el\u00e9ctricas del sector Campo Alegre en Coyhaique"},"content":{"rendered":"<div class=\"flex_column av_one_full  flex_column_div av-zero-column-padding first  avia-builder-el-0  el_before_av_one_full  avia-builder-el-first  \" style='border-radius:0px; '><div  class='avia-image-container  av-styling-    avia-builder-el-1  avia-builder-el-no-sibling  avia-align-center '  itemprop=\"image\" itemscope=\"itemscope\" itemtype=\"https:\/\/schema.org\/ImageObject\"  ><div class='avia-image-container-inner'><div class='avia-image-overlay-wrap'><img decoding=\"async\" class='wp-image-56865 avia-img-lazy-loading-not-56865 avia_image' src=\"https:\/\/radiorevelacionfm.cl\/wp-content\/uploads\/2025\/07\/trabajos-en-campo-alegre-1_optimized.jpeg\" alt='' title='trabajos-en-campo-alegre-(1)_optimized' height=\"740\" width=\"804\"  itemprop=\"thumbnailUrl\" srcset=\"https:\/\/radiorevelacionfm.cl\/wp-content\/uploads\/2025\/07\/trabajos-en-campo-alegre-1_optimized.jpeg 804w, https:\/\/radiorevelacionfm.cl\/wp-content\/uploads\/2025\/07\/trabajos-en-campo-alegre-1_optimized-300x276.jpeg 300w, https:\/\/radiorevelacionfm.cl\/wp-content\/uploads\/2025\/07\/trabajos-en-campo-alegre-1_optimized-768x707.jpeg 768w, https:\/\/radiorevelacionfm.cl\/wp-content\/uploads\/2025\/07\/trabajos-en-campo-alegre-1_optimized-705x649.jpeg 705w, https:\/\/radiorevelacionfm.cl\/wp-content\/uploads\/2025\/07\/trabajos-en-campo-alegre-1_optimized-450x414.jpeg 450w, https:\/\/radiorevelacionfm.cl\/wp-content\/uploads\/2025\/07\/trabajos-en-campo-alegre-1_optimized-600x552.jpeg 600w\" sizes=\"(max-width: 804px) 100vw, 804px\" \/><\/div><\/div><\/div><\/div><div class=\"flex_column av_one_full  flex_column_div av-zero-column-padding first  avia-builder-el-2  el_after_av_one_full  el_before_av_one_full  column-top-margin\" style='border-radius:0px; '><section class=\"av_textblock_section \"  itemscope=\"itemscope\" itemtype=\"https:\/\/schema.org\/BlogPosting\" itemprop=\"blogPost\" ><div class='avia_textblock  '   itemprop=\"text\" ><p style=\"text-align: center;\"><strong><span style=\"font-size: 18pt;\">Realizar\u00e1n trabajos de mejora en redes el\u00e9ctricas del sector Campo Alegre en Coyhaique<\/span><\/strong><\/p>\n<div id=\"gtx-trans\" style=\"position: absolute; left: -50px; top: 4.31534px;\">\n<div class=\"gtx-trans-icon\"><\/div>\n<\/div>\n<\/div><\/section><\/div><div class=\"flex_column av_one_full  flex_column_div av-zero-column-padding first  avia-builder-el-4  el_after_av_one_full  el_before_av_hr  column-top-margin\" style='border-radius:0px; '><section class=\"av_textblock_section \"  itemscope=\"itemscope\" itemtype=\"https:\/\/schema.org\/BlogPosting\" itemprop=\"blogPost\" ><div class='avia_textblock  '   itemprop=\"text\" ><p style=\"text-align: justify;\"><em>Las labores se desarrollar\u00e1n este jueves 24 de julio con brigadas especializadas en l\u00edneas energizadas, sin afectar el suministro de los clientes.<\/em><\/p>\n<p style=\"text-align: justify;\">La el\u00e9ctrica dio a conocer que durante este jueves 24 de julio se realizar\u00e1n trabajos de mantenimiento y mejora en las redes del sector Campo Alegre, en la comuna de Coyhaique. Las faenas estar\u00e1n a cargo de equipos de l\u00edneas vivas, personal especializado que permite intervenir el tendido el\u00e9ctrico sin necesidad de afectar el suministro el\u00e9ctrico para los clientes.<\/p>\n<p style=\"text-align: justify;\">Los trabajos consisten principalmente en el despeje de ramas y vegetaci\u00f3n cercana al tendido el\u00e9ctrico, con el objetivo de prevenir interrupciones del servicio y reforzar la seguridad de la red, especialmente en esta \u00e9poca del a\u00f1o donde los factores clim\u00e1ticos pueden generar mayores riesgos.<\/p>\n<p style=\"text-align: justify;\">Al respecto, Roberto Pe\u00f1a, ejecutivo de Edelaysen destac\u00f3 que: \u201cEste tipo de trabajos nos permite realizar mejoras importantes sin afectar la continuidad del suministro, gracias a un equipo especializado que opera con la red energizada. En ese sentido, desde Edelaysen estamos comprometidos con seguir fortaleciendo nuestro sistema el\u00e9ctrico, de forma segura y planificada, para entregar un mejor servicio a nuestros vecinos\u201d.<\/p>\n<p style=\"text-align: justify;\">Desde la el\u00e9ctrica destacaron que estas labores se enmarcan en el plan permanente de mantenimiento preventivo que busca fortalecer la continuidad del suministro el\u00e9ctrico para las familias de la comuna, sin afectar su rutina ni suspender el servicio mientras se ejecutan las obras.<\/p>\n<p style=\"text-align: justify;\">As\u00ed mismo, indicaron que, ante dudas o requerimientos, los clientes pueden comunicarse a la l\u00ednea gratuita 800 600 803 o visitar la p\u00e1gina web\u00a0<a href=\"https:\/\/nam10.safelinks.protection.outlook.com\/?url=http%3A%2F%2Fwww.edelaysen.cl%2F&amp;data=05%7C02%7Cmaria.marchant%40saesa.cl%7C3b43c84ac6994b8f61f708ddc95f6a23%7C136d6ab55b55496f97cb2424247715ed%7C0%7C0%7C638888133865961156%7CUnknown%7CTWFpbGZsb3d8eyJFbXB0eU1hcGkiOnRydWUsIlYiOiIwLjAuMDAwMCIsIlAiOiJXaW4zMiIsIkFOIjoiTWFpbCIsIldUIjoyfQ%3D%3D%7C0%7C%7C%7C&amp;sdata=xx240xOFlhBXJiPk83BHOvWj5ax26Vcvlg83vAM5aMg%3D&amp;reserved=0\">www.edelaysen.cl<\/a>, donde encontrar\u00e1n informaci\u00f3n actualizada sobre el servicio y los canales de contacto disponibles.<\/p>\n<\/div><\/section><\/div><div  style='height:50px' class='hr hr-invisible   avia-builder-el-6  el_after_av_one_full  el_before_av_social_share '><span class='hr-inner ' ><span class='hr-inner-style'><\/span><\/span><\/div><\/p>\n<div  class='av-social-sharing-box  avia-builder-el-7  el_after_av_hr  el_before_av_hr  '><div class='av-share-box'><h5 class='av-share-link-description av-no-toc '>Compartir esta noticia<\/h5><ul class='av-share-box-list noLightbox'><li class='av-share-link av-social-link-facebook' ><a target=\"_blank\" aria-label=\"Compartir en Facebook\" href='https:\/\/www.facebook.com\/sharer.php?u=https:\/\/radiorevelacionfm.cl\/?p=56864&#038;t=Realizar%C3%A1n%20trabajos%20de%20mejora%20en%20redes%20el%C3%A9ctricas%20del%20sector%20Campo%20Alegre%20en%20Coyhaique' aria-hidden='false' data-av_icon='\ue8f3' data-av_iconfont='entypo-fontello' title='' data-avia-related-tooltip='Compartir en Facebook' rel=\"noopener\"><span class='avia_hidden_link_text'>Compartir en Facebook<\/span><\/a><\/li><li class='av-share-link av-social-link-twitter' ><a target=\"_blank\" aria-label=\"Compartir en Twitter\" href='https:\/\/twitter.com\/share?text=Realizar%C3%A1n%20trabajos%20de%20mejora%20en%20redes%20el%C3%A9ctricas%20del%20sector%20Campo%20Alegre%20en%20Coyhaique&#038;url=https:\/\/radiorevelacionfm.cl\/?p=56864' aria-hidden='false' data-av_icon='\ue8f1' data-av_iconfont='entypo-fontello' title='' data-avia-related-tooltip='Compartir en Twitter' rel=\"noopener\"><span class='avia_hidden_link_text'>Compartir en Twitter<\/span><\/a><\/li><li class='av-share-link av-social-link-whatsapp' ><a target=\"_blank\" aria-label=\"Compartir en Whatsapp\" href='https:\/\/api.whatsapp.com\/send?text=https:\/\/radiorevelacionfm.cl\/?p=56864' aria-hidden='false' data-av_icon='\uf232' data-av_iconfont='entypo-fontello' title='' data-avia-related-tooltip='Compartir en Whatsapp' rel=\"noopener\"><span class='avia_hidden_link_text'>Compartir en Whatsapp<\/span><\/a><\/li><li class='av-share-link av-social-link-linkedin' ><a target=\"_blank\" aria-label=\"Compartir en LinkedIn\" href='https:\/\/linkedin.com\/shareArticle?mini=true&#038;title=Realizar%C3%A1n%20trabajos%20de%20mejora%20en%20redes%20el%C3%A9ctricas%20del%20sector%20Campo%20Alegre%20en%20Coyhaique&#038;url=https:\/\/radiorevelacionfm.cl\/?p=56864' aria-hidden='false' data-av_icon='\ue8fc' data-av_iconfont='entypo-fontello' title='' data-avia-related-tooltip='Compartir en LinkedIn' rel=\"noopener\"><span class='avia_hidden_link_text'>Compartir en LinkedIn<\/span><\/a><\/li><li class='av-share-link av-social-link-mail' ><a  aria-label=\"Compartir por correo\" href='mailto:?subject=Realizar%C3%A1n%20trabajos%20de%20mejora%20en%20redes%20el%C3%A9ctricas%20del%20sector%20Campo%20Alegre%20en%20Coyhaique&#038;body=https:\/\/radiorevelacionfm.cl\/?p=56864' aria-hidden='false' data-av_icon='\ue805' data-av_iconfont='entypo-fontello' title='' data-avia-related-tooltip='Compartir por correo'><span class='avia_hidden_link_text'>Compartir por correo<\/span><\/a><\/li><\/ul><\/div><\/div>\n<div  style='height:50px' class='hr hr-invisible   avia-builder-el-8  el_after_av_social_share  el_before_av_comments_list '><span class='hr-inner ' ><span class='hr-inner-style'><\/span><\/span><\/div>\n<div  class='av-buildercomment  av-blog-meta-html-info-disabled av-blog-meta-tag-disabled  '><\/div>\n","protected":false},"excerpt":{"rendered":"","protected":false},"author":1,"featured_media":56865,"comment_status":"closed","ping_status":"closed","sticky":false,"template":"","format":"standard","meta":{"footnotes":""},"categories":[38],"tags":[],"class_list":["post-56864","post","type-post","status-publish","format-standard","has-post-thumbnail","hentry","category-regional"],"jetpack_featured_media_url":"https:\/\/radiorevelacionfm.cl\/wp-content\/uploads\/2025\/07\/trabajos-en-campo-alegre-1_optimized.jpeg","_links":{"self":[{"href":"https:\/\/radiorevelacionfm.cl\/index.php?rest_route=\/wp\/v2\/posts\/56864","targetHints":{"allow":["GET"]}}],"collection":[{"href":"https:\/\/radiorevelacionfm.cl\/index.php?rest_route=\/wp\/v2\/posts"}],"about":[{"href":"https:\/\/radiorevelacionfm.cl\/index.php?rest_route=\/wp\/v2\/types\/post"}],"author":[{"embeddable":true,"href":"https:\/\/radiorevelacionfm.cl\/index.php?rest_route=\/wp\/v2\/users\/1"}],"replies":[{"embeddable":true,"href":"https:\/\/radiorevelacionfm.cl\/index.php?rest_route=%2Fwp%2Fv2%2Fcomments&post=56864"}],"version-history":[{"count":2,"href":"https:\/\/radiorevelacionfm.cl\/index.php?rest_route=\/wp\/v2\/posts\/56864\/revisions"}],"predecessor-version":[{"id":56877,"href":"https:\/\/radiorevelacionfm.cl\/index.php?rest_route=\/wp\/v2\/posts\/56864\/revisions\/56877"}],"wp:featuredmedia":[{"embeddable":true,"href":"https:\/\/radiorevelacionfm.cl\/index.php?rest_route=\/wp\/v2\/media\/56865"}],"wp:attachment":[{"href":"https:\/\/radiorevelacionfm.cl\/index.php?rest_route=%2Fwp%2Fv2%2Fmedia&parent=56864"}],"wp:term":[{"taxonomy":"category","embeddable":true,"href":"https:\/\/radiorevelacionfm.cl\/index.php?rest_route=%2Fwp%2Fv2%2Fcategories&post=56864"},{"taxonomy":"post_tag","embeddable":true,"href":"https:\/\/radiorevelacionfm.cl\/index.php?rest_route=%2Fwp%2Fv2%2Ftags&post=56864"}],"curies":[{"name":"wp","href":"https:\/\/api.w.org\/{rel}","templated":true}]}}