{"id":56859,"date":"2025-07-23T15:35:11","date_gmt":"2025-07-23T18:35:11","guid":{"rendered":"https:\/\/radiorevelacionfm.cl\/?p=56859"},"modified":"2025-07-23T15:35:11","modified_gmt":"2025-07-23T18:35:11","slug":"jurel-falso-el-escandaloso-caso-que-indigna-a-los-consumidores","status":"publish","type":"post","link":"https:\/\/radiorevelacionfm.cl\/?p=56859","title":{"rendered":"\u00bfJurel falso? El escandaloso caso que indigna a los consumidores"},"content":{"rendered":"<div class=\"flex_column av_one_full  flex_column_div av-zero-column-padding first  avia-builder-el-0  el_before_av_one_full  avia-builder-el-first  \" style='border-radius:0px; '><div  class='avia-image-container  av-styling-    avia-builder-el-1  avia-builder-el-no-sibling  avia-align-center '  itemprop=\"image\" itemscope=\"itemscope\" itemtype=\"https:\/\/schema.org\/ImageObject\"  ><div class='avia-image-container-inner'><div class='avia-image-overlay-wrap'><img decoding=\"async\" class='wp-image-56860 avia-img-lazy-loading-not-56860 avia_image' src=\"https:\/\/radiorevelacionfm.cl\/wp-content\/uploads\/2025\/07\/file_20250721123202-1-1.jpg\" alt='' title='file_20250721123202 (1) (1)' height=\"600\" width=\"1068\"  itemprop=\"thumbnailUrl\" srcset=\"https:\/\/radiorevelacionfm.cl\/wp-content\/uploads\/2025\/07\/file_20250721123202-1-1.jpg 1068w, https:\/\/radiorevelacionfm.cl\/wp-content\/uploads\/2025\/07\/file_20250721123202-1-1-300x169.jpg 300w, https:\/\/radiorevelacionfm.cl\/wp-content\/uploads\/2025\/07\/file_20250721123202-1-1-1030x579.jpg 1030w, https:\/\/radiorevelacionfm.cl\/wp-content\/uploads\/2025\/07\/file_20250721123202-1-1-768x431.jpg 768w, https:\/\/radiorevelacionfm.cl\/wp-content\/uploads\/2025\/07\/file_20250721123202-1-1-705x396.jpg 705w, https:\/\/radiorevelacionfm.cl\/wp-content\/uploads\/2025\/07\/file_20250721123202-1-1-450x253.jpg 450w, https:\/\/radiorevelacionfm.cl\/wp-content\/uploads\/2025\/07\/file_20250721123202-1-1-600x337.jpg 600w\" sizes=\"(max-width: 1068px) 100vw, 1068px\" \/><\/div><\/div><\/div><\/div><div class=\"flex_column av_one_full  flex_column_div av-zero-column-padding first  avia-builder-el-2  el_after_av_one_full  el_before_av_one_full  column-top-margin\" style='border-radius:0px; '><section class=\"av_textblock_section \"  itemscope=\"itemscope\" itemtype=\"https:\/\/schema.org\/BlogPosting\" itemprop=\"blogPost\" ><div class='avia_textblock  '   itemprop=\"text\" ><p style=\"text-align: center;\"><span style=\"font-size: 18pt;\"><strong>\u00bfJurel falso? El escandaloso caso que indigna a los consumidores<\/strong><\/span><\/p>\n<div id=\"gtx-trans\" style=\"position: absolute; left: -50px; top: 4.31534px;\">\n<div class=\"gtx-trans-icon\"><\/div>\n<\/div>\n<\/div><\/section><\/div><div class=\"flex_column av_one_full  flex_column_div av-zero-column-padding first  avia-builder-el-4  el_after_av_one_full  el_before_av_hr  column-top-margin\" style='border-radius:0px; '><section class=\"av_textblock_section \"  itemscope=\"itemscope\" itemtype=\"https:\/\/schema.org\/BlogPosting\" itemprop=\"blogPost\" ><div class='avia_textblock  '   itemprop=\"text\" ><p style=\"text-align: justify;\"><em>Por: C\u00e9sar Eugenio Vargas Rojas, acad\u00e9mico Facultad de Derecho, UNAB. <\/em><\/p>\n<p style=\"text-align: justify;\">En los \u00faltimos d\u00edas, diversos medios de comunicaci\u00f3n han informado sobre un hecho alarmante: varias marcas de conservas \u2014<em>entre ellas Coliseo, Barquito, Novamar, Acuenta y Unimarc<\/em>\u2014 estar\u00edan comercializando productos rotulados como \u201cjurel\u201d que, en realidad, no corresponder\u00edan a dicha especie. Seg\u00fan los antecedentes preliminares, se tratar\u00eda de productos procesados en China a partir de otras especies marinas similares.<\/p>\n<p style=\"text-align: justify;\">Desde una perspectiva sanitaria, el caso representa una infracci\u00f3n grave a la normativa vigente, dado que estos productos no cumplir\u00edan con los est\u00e1ndares exigidos por la autoridad para su comercializaci\u00f3n en Chile. Pero m\u00e1s all\u00e1 de lo sanitario, este caso merece especial atenci\u00f3n desde el prisma del Derecho del Consumidor.<\/p>\n<p style=\"text-align: justify;\">La Ley N\u00b0 19.496, sobre protecci\u00f3n de los derechos de los consumidores, establece en su art\u00edculo 3\u00b0, letra b), que los proveedores est\u00e1n obligados a entregar informaci\u00f3n <strong>clara, veraz y oportuna<\/strong> respecto de los bienes o servicios que ofrecen. En t\u00e9rminos simples, cualquier producto debe reflejar fielmente su contenido, sin ambig\u00fcedades ni omisiones que puedan inducir a error.<\/p>\n<p style=\"text-align: justify;\">Ahora bien, cuando un consumidor acude al supermercado y adquiere una conserva que en su envase declara ser \u201cjurel\u201d, lo m\u00ednimo esperable \u2014<em>y legalmente exigible<\/em>\u2014 es que el contenido corresponda efectivamente a la especie <em>Trachurus murphyi<\/em>, com\u00fanmente reconocida como \u201cJurel\u201d. Sin embargo, los an\u00e1lisis realizados por el laboratorio 5M y el Laboratorio de Fisicoqu\u00edmica y Microbiolog\u00eda DICTUC (ambos autorizados por Sernapesca y el Ministerio de Salud) revelan una realidad distinta: los productos analizados no corresponder\u00edan al jurel, sino a especies como caballa, sardina espa\u00f1ola u otras, seg\u00fan se informa en diversos portales informativos.<\/p>\n<p style=\"text-align: justify;\">Estas conclusiones no solo preocupan desde el punto de vista t\u00e9cnico, sino que exponen una posible <strong>transgresi\u00f3n flagrante a los derechos de los consumidores<\/strong>. De confirmarse que las empresas involucradas ocultaron o falsificaron informaci\u00f3n sobre el contenido real del producto, estar\u00edamos frente a un acto de enga\u00f1o comercial de enormes proporciones.<\/p>\n<p style=\"text-align: justify;\">Entonces, <em>\u00bfQu\u00e9 pueden hacer los consumidores ante esta situaci\u00f3n?<\/em><\/p>\n<p style=\"text-align: justify;\">Por ahora, corresponde actuar con cautela, pues el caso a\u00fan est\u00e1 en proceso de verificaci\u00f3n por parte de la autoridad sanitaria. No obstante, si se llegara a comprobar que estas empresas han incumplido su deber legal de informar veraz y oportunamente, ello habilitar\u00eda el ejercicio de acciones judiciales, tanto individuales como colectivas. El Servicio Nacional del Consumidor (SERNAC), as\u00ed como asociaciones de consumidores, tendr\u00edan pleno fundamento jur\u00eddico para iniciar demandas en representaci\u00f3n de los afectados, con el objetivo de obtener compensaciones o reparaciones adecuadas.<\/p>\n<p style=\"text-align: justify;\">De acreditarse esta hip\u00f3tesis, estar\u00edamos ante una de las <strong>mayores vulneraciones al derecho a la informaci\u00f3n del consumidor en la historia reciente de Chile<\/strong>, considerando que se estima en aproximadamente <strong>30 millones las conservas comercializadas bajo enga\u00f1o<\/strong>.<\/p>\n<p style=\"text-align: justify;\">M\u00e1s all\u00e1 del impacto legal, este caso vuelve a poner sobre la mesa una pregunta fundamental: <em>\u00bfcu\u00e1n protegidos est\u00e1n realmente los consumidores frente a este tipo de pr\u00e1cticas?<\/em> Y, m\u00e1s a\u00fan, <em>\u00bfest\u00e1n nuestras instituciones preparadas para enfrentar y sancionar eficazmente fraudes masivos de este tipo?<\/em><\/p>\n<\/div><\/section><\/div><div  style='height:50px' class='hr hr-invisible   avia-builder-el-6  el_after_av_one_full  el_before_av_social_share '><span class='hr-inner ' ><span class='hr-inner-style'><\/span><\/span><\/div><\/p>\n<div  class='av-social-sharing-box  avia-builder-el-7  el_after_av_hr  el_before_av_hr  '><div class='av-share-box'><h5 class='av-share-link-description av-no-toc '>Compartir esta noticia<\/h5><ul class='av-share-box-list noLightbox'><li class='av-share-link av-social-link-facebook' ><a target=\"_blank\" aria-label=\"Compartir en Facebook\" href='https:\/\/www.facebook.com\/sharer.php?u=https:\/\/radiorevelacionfm.cl\/?p=56859&#038;t=%C2%BFJurel%20falso%3F%20El%20escandaloso%20caso%20que%20indigna%20a%20los%20consumidores' aria-hidden='false' data-av_icon='\ue8f3' data-av_iconfont='entypo-fontello' title='' data-avia-related-tooltip='Compartir en Facebook' rel=\"noopener\"><span class='avia_hidden_link_text'>Compartir en Facebook<\/span><\/a><\/li><li class='av-share-link av-social-link-twitter' ><a target=\"_blank\" aria-label=\"Compartir en Twitter\" href='https:\/\/twitter.com\/share?text=%C2%BFJurel%20falso%3F%20El%20escandaloso%20caso%20que%20indigna%20a%20los%20consumidores&#038;url=https:\/\/radiorevelacionfm.cl\/?p=56859' aria-hidden='false' data-av_icon='\ue8f1' data-av_iconfont='entypo-fontello' title='' data-avia-related-tooltip='Compartir en Twitter' rel=\"noopener\"><span class='avia_hidden_link_text'>Compartir en Twitter<\/span><\/a><\/li><li class='av-share-link av-social-link-whatsapp' ><a target=\"_blank\" aria-label=\"Compartir en Whatsapp\" href='https:\/\/api.whatsapp.com\/send?text=https:\/\/radiorevelacionfm.cl\/?p=56859' aria-hidden='false' data-av_icon='\uf232' data-av_iconfont='entypo-fontello' title='' data-avia-related-tooltip='Compartir en Whatsapp' rel=\"noopener\"><span class='avia_hidden_link_text'>Compartir en Whatsapp<\/span><\/a><\/li><li class='av-share-link av-social-link-linkedin' ><a target=\"_blank\" aria-label=\"Compartir en LinkedIn\" href='https:\/\/linkedin.com\/shareArticle?mini=true&#038;title=%C2%BFJurel%20falso%3F%20El%20escandaloso%20caso%20que%20indigna%20a%20los%20consumidores&#038;url=https:\/\/radiorevelacionfm.cl\/?p=56859' aria-hidden='false' data-av_icon='\ue8fc' data-av_iconfont='entypo-fontello' title='' data-avia-related-tooltip='Compartir en LinkedIn' rel=\"noopener\"><span class='avia_hidden_link_text'>Compartir en LinkedIn<\/span><\/a><\/li><li class='av-share-link av-social-link-mail' ><a  aria-label=\"Compartir por correo\" href='mailto:?subject=%C2%BFJurel%20falso%3F%20El%20escandaloso%20caso%20que%20indigna%20a%20los%20consumidores&#038;body=https:\/\/radiorevelacionfm.cl\/?p=56859' aria-hidden='false' data-av_icon='\ue805' data-av_iconfont='entypo-fontello' title='' data-avia-related-tooltip='Compartir por correo'><span class='avia_hidden_link_text'>Compartir por correo<\/span><\/a><\/li><\/ul><\/div><\/div>\n<div  style='height:50px' class='hr hr-invisible   avia-builder-el-8  el_after_av_social_share  el_before_av_comments_list '><span class='hr-inner ' ><span class='hr-inner-style'><\/span><\/span><\/div>\n<div  class='av-buildercomment  av-blog-meta-html-info-disabled av-blog-meta-tag-disabled  '><\/div>\n","protected":false},"excerpt":{"rendered":"","protected":false},"author":1,"featured_media":56860,"comment_status":"closed","ping_status":"closed","sticky":false,"template":"","format":"standard","meta":{"footnotes":""},"categories":[61],"tags":[],"class_list":["post-56859","post","type-post","status-publish","format-standard","has-post-thumbnail","hentry","category-nacional"],"jetpack_featured_media_url":"https:\/\/radiorevelacionfm.cl\/wp-content\/uploads\/2025\/07\/file_20250721123202-1-1.jpg","_links":{"self":[{"href":"https:\/\/radiorevelacionfm.cl\/index.php?rest_route=\/wp\/v2\/posts\/56859","targetHints":{"allow":["GET"]}}],"collection":[{"href":"https:\/\/radiorevelacionfm.cl\/index.php?rest_route=\/wp\/v2\/posts"}],"about":[{"href":"https:\/\/radiorevelacionfm.cl\/index.php?rest_route=\/wp\/v2\/types\/post"}],"author":[{"embeddable":true,"href":"https:\/\/radiorevelacionfm.cl\/index.php?rest_route=\/wp\/v2\/users\/1"}],"replies":[{"embeddable":true,"href":"https:\/\/radiorevelacionfm.cl\/index.php?rest_route=%2Fwp%2Fv2%2Fcomments&post=56859"}],"version-history":[{"count":2,"href":"https:\/\/radiorevelacionfm.cl\/index.php?rest_route=\/wp\/v2\/posts\/56859\/revisions"}],"predecessor-version":[{"id":56863,"href":"https:\/\/radiorevelacionfm.cl\/index.php?rest_route=\/wp\/v2\/posts\/56859\/revisions\/56863"}],"wp:featuredmedia":[{"embeddable":true,"href":"https:\/\/radiorevelacionfm.cl\/index.php?rest_route=\/wp\/v2\/media\/56860"}],"wp:attachment":[{"href":"https:\/\/radiorevelacionfm.cl\/index.php?rest_route=%2Fwp%2Fv2%2Fmedia&parent=56859"}],"wp:term":[{"taxonomy":"category","embeddable":true,"href":"https:\/\/radiorevelacionfm.cl\/index.php?rest_route=%2Fwp%2Fv2%2Fcategories&post=56859"},{"taxonomy":"post_tag","embeddable":true,"href":"https:\/\/radiorevelacionfm.cl\/index.php?rest_route=%2Fwp%2Fv2%2Ftags&post=56859"}],"curies":[{"name":"wp","href":"https:\/\/api.w.org\/{rel}","templated":true}]}}