{"id":56856,"date":"2025-07-23T15:01:33","date_gmt":"2025-07-23T18:01:33","guid":{"rendered":"https:\/\/radiorevelacionfm.cl\/?p=56856"},"modified":"2025-07-23T15:01:33","modified_gmt":"2025-07-23T18:01:33","slug":"juzgado-de-chile-chico-capacito-a-personal-de-carabineros-de-la-provincia-general-carrera","status":"publish","type":"post","link":"https:\/\/radiorevelacionfm.cl\/?p=56856","title":{"rendered":"Juzgado de Chile Chico capacit\u00f3 a personal de Carabineros de la provincia General Carrera"},"content":{"rendered":"<div class=\"flex_column av_one_full  flex_column_div av-zero-column-padding first  avia-builder-el-0  el_before_av_one_full  avia-builder-el-first  \" style='border-radius:0px; '><div  class='avia-image-container  av-styling-    avia-builder-el-1  avia-builder-el-no-sibling  avia-align-center '  itemprop=\"image\" itemscope=\"itemscope\" itemtype=\"https:\/\/schema.org\/ImageObject\"  ><div class='avia-image-container-inner'><div class='avia-image-overlay-wrap'><img decoding=\"async\" class='wp-image-56857 avia-img-lazy-loading-not-56857 avia_image' src=\"https:\/\/radiorevelacionfm.cl\/wp-content\/uploads\/2025\/07\/Foto-1-charla-1-1.jpg\" alt='' title='Foto 1 charla (1) (1)' height=\"600\" width=\"1041\"  itemprop=\"thumbnailUrl\" srcset=\"https:\/\/radiorevelacionfm.cl\/wp-content\/uploads\/2025\/07\/Foto-1-charla-1-1.jpg 1041w, https:\/\/radiorevelacionfm.cl\/wp-content\/uploads\/2025\/07\/Foto-1-charla-1-1-300x173.jpg 300w, https:\/\/radiorevelacionfm.cl\/wp-content\/uploads\/2025\/07\/Foto-1-charla-1-1-1030x594.jpg 1030w, https:\/\/radiorevelacionfm.cl\/wp-content\/uploads\/2025\/07\/Foto-1-charla-1-1-768x443.jpg 768w, https:\/\/radiorevelacionfm.cl\/wp-content\/uploads\/2025\/07\/Foto-1-charla-1-1-705x406.jpg 705w, https:\/\/radiorevelacionfm.cl\/wp-content\/uploads\/2025\/07\/Foto-1-charla-1-1-450x259.jpg 450w, https:\/\/radiorevelacionfm.cl\/wp-content\/uploads\/2025\/07\/Foto-1-charla-1-1-600x346.jpg 600w\" sizes=\"(max-width: 1041px) 100vw, 1041px\" \/><\/div><\/div><\/div><\/div><div class=\"flex_column av_one_full  flex_column_div av-zero-column-padding first  avia-builder-el-2  el_after_av_one_full  el_before_av_one_full  column-top-margin\" style='border-radius:0px; '><section class=\"av_textblock_section \"  itemscope=\"itemscope\" itemtype=\"https:\/\/schema.org\/BlogPosting\" itemprop=\"blogPost\" ><div class='avia_textblock  '   itemprop=\"text\" ><p style=\"text-align: center;\"><span style=\"font-size: 18pt;\"><strong>Juzgado de Chile Chico capacit\u00f3 a personal de Carabineros de la provincia General Carrera<\/strong><\/span><\/p>\n<div id=\"gtx-trans\" style=\"position: absolute; left: -50px; top: 4.31534px;\">\n<div class=\"gtx-trans-icon\"><\/div>\n<\/div>\n<\/div><\/section><\/div><div class=\"flex_column av_one_full  flex_column_div av-zero-column-padding first  avia-builder-el-4  el_after_av_one_full  el_before_av_hr  column-top-margin\" style='border-radius:0px; '><section class=\"av_textblock_section \"  itemscope=\"itemscope\" itemtype=\"https:\/\/schema.org\/BlogPosting\" itemprop=\"blogPost\" ><div class='avia_textblock  '   itemprop=\"text\" ><p class=\"v1MsoNormal\" style=\"text-align: justify;\">Con el objetivo de fortalecer el trabajo interinstitucional y mejorar la coordinaci\u00f3n en terreno, el Juzgado de Letras, Garant\u00eda y Familia de Chile Chico realiz\u00f3 una jornada de capacitaci\u00f3n dirigida a personal de Carabineros de la provincia General Carrera.<\/p>\n<p class=\"v1MsoNormal\" style=\"text-align: justify;\">La actividad, enmarcada en las metas de gesti\u00f3n interinstitucional del Poder Judicial, se desarroll\u00f3 en dos jornadas \u2014el viernes 11 y el viernes 18 de julio\u2014 y estuvo a cargo del magistrado (s), Carlos Astudillo.<\/p>\n<p class=\"v1MsoNormal\" style=\"text-align: justify;\">Participaron funcionarios de la 3\u00aa Comisar\u00eda de Chile Chico y del Ret\u00e9n de Puerto Guadal, quienes abordaron tem\u00e1ticas clave para su labor diaria, tales como: una introducci\u00f3n a las medidas de protecci\u00f3n contempladas en la Ley N.\u00ba 19.968 y en la Ley N.\u00ba 20.066 sobre Violencia Intrafamiliar; adem\u00e1s de procedimientos asociados a notificaciones judiciales y la ejecuci\u00f3n de rondas peri\u00f3dicas dispuestas por los tribunales.<\/p>\n<p class=\"v1MsoNormal\" style=\"text-align: justify;\">\u00abLa capacitaci\u00f3n se llev\u00f3 a cabo en un formato de conversatorio, con una participaci\u00f3n muy activa por parte de los asistentes, quienes realizaron numerosas consultas y analizaron situaciones reales mediante ejercicios pr\u00e1cticos. Aunque estaba programada para una hora, la actividad se extendi\u00f3 a 90 minutos, lo que da cuenta del inter\u00e9s y compromiso de los funcionarios policiales con este tipo de instancias formativas\u00bb, destac\u00f3 Carlos Astudillo.<\/p>\n<\/div><\/section><\/div><div  style='height:50px' class='hr hr-invisible   avia-builder-el-6  el_after_av_one_full  el_before_av_social_share '><span class='hr-inner ' ><span class='hr-inner-style'><\/span><\/span><\/div><\/p>\n<div  class='av-social-sharing-box  avia-builder-el-7  el_after_av_hr  el_before_av_hr  '><div class='av-share-box'><h5 class='av-share-link-description av-no-toc '>Compartir esta noticia<\/h5><ul class='av-share-box-list noLightbox'><li class='av-share-link av-social-link-facebook' ><a target=\"_blank\" aria-label=\"Compartir en Facebook\" href='https:\/\/www.facebook.com\/sharer.php?u=https:\/\/radiorevelacionfm.cl\/?p=56856&#038;t=Juzgado%20de%20Chile%20Chico%20capacit%C3%B3%20a%20personal%20de%20Carabineros%20de%20la%20provincia%20General%20Carrera' aria-hidden='false' data-av_icon='\ue8f3' data-av_iconfont='entypo-fontello' title='' data-avia-related-tooltip='Compartir en Facebook' rel=\"noopener\"><span class='avia_hidden_link_text'>Compartir en Facebook<\/span><\/a><\/li><li class='av-share-link av-social-link-twitter' ><a target=\"_blank\" aria-label=\"Compartir en Twitter\" href='https:\/\/twitter.com\/share?text=Juzgado%20de%20Chile%20Chico%20capacit%C3%B3%20a%20personal%20de%20Carabineros%20de%20la%20provincia%20General%20Carrera&#038;url=https:\/\/radiorevelacionfm.cl\/?p=56856' aria-hidden='false' data-av_icon='\ue8f1' data-av_iconfont='entypo-fontello' title='' data-avia-related-tooltip='Compartir en Twitter' rel=\"noopener\"><span class='avia_hidden_link_text'>Compartir en Twitter<\/span><\/a><\/li><li class='av-share-link av-social-link-whatsapp' ><a target=\"_blank\" aria-label=\"Compartir en Whatsapp\" href='https:\/\/api.whatsapp.com\/send?text=https:\/\/radiorevelacionfm.cl\/?p=56856' aria-hidden='false' data-av_icon='\uf232' data-av_iconfont='entypo-fontello' title='' data-avia-related-tooltip='Compartir en Whatsapp' rel=\"noopener\"><span class='avia_hidden_link_text'>Compartir en Whatsapp<\/span><\/a><\/li><li class='av-share-link av-social-link-linkedin' ><a target=\"_blank\" aria-label=\"Compartir en LinkedIn\" href='https:\/\/linkedin.com\/shareArticle?mini=true&#038;title=Juzgado%20de%20Chile%20Chico%20capacit%C3%B3%20a%20personal%20de%20Carabineros%20de%20la%20provincia%20General%20Carrera&#038;url=https:\/\/radiorevelacionfm.cl\/?p=56856' aria-hidden='false' data-av_icon='\ue8fc' data-av_iconfont='entypo-fontello' title='' data-avia-related-tooltip='Compartir en LinkedIn' rel=\"noopener\"><span class='avia_hidden_link_text'>Compartir en LinkedIn<\/span><\/a><\/li><li class='av-share-link av-social-link-mail' ><a  aria-label=\"Compartir por correo\" href='mailto:?subject=Juzgado%20de%20Chile%20Chico%20capacit%C3%B3%20a%20personal%20de%20Carabineros%20de%20la%20provincia%20General%20Carrera&#038;body=https:\/\/radiorevelacionfm.cl\/?p=56856' aria-hidden='false' data-av_icon='\ue805' data-av_iconfont='entypo-fontello' title='' data-avia-related-tooltip='Compartir por correo'><span class='avia_hidden_link_text'>Compartir por correo<\/span><\/a><\/li><\/ul><\/div><\/div>\n<div  style='height:50px' class='hr hr-invisible   avia-builder-el-8  el_after_av_social_share  el_before_av_comments_list '><span class='hr-inner ' ><span class='hr-inner-style'><\/span><\/span><\/div>\n<div  class='av-buildercomment  av-blog-meta-html-info-disabled av-blog-meta-tag-disabled  '><\/div>\n","protected":false},"excerpt":{"rendered":"","protected":false},"author":1,"featured_media":56857,"comment_status":"closed","ping_status":"closed","sticky":false,"template":"","format":"standard","meta":{"footnotes":""},"categories":[55],"tags":[],"class_list":["post-56856","post","type-post","status-publish","format-standard","has-post-thumbnail","hentry","category-justicia"],"jetpack_featured_media_url":"https:\/\/radiorevelacionfm.cl\/wp-content\/uploads\/2025\/07\/Foto-1-charla-1-1.jpg","_links":{"self":[{"href":"https:\/\/radiorevelacionfm.cl\/index.php?rest_route=\/wp\/v2\/posts\/56856","targetHints":{"allow":["GET"]}}],"collection":[{"href":"https:\/\/radiorevelacionfm.cl\/index.php?rest_route=\/wp\/v2\/posts"}],"about":[{"href":"https:\/\/radiorevelacionfm.cl\/index.php?rest_route=\/wp\/v2\/types\/post"}],"author":[{"embeddable":true,"href":"https:\/\/radiorevelacionfm.cl\/index.php?rest_route=\/wp\/v2\/users\/1"}],"replies":[{"embeddable":true,"href":"https:\/\/radiorevelacionfm.cl\/index.php?rest_route=%2Fwp%2Fv2%2Fcomments&post=56856"}],"version-history":[{"count":2,"href":"https:\/\/radiorevelacionfm.cl\/index.php?rest_route=\/wp\/v2\/posts\/56856\/revisions"}],"predecessor-version":[{"id":56862,"href":"https:\/\/radiorevelacionfm.cl\/index.php?rest_route=\/wp\/v2\/posts\/56856\/revisions\/56862"}],"wp:featuredmedia":[{"embeddable":true,"href":"https:\/\/radiorevelacionfm.cl\/index.php?rest_route=\/wp\/v2\/media\/56857"}],"wp:attachment":[{"href":"https:\/\/radiorevelacionfm.cl\/index.php?rest_route=%2Fwp%2Fv2%2Fmedia&parent=56856"}],"wp:term":[{"taxonomy":"category","embeddable":true,"href":"https:\/\/radiorevelacionfm.cl\/index.php?rest_route=%2Fwp%2Fv2%2Fcategories&post=56856"},{"taxonomy":"post_tag","embeddable":true,"href":"https:\/\/radiorevelacionfm.cl\/index.php?rest_route=%2Fwp%2Fv2%2Ftags&post=56856"}],"curies":[{"name":"wp","href":"https:\/\/api.w.org\/{rel}","templated":true}]}}