{"id":56850,"date":"2025-07-23T20:45:21","date_gmt":"2025-07-23T23:45:21","guid":{"rendered":"https:\/\/radiorevelacionfm.cl\/?p=56850"},"modified":"2025-07-23T20:45:21","modified_gmt":"2025-07-23T23:45:21","slug":"calisto-impulsa-proyecto-de-ley-para-reducir-tarifas-electricas-a-comites-de-agua-potable-rural","status":"publish","type":"post","link":"https:\/\/radiorevelacionfm.cl\/?p=56850","title":{"rendered":"Calisto impulsa proyecto de ley para reducir tarifas el\u00e9ctricas a comit\u00e9s de agua potable rural"},"content":{"rendered":"<div class=\"flex_column av_one_full  flex_column_div av-zero-column-padding first  avia-builder-el-0  el_before_av_one_full  avia-builder-el-first  \" style='border-radius:0px; '><div  class='avia-image-container  av-styling-    avia-builder-el-1  avia-builder-el-no-sibling  avia-align-center '  itemprop=\"image\" itemscope=\"itemscope\" itemtype=\"https:\/\/schema.org\/ImageObject\"  ><div class='avia-image-container-inner'><div class='avia-image-overlay-wrap'><img decoding=\"async\" class='wp-image-51384 avia-img-lazy-loading-not-51384 avia_image' src=\"https:\/\/radiorevelacionfm.cl\/wp-content\/uploads\/2025\/03\/FOTO-CALISTO-ARCHIVO-1-1.jpeg\" alt='' title='FOTO CALISTO ARCHIVO (1) (1)' height=\"600\" width=\"900\"  itemprop=\"thumbnailUrl\" srcset=\"https:\/\/radiorevelacionfm.cl\/wp-content\/uploads\/2025\/03\/FOTO-CALISTO-ARCHIVO-1-1.jpeg 900w, https:\/\/radiorevelacionfm.cl\/wp-content\/uploads\/2025\/03\/FOTO-CALISTO-ARCHIVO-1-1-300x200.jpeg 300w, https:\/\/radiorevelacionfm.cl\/wp-content\/uploads\/2025\/03\/FOTO-CALISTO-ARCHIVO-1-1-768x512.jpeg 768w, https:\/\/radiorevelacionfm.cl\/wp-content\/uploads\/2025\/03\/FOTO-CALISTO-ARCHIVO-1-1-705x470.jpeg 705w, https:\/\/radiorevelacionfm.cl\/wp-content\/uploads\/2025\/03\/FOTO-CALISTO-ARCHIVO-1-1-450x300.jpeg 450w, https:\/\/radiorevelacionfm.cl\/wp-content\/uploads\/2025\/03\/FOTO-CALISTO-ARCHIVO-1-1-600x400.jpeg 600w\" sizes=\"(max-width: 900px) 100vw, 900px\" \/><\/div><\/div><\/div><\/div><div class=\"flex_column av_one_full  flex_column_div av-zero-column-padding first  avia-builder-el-2  el_after_av_one_full  el_before_av_one_full  column-top-margin\" style='border-radius:0px; '><section class=\"av_textblock_section \"  itemscope=\"itemscope\" itemtype=\"https:\/\/schema.org\/BlogPosting\" itemprop=\"blogPost\" ><div class='avia_textblock  '   itemprop=\"text\" ><p style=\"text-align: center;\"><span style=\"font-size: 18pt;\"><b>Calisto impulsa proyecto de ley para reducir tarifas el\u00e9ctricas a comit\u00e9s de agua potable rural<\/b><\/span><\/p>\n<div id=\"gtx-trans\" style=\"position: absolute; left: -50px; top: 4.31534px;\">\n<div class=\"gtx-trans-icon\"><\/div>\n<\/div>\n<\/div><\/section><\/div><div class=\"flex_column av_one_full  flex_column_div av-zero-column-padding first  avia-builder-el-4  el_after_av_one_full  el_before_av_hr  column-top-margin\" style='border-radius:0px; '><section class=\"av_textblock_section \"  itemscope=\"itemscope\" itemtype=\"https:\/\/schema.org\/BlogPosting\" itemprop=\"blogPost\" ><div class='avia_textblock  '   itemprop=\"text\" ><p style=\"font-weight: 400; text-align: justify;\">El diputado Miguel \u00c1ngel Calisto resalt\u00f3 la formaci\u00f3n de la \u00abbancada de los APR\u00bb, compuesta por senadores y diputados, con el objetivo de agilizar la tramitaci\u00f3n de un proyecto de ley clave que busca beneficiar directamente a los Servicios Sanitarios Rurales (APR) en Chile. La iniciativa, que ya se encuentra en segunda instancia en el Senado, propone reducir en un tercio la tarifa el\u00e9ctrica que pagan los APR por su funcionamiento, lo que a su vez se traducir\u00eda en una disminuci\u00f3n del costo del agua potable para miles de familias rurales.<\/p>\n<p style=\"font-weight: 400; text-align: justify;\">El diputado Calisto enfatiz\u00f3 la importancia de este proyecto, destacando que \u00abun grupo de parlamentarios, senadores y diputados, estamos trabajando en una bancada denominada la bancada de los APR para tramitar un proyecto que ya est\u00e1 en segunda instancia en el Senado que busca beneficiar a estos comit\u00e9s, particularmente, rebajando a un tercio la tarifa el\u00e9ctrica de los funcionamientos de los APR\u00bb.<\/p>\n<p style=\"font-weight: 400; text-align: justify;\">Seg\u00fan Calisto, este beneficio es \u00abdirecto y permitir\u00eda a su vez beneficiar en la tarifa del agua potable para aquellos que integran los comit\u00e9s de agua potable rural\u00bb.<\/p>\n<p style=\"font-weight: 400; text-align: justify;\">La propuesta tendr\u00eda un impacto significativo en diversas regiones del pa\u00eds. En la Regi\u00f3n de Ays\u00e9n, por ejemplo, existen 48 APR operativos que proveen servicio a aproximadamente a miles de personas. \u00abPor eso para nosotros es fundamental avanzar en este proyecto que permitir\u00eda una rebaja de la tarifa el\u00e9ctrica del funcionamiento de los APR y por ende una rebaja inmediata del valor de la tarifa del agua potable rural\u00bb, sentenci\u00f3 el diputado.<\/p>\n<p style=\"font-weight: 400; text-align: justify;\">La bancada de los APR buscar\u00e1 acelerar la aprobaci\u00f3n de esta ley, conscientes del alivio econ\u00f3mico que representar\u00eda para las comunidades rurales y el fortalecimiento de la gesti\u00f3n de los comit\u00e9s de agua potable. Este proyecto se presenta como una medida concreta para mejorar la calidad de vida de los habitantes de zonas rurales, garantizando un acceso m\u00e1s justo y econ\u00f3mico a un recurso vital como el agua.<\/p>\n<\/div><\/section><\/div><div  style='height:50px' class='hr hr-invisible   avia-builder-el-6  el_after_av_one_full  el_before_av_social_share '><span class='hr-inner ' ><span class='hr-inner-style'><\/span><\/span><\/div><\/p>\n<div  class='av-social-sharing-box  avia-builder-el-7  el_after_av_hr  el_before_av_hr  '><div class='av-share-box'><h5 class='av-share-link-description av-no-toc '>Compartir esta noticia<\/h5><ul class='av-share-box-list noLightbox'><li class='av-share-link av-social-link-facebook' ><a target=\"_blank\" aria-label=\"Compartir en Facebook\" href='https:\/\/www.facebook.com\/sharer.php?u=https:\/\/radiorevelacionfm.cl\/?p=56850&#038;t=Calisto%20impulsa%20proyecto%20de%20ley%20para%20reducir%20tarifas%20el%C3%A9ctricas%20a%20comit%C3%A9s%20de%20agua%20potable%20rural' aria-hidden='false' data-av_icon='\ue8f3' data-av_iconfont='entypo-fontello' title='' data-avia-related-tooltip='Compartir en Facebook' rel=\"noopener\"><span class='avia_hidden_link_text'>Compartir en Facebook<\/span><\/a><\/li><li class='av-share-link av-social-link-twitter' ><a target=\"_blank\" aria-label=\"Compartir en Twitter\" href='https:\/\/twitter.com\/share?text=Calisto%20impulsa%20proyecto%20de%20ley%20para%20reducir%20tarifas%20el%C3%A9ctricas%20a%20comit%C3%A9s%20de%20agua%20potable%20rural&#038;url=https:\/\/radiorevelacionfm.cl\/?p=56850' aria-hidden='false' data-av_icon='\ue8f1' data-av_iconfont='entypo-fontello' title='' data-avia-related-tooltip='Compartir en Twitter' rel=\"noopener\"><span class='avia_hidden_link_text'>Compartir en Twitter<\/span><\/a><\/li><li class='av-share-link av-social-link-whatsapp' ><a target=\"_blank\" aria-label=\"Compartir en Whatsapp\" href='https:\/\/api.whatsapp.com\/send?text=https:\/\/radiorevelacionfm.cl\/?p=56850' aria-hidden='false' data-av_icon='\uf232' data-av_iconfont='entypo-fontello' title='' data-avia-related-tooltip='Compartir en Whatsapp' rel=\"noopener\"><span class='avia_hidden_link_text'>Compartir en Whatsapp<\/span><\/a><\/li><li class='av-share-link av-social-link-linkedin' ><a target=\"_blank\" aria-label=\"Compartir en LinkedIn\" href='https:\/\/linkedin.com\/shareArticle?mini=true&#038;title=Calisto%20impulsa%20proyecto%20de%20ley%20para%20reducir%20tarifas%20el%C3%A9ctricas%20a%20comit%C3%A9s%20de%20agua%20potable%20rural&#038;url=https:\/\/radiorevelacionfm.cl\/?p=56850' aria-hidden='false' data-av_icon='\ue8fc' data-av_iconfont='entypo-fontello' title='' data-avia-related-tooltip='Compartir en LinkedIn' rel=\"noopener\"><span class='avia_hidden_link_text'>Compartir en LinkedIn<\/span><\/a><\/li><li class='av-share-link av-social-link-mail' ><a  aria-label=\"Compartir por correo\" href='mailto:?subject=Calisto%20impulsa%20proyecto%20de%20ley%20para%20reducir%20tarifas%20el%C3%A9ctricas%20a%20comit%C3%A9s%20de%20agua%20potable%20rural&#038;body=https:\/\/radiorevelacionfm.cl\/?p=56850' aria-hidden='false' data-av_icon='\ue805' data-av_iconfont='entypo-fontello' title='' data-avia-related-tooltip='Compartir por correo'><span class='avia_hidden_link_text'>Compartir por correo<\/span><\/a><\/li><\/ul><\/div><\/div>\n<div  style='height:50px' class='hr hr-invisible   avia-builder-el-8  el_after_av_social_share  el_before_av_comments_list '><span class='hr-inner ' ><span class='hr-inner-style'><\/span><\/span><\/div>\n<div  class='av-buildercomment  av-blog-meta-html-info-disabled av-blog-meta-tag-disabled  '><\/div>\n","protected":false},"excerpt":{"rendered":"","protected":false},"author":1,"featured_media":51384,"comment_status":"closed","ping_status":"closed","sticky":false,"template":"","format":"standard","meta":{"footnotes":""},"categories":[35],"tags":[],"class_list":["post-56850","post","type-post","status-publish","format-standard","has-post-thumbnail","hentry","category-politica"],"jetpack_featured_media_url":"https:\/\/radiorevelacionfm.cl\/wp-content\/uploads\/2025\/03\/FOTO-CALISTO-ARCHIVO-1-1.jpeg","_links":{"self":[{"href":"https:\/\/radiorevelacionfm.cl\/index.php?rest_route=\/wp\/v2\/posts\/56850","targetHints":{"allow":["GET"]}}],"collection":[{"href":"https:\/\/radiorevelacionfm.cl\/index.php?rest_route=\/wp\/v2\/posts"}],"about":[{"href":"https:\/\/radiorevelacionfm.cl\/index.php?rest_route=\/wp\/v2\/types\/post"}],"author":[{"embeddable":true,"href":"https:\/\/radiorevelacionfm.cl\/index.php?rest_route=\/wp\/v2\/users\/1"}],"replies":[{"embeddable":true,"href":"https:\/\/radiorevelacionfm.cl\/index.php?rest_route=%2Fwp%2Fv2%2Fcomments&post=56850"}],"version-history":[{"count":2,"href":"https:\/\/radiorevelacionfm.cl\/index.php?rest_route=\/wp\/v2\/posts\/56850\/revisions"}],"predecessor-version":[{"id":56886,"href":"https:\/\/radiorevelacionfm.cl\/index.php?rest_route=\/wp\/v2\/posts\/56850\/revisions\/56886"}],"wp:featuredmedia":[{"embeddable":true,"href":"https:\/\/radiorevelacionfm.cl\/index.php?rest_route=\/wp\/v2\/media\/51384"}],"wp:attachment":[{"href":"https:\/\/radiorevelacionfm.cl\/index.php?rest_route=%2Fwp%2Fv2%2Fmedia&parent=56850"}],"wp:term":[{"taxonomy":"category","embeddable":true,"href":"https:\/\/radiorevelacionfm.cl\/index.php?rest_route=%2Fwp%2Fv2%2Fcategories&post=56850"},{"taxonomy":"post_tag","embeddable":true,"href":"https:\/\/radiorevelacionfm.cl\/index.php?rest_route=%2Fwp%2Fv2%2Ftags&post=56850"}],"curies":[{"name":"wp","href":"https:\/\/api.w.org\/{rel}","templated":true}]}}