{"id":56847,"date":"2025-07-23T14:38:34","date_gmt":"2025-07-23T17:38:34","guid":{"rendered":"https:\/\/radiorevelacionfm.cl\/?p=56847"},"modified":"2025-07-23T14:38:34","modified_gmt":"2025-07-23T17:38:34","slug":"cochrane-se-prepara-para-la-xi-version-de-la-ruta-del-huemul-invernal","status":"publish","type":"post","link":"https:\/\/radiorevelacionfm.cl\/?p=56847","title":{"rendered":"Cochrane se prepara para la XI Versi\u00f3n de la Ruta del Huemul Invernal"},"content":{"rendered":"<div class=\"flex_column av_one_full  flex_column_div av-zero-column-padding first  avia-builder-el-0  el_before_av_one_full  avia-builder-el-first  \" style='border-radius:0px; '><div  class='avia-image-container  av-styling-    avia-builder-el-1  avia-builder-el-no-sibling  avia-align-center '  itemprop=\"image\" itemscope=\"itemscope\" itemtype=\"https:\/\/schema.org\/ImageObject\"  ><div class='avia-image-container-inner'><div class='avia-image-overlay-wrap'><img decoding=\"async\" class='wp-image-56848 avia-img-lazy-loading-not-56848 avia_image' src=\"https:\/\/radiorevelacionfm.cl\/wp-content\/uploads\/2025\/07\/Ruta-del-Huemul-Invernal-XI-6-1-1.jpg\" alt='' title='Ruta del Huemul Invernal XI (6) (1) (1)' height=\"600\" width=\"916\"  itemprop=\"thumbnailUrl\" srcset=\"https:\/\/radiorevelacionfm.cl\/wp-content\/uploads\/2025\/07\/Ruta-del-Huemul-Invernal-XI-6-1-1.jpg 916w, https:\/\/radiorevelacionfm.cl\/wp-content\/uploads\/2025\/07\/Ruta-del-Huemul-Invernal-XI-6-1-1-300x197.jpg 300w, https:\/\/radiorevelacionfm.cl\/wp-content\/uploads\/2025\/07\/Ruta-del-Huemul-Invernal-XI-6-1-1-768x503.jpg 768w, https:\/\/radiorevelacionfm.cl\/wp-content\/uploads\/2025\/07\/Ruta-del-Huemul-Invernal-XI-6-1-1-705x462.jpg 705w, https:\/\/radiorevelacionfm.cl\/wp-content\/uploads\/2025\/07\/Ruta-del-Huemul-Invernal-XI-6-1-1-450x295.jpg 450w, https:\/\/radiorevelacionfm.cl\/wp-content\/uploads\/2025\/07\/Ruta-del-Huemul-Invernal-XI-6-1-1-600x393.jpg 600w\" sizes=\"(max-width: 916px) 100vw, 916px\" \/><\/div><\/div><\/div><\/div><div class=\"flex_column av_one_full  flex_column_div av-zero-column-padding first  avia-builder-el-2  el_after_av_one_full  el_before_av_one_full  column-top-margin\" style='border-radius:0px; '><section class=\"av_textblock_section \"  itemscope=\"itemscope\" itemtype=\"https:\/\/schema.org\/BlogPosting\" itemprop=\"blogPost\" ><div class='avia_textblock  '   itemprop=\"text\" ><p style=\"text-align: center;\"><strong><span style=\"font-size: 18pt;\">Cochrane se prepara para la XI Versi\u00f3n de la Ruta del Huemul Invernal<\/span><\/strong><\/p>\n<div id=\"gtx-trans\" style=\"position: absolute; left: -50px; top: 4.31534px;\">\n<div class=\"gtx-trans-icon\"><\/div>\n<\/div>\n<\/div><\/section><\/div><div class=\"flex_column av_one_full  flex_column_div av-zero-column-padding first  avia-builder-el-4  el_after_av_one_full  el_before_av_hr  column-top-margin\" style='border-radius:0px; '><section class=\"av_textblock_section \"  itemscope=\"itemscope\" itemtype=\"https:\/\/schema.org\/BlogPosting\" itemprop=\"blogPost\" ><div class='avia_textblock  '   itemprop=\"text\" ><p style=\"text-align: justify;\">Este s\u00e1bado 26 de julio se vivir\u00e1 la XI versi\u00f3n de la Ruta del Huemul Invernal, una exigente traves\u00eda en raquetas de nieve y esqu\u00ed randone\u00e9 que atraviesa sectores del Parque Nacional Patagonia, uniendo Valle Chacabuco con Tamango. Con una distancia aproximada de 24 kil\u00f3metros y una altitud m\u00e1xima de 1.800 msnm, la actividad demanda cerca de 10 horas de esfuerzo f\u00edsico en condiciones de alta monta\u00f1a.<\/p>\n<p style=\"text-align: justify;\">Organizado por la Ilustre Municipalidad de Cochrane, y la Agrupaci\u00f3n de Gu\u00edas de Turismo de Cochrane, y la colaboraci\u00f3n de Rewilding Chile, Explora, CONAF, Hospital de Cochrane, Compa\u00f1\u00eda Andina N\u00b0 20, Aguas Patagonia de Ays\u00e9n, y AndesMeals, esta iniciativa se ha consolidado como un referente en el calendario deportivo de invierno en la regi\u00f3n de Ays\u00e9n.<\/p>\n<p style=\"text-align: justify;\">La traves\u00eda no es competitiva, pero s\u00ed altamente t\u00e9cnica. Este a\u00f1o, los participantes del esqu\u00ed randone\u00e9 intentar\u00e1n alcanzar la cumbre del cerro Tamango, desafiando las bajas temperaturas proyectadas para este fin de semana, que podr\u00edan descender por debajo de los -13\u00b0C. Por ello, el control del equipamiento obligatorio ser\u00e1 riguroso, con revisi\u00f3n programada para este viernes 25 de julio desde las 18:00 horas en el Mercado Municipal de Cochrane.<\/p>\n<p style=\"text-align: justify;\">El inter\u00e9s por participar ha sido notable: los 50 cupos disponibles se agotaron en menos de 15 minutos tras la apertura de inscripciones. La convocatoria reuni\u00f3 a participantes de distintas localidades de la regi\u00f3n y pa\u00eds, incluyendo Santiago, Coyhaique, Puerto Ays\u00e9n, Puerto Guadal, Puerto Cisnes y Cochrane, quienes llegar\u00e1n a vivir esta experiencia \u00fanica en los paisajes nevados de la Patagonia.<\/p>\n<p style=\"text-align: justify;\">Cochrane, responde a una estrategia comunal clara: posicionar a Cochrane como un destino de monta\u00f1a invernal activo. Desde hace dos d\u00e9cadas, la comuna ha promovido actividades de naturaleza y deporte que permitan diversificar su oferta tur\u00edstica m\u00e1s all\u00e1 del verano, integrando rutas de trekking, ciclismo, trail running, y experiencias invernales como la Ruta del Huemul, el Ascenso al Cord\u00f3n Esmeralda y Encuentro Invernal Monte San Lorenzo.<\/p>\n<p style=\"text-align: justify;\">Este enfoque busca dinamizar la econom\u00eda local mediante un turismo descentralizado y de baja estacionalidad, potenciando el trabajo de emprendedores ligados al alojamiento, gastronom\u00eda, transporte, gu\u00edas, comercio y servicios tur\u00edsticos. La apuesta ha sido por un modelo sostenible y con identidad local, donde la comunidad desempe\u00f1a un rol protag\u00f3nico en la organizaci\u00f3n y puesta en valor del entorno natural.<\/p>\n<p style=\"text-align: justify;\">As\u00ed, Cochrane ha logrado captar el inter\u00e9s de visitantes nacionales e internacionales que valoran la autenticidad, la tranquilidad y el acceso a experiencias al aire libre en escenarios naturales de alto valor paisaj\u00edstico y ecol\u00f3gico.<\/p>\n<p style=\"text-align: justify;\"><strong>Nuevos desaf\u00edos invernales en Cochrane: <\/strong><\/p>\n<p style=\"text-align: justify;\">Dando continuidad a esta visi\u00f3n, ya se encuentran abiertas las inscripciones para la <strong>IV edici\u00f3n del Ascenso Cord\u00f3n Esmeralda<\/strong>, programado para el s\u00e1bado 9 de agosto de 2025. La actividad se desarrollar\u00e1 en la nieve y contempla 150 cupos distribuidos en modalidades recreativas y competitivas, tanto en raquetas de nieve como en esqu\u00ed randone\u00e9.<\/p>\n<p style=\"text-align: justify;\">El ascenso se perfila como una nueva oportunidad para quienes buscan experiencias de monta\u00f1a desafiantes, seguras y bien organizadas. A la fecha, m\u00e1s de 80 personas de distintas regiones ya se han inscrito a trav\u00e9s del portal: <a href=\"https:\/\/welcu.com\/i-municipalidad-de-cochrane\/aice25\">https:\/\/welcu.com\/i-municipalidad-de-cochrane\/aice25<\/a><\/p>\n<p style=\"text-align: justify;\">Adem\u00e1s, entre el 15 y el 17 de agosto se desarrollar\u00e1 la <strong>cuarta edici\u00f3n del Encuentro Invernal Monte San Lorenzo<\/strong>, una experiencia \u00fanica de monta\u00f1a de tres d\u00edas que tendr\u00e1 como base el Campamento Padre Alberto de Agostini, a los pies del Monte San Lorenzo, la segunda cumbre m\u00e1s alta de la regi\u00f3n de Ays\u00e9n.<\/p>\n<p style=\"text-align: justify;\">Este evento re\u00fane a entusiastas del monta\u00f1ismo, el trekking y la vida al aire libre en una propuesta formativa y comunitaria. Incluye salidas diarias con raquetas de nieve y esqu\u00ed randone\u00e9, as\u00ed como cl\u00ednicas de monta\u00f1a sobre rescates, avalanchas, t\u00e9cnicas de seguridad y construcci\u00f3n de refugios. El Encuentro ofrece un entorno de aprendizaje y exploraci\u00f3n en uno de los escenarios m\u00e1s imponentes de la Patagonia. Inscripciones en: <a href=\"https:\/\/welcu.com\/i-municipalidad-de-cochrane\/encuentro-invernal-monte-san-lorenzo\">https:\/\/welcu.com\/i-municipalidad-de-cochrane\/encuentro-invernal-monte-san-lorenzo<\/a><\/p>\n<p style=\"text-align: justify;\">.<\/p>\n<\/div><\/section><\/div><div  style='height:50px' class='hr hr-invisible   avia-builder-el-6  el_after_av_one_full  el_before_av_social_share '><span class='hr-inner ' ><span class='hr-inner-style'><\/span><\/span><\/div><\/p>\n<div  class='av-social-sharing-box  avia-builder-el-7  el_after_av_hr  el_before_av_hr  '><div class='av-share-box'><h5 class='av-share-link-description av-no-toc '>Compartir esta noticia<\/h5><ul class='av-share-box-list noLightbox'><li class='av-share-link av-social-link-facebook' ><a target=\"_blank\" aria-label=\"Compartir en Facebook\" href='https:\/\/www.facebook.com\/sharer.php?u=https:\/\/radiorevelacionfm.cl\/?p=56847&#038;t=Cochrane%20se%20prepara%20para%20la%20XI%20Versi%C3%B3n%20de%20la%20Ruta%20del%20Huemul%20Invernal' aria-hidden='false' data-av_icon='\ue8f3' data-av_iconfont='entypo-fontello' title='' data-avia-related-tooltip='Compartir en Facebook' rel=\"noopener\"><span class='avia_hidden_link_text'>Compartir en Facebook<\/span><\/a><\/li><li class='av-share-link av-social-link-twitter' ><a target=\"_blank\" aria-label=\"Compartir en Twitter\" href='https:\/\/twitter.com\/share?text=Cochrane%20se%20prepara%20para%20la%20XI%20Versi%C3%B3n%20de%20la%20Ruta%20del%20Huemul%20Invernal&#038;url=https:\/\/radiorevelacionfm.cl\/?p=56847' aria-hidden='false' data-av_icon='\ue8f1' data-av_iconfont='entypo-fontello' title='' data-avia-related-tooltip='Compartir en Twitter' rel=\"noopener\"><span class='avia_hidden_link_text'>Compartir en Twitter<\/span><\/a><\/li><li class='av-share-link av-social-link-whatsapp' ><a target=\"_blank\" aria-label=\"Compartir en Whatsapp\" href='https:\/\/api.whatsapp.com\/send?text=https:\/\/radiorevelacionfm.cl\/?p=56847' aria-hidden='false' data-av_icon='\uf232' data-av_iconfont='entypo-fontello' title='' data-avia-related-tooltip='Compartir en Whatsapp' rel=\"noopener\"><span class='avia_hidden_link_text'>Compartir en Whatsapp<\/span><\/a><\/li><li class='av-share-link av-social-link-linkedin' ><a target=\"_blank\" aria-label=\"Compartir en LinkedIn\" href='https:\/\/linkedin.com\/shareArticle?mini=true&#038;title=Cochrane%20se%20prepara%20para%20la%20XI%20Versi%C3%B3n%20de%20la%20Ruta%20del%20Huemul%20Invernal&#038;url=https:\/\/radiorevelacionfm.cl\/?p=56847' aria-hidden='false' data-av_icon='\ue8fc' data-av_iconfont='entypo-fontello' title='' data-avia-related-tooltip='Compartir en LinkedIn' rel=\"noopener\"><span class='avia_hidden_link_text'>Compartir en LinkedIn<\/span><\/a><\/li><li class='av-share-link av-social-link-mail' ><a  aria-label=\"Compartir por correo\" href='mailto:?subject=Cochrane%20se%20prepara%20para%20la%20XI%20Versi%C3%B3n%20de%20la%20Ruta%20del%20Huemul%20Invernal&#038;body=https:\/\/radiorevelacionfm.cl\/?p=56847' aria-hidden='false' data-av_icon='\ue805' data-av_iconfont='entypo-fontello' title='' data-avia-related-tooltip='Compartir por correo'><span class='avia_hidden_link_text'>Compartir por correo<\/span><\/a><\/li><\/ul><\/div><\/div>\n<div  style='height:50px' class='hr hr-invisible   avia-builder-el-8  el_after_av_social_share  el_before_av_comments_list '><span class='hr-inner ' ><span class='hr-inner-style'><\/span><\/span><\/div>\n<div  class='av-buildercomment  av-blog-meta-html-info-disabled av-blog-meta-tag-disabled  '><\/div>\n","protected":false},"excerpt":{"rendered":"","protected":false},"author":1,"featured_media":56848,"comment_status":"closed","ping_status":"closed","sticky":false,"template":"","format":"standard","meta":{"footnotes":""},"categories":[38],"tags":[],"class_list":["post-56847","post","type-post","status-publish","format-standard","has-post-thumbnail","hentry","category-regional"],"jetpack_featured_media_url":"https:\/\/radiorevelacionfm.cl\/wp-content\/uploads\/2025\/07\/Ruta-del-Huemul-Invernal-XI-6-1-1.jpg","_links":{"self":[{"href":"https:\/\/radiorevelacionfm.cl\/index.php?rest_route=\/wp\/v2\/posts\/56847","targetHints":{"allow":["GET"]}}],"collection":[{"href":"https:\/\/radiorevelacionfm.cl\/index.php?rest_route=\/wp\/v2\/posts"}],"about":[{"href":"https:\/\/radiorevelacionfm.cl\/index.php?rest_route=\/wp\/v2\/types\/post"}],"author":[{"embeddable":true,"href":"https:\/\/radiorevelacionfm.cl\/index.php?rest_route=\/wp\/v2\/users\/1"}],"replies":[{"embeddable":true,"href":"https:\/\/radiorevelacionfm.cl\/index.php?rest_route=%2Fwp%2Fv2%2Fcomments&post=56847"}],"version-history":[{"count":2,"href":"https:\/\/radiorevelacionfm.cl\/index.php?rest_route=\/wp\/v2\/posts\/56847\/revisions"}],"predecessor-version":[{"id":56855,"href":"https:\/\/radiorevelacionfm.cl\/index.php?rest_route=\/wp\/v2\/posts\/56847\/revisions\/56855"}],"wp:featuredmedia":[{"embeddable":true,"href":"https:\/\/radiorevelacionfm.cl\/index.php?rest_route=\/wp\/v2\/media\/56848"}],"wp:attachment":[{"href":"https:\/\/radiorevelacionfm.cl\/index.php?rest_route=%2Fwp%2Fv2%2Fmedia&parent=56847"}],"wp:term":[{"taxonomy":"category","embeddable":true,"href":"https:\/\/radiorevelacionfm.cl\/index.php?rest_route=%2Fwp%2Fv2%2Fcategories&post=56847"},{"taxonomy":"post_tag","embeddable":true,"href":"https:\/\/radiorevelacionfm.cl\/index.php?rest_route=%2Fwp%2Fv2%2Ftags&post=56847"}],"curies":[{"name":"wp","href":"https:\/\/api.w.org\/{rel}","templated":true}]}}