{"id":56842,"date":"2025-07-23T12:02:57","date_gmt":"2025-07-23T15:02:57","guid":{"rendered":"https:\/\/radiorevelacionfm.cl\/?p=56842"},"modified":"2025-07-23T12:02:57","modified_gmt":"2025-07-23T15:02:57","slug":"coyhaique-condenan-a-imputado-por-abuso-sexual-y-conduccion-con-sancion-vigente","status":"publish","type":"post","link":"https:\/\/radiorevelacionfm.cl\/?p=56842","title":{"rendered":"Coyhaique: Condenan a imputado por abuso sexual y conducci\u00f3n con sanci\u00f3n vigente"},"content":{"rendered":"<div class=\"flex_column av_one_full  flex_column_div av-zero-column-padding first  avia-builder-el-0  el_before_av_one_full  avia-builder-el-first  \" style='border-radius:0px; '><div  class='avia-image-container  av-styling-    avia-builder-el-1  avia-builder-el-no-sibling  avia-align-center '  itemprop=\"image\" itemscope=\"itemscope\" itemtype=\"https:\/\/schema.org\/ImageObject\"  ><div class='avia-image-container-inner'><div class='avia-image-overlay-wrap'><img decoding=\"async\" class='wp-image-39636 avia-img-lazy-loading-not-39636 avia_image' src=\"https:\/\/radiorevelacionfm.cl\/wp-content\/uploads\/2024\/02\/Fiscalia_2024-1-1.jpg\" alt='' title='Fiscalia_2024 (1) (1)' height=\"600\" width=\"1069\"  itemprop=\"thumbnailUrl\" srcset=\"https:\/\/radiorevelacionfm.cl\/wp-content\/uploads\/2024\/02\/Fiscalia_2024-1-1.jpg 1069w, https:\/\/radiorevelacionfm.cl\/wp-content\/uploads\/2024\/02\/Fiscalia_2024-1-1-300x168.jpg 300w, https:\/\/radiorevelacionfm.cl\/wp-content\/uploads\/2024\/02\/Fiscalia_2024-1-1-1030x578.jpg 1030w, https:\/\/radiorevelacionfm.cl\/wp-content\/uploads\/2024\/02\/Fiscalia_2024-1-1-768x431.jpg 768w, https:\/\/radiorevelacionfm.cl\/wp-content\/uploads\/2024\/02\/Fiscalia_2024-1-1-705x396.jpg 705w, https:\/\/radiorevelacionfm.cl\/wp-content\/uploads\/2024\/02\/Fiscalia_2024-1-1-450x253.jpg 450w, https:\/\/radiorevelacionfm.cl\/wp-content\/uploads\/2024\/02\/Fiscalia_2024-1-1-600x337.jpg 600w\" sizes=\"(max-width: 1069px) 100vw, 1069px\" \/><\/div><\/div><\/div><\/div><div class=\"flex_column av_one_full  flex_column_div av-zero-column-padding first  avia-builder-el-2  el_after_av_one_full  el_before_av_one_full  column-top-margin\" style='border-radius:0px; '><section class=\"av_textblock_section \"  itemscope=\"itemscope\" itemtype=\"https:\/\/schema.org\/BlogPosting\" itemprop=\"blogPost\" ><div class='avia_textblock  '   itemprop=\"text\" ><p style=\"text-align: center;\"><strong><span style=\"font-size: 18pt;\">Coyhaique: Condenan a imputado por abuso sexual y conducci\u00f3n con sanci\u00f3n vigente<\/span><\/strong><\/p>\n<div id=\"gtx-trans\" style=\"position: absolute; left: -50px; top: 4.31534px;\">\n<div class=\"gtx-trans-icon\"><\/div>\n<\/div>\n<\/div><\/section><\/div><div class=\"flex_column av_one_full  flex_column_div av-zero-column-padding first  avia-builder-el-4  el_after_av_one_full  el_before_av_hr  column-top-margin\" style='border-radius:0px; '><section class=\"av_textblock_section \"  itemscope=\"itemscope\" itemtype=\"https:\/\/schema.org\/BlogPosting\" itemprop=\"blogPost\" ><div class='avia_textblock  '   itemprop=\"text\" ><p style=\"font-weight: 400; text-align: justify;\"><em>Din\u00e1mica de maltrato y abuso se concret\u00f3 en diversos lugares de la ciudad, culminando en el sector de Tejas Verdes.<\/em><\/p>\n<p style=\"font-weight: 400; text-align: justify;\">La Fiscal\u00eda Local de Coyhaique logr\u00f3 una sentencia condenatoria en contra de un imputado de 32 a\u00f1os como autor de los delitos de abuso sexual y conducci\u00f3n\u00a0con\u00a0sanci\u00f3n\u00a0vigente, hechos ocurridos el 9 de enero de este a\u00f1o en la capital regional.\u00a0Al juicio oral compareci\u00f3 el Fiscal Adjunto (s) de la Fiscal\u00eda Local de Coyhaique,\u00a0Mat\u00edas Manzano Aguayo.<\/p>\n<p style=\"font-weight: 400; text-align: justify;\">El sujeto fue condenado a cuatro a\u00f1os de presidio menor en su grado m\u00e1ximo, los cuales deber\u00e1 cumplir en la c\u00e1rcel, como autor de un delito de abuso sexual adem\u00e1s a otros sesenta y un d\u00edas de presidio, m\u00e1s una multa de dos unidades tributarias mensuales, es decir cerca de 130 mil pesos, como autor de un delito de conducci\u00f3n con sanci\u00f3n vigente.<\/p>\n<p style=\"font-weight: 400; text-align: justify;\">En este caso, a fin de obtener las pruebas necesarias, se solicitaron diligencias investigativas al personal de Carabineros de la Primera Comisar\u00eda y al Laboratorio de Criminal\u00edstica de Carabineros, Labocar.<\/p>\n<p style=\"font-weight: 400; text-align: justify;\">HECHOS<\/p>\n<p style=\"font-weight: 400; text-align: justify;\">De acuerdo a lo expuesto en el juicio por el Ministerio P\u00fablico, el\u00a014 de septiembre de 2022, el Juzgado de Garant\u00eda de Coyhaique, hab\u00eda condenado al imputado a la pena de inhabilidad perpetua para conducir veh\u00edculos. Sin embargo, encontr\u00e1ndose vigente la sanci\u00f3n, el 9 de enero de 2025, en horas de la madrugada, el imputado condujo un veh\u00edculo Mazda, modelo Demio, hasta un sector de calle Las Quintas en Coyhaique, lugar donde abord\u00f3 a la v\u00edctima, con quien hab\u00eda mantenido previamente una relaci\u00f3n sentimental.<\/p>\n<p style=\"font-weight: 400; text-align: justify;\">Una vez en el lugar, le exigi\u00f3 subir al veh\u00edculo, para luego trasladarla por Avenida Baquedano hasta el sector de Puente de la Cruz, donde en el trayecto la amenaz\u00f3 y golpe\u00f3 en la cabeza. La afectada intent\u00f3 bajarse del veh\u00edculo en diversas ocasiones siendo impedido por el imputado, quien continu\u00f3 agrediendo a la joven.<\/p>\n<p style=\"font-weight: 400; text-align: justify;\">Luego, el sujeto la traslad\u00f3 hasta un sitio eriazo camino a Coyhaique Alto, lugar donde continu\u00f3 intimidando y maltratando a la v\u00edctima.<\/p>\n<p style=\"font-weight: 400; text-align: justify;\">Posteriormente, el ahora condenado, traslad\u00f3 a la afectada hasta el sector de Tejas Verdes, lugar donde prosigui\u00f3 con la misma din\u00e1mica de violencia e incluso ejecut\u00f3 acciones de relevancia y significancia sexual en perjuicio de la v\u00edctima.<\/p>\n<p style=\"font-weight: 400; text-align: justify;\">Producto de la acci\u00f3n del imputado, la joven result\u00f3 con diversas lesiones, las cuales fueron constadas en el Hospital Regional de Coyhaique.<\/p>\n<p style=\"font-weight: 400; text-align: justify;\">En este caso, la Unidad Regional de Atenci\u00f3n a V\u00edctimas y Testigos, Uravit, apoy\u00f3 a la v\u00edctima durante la etapa del juicio, solicitando la implementaci\u00f3n de medidas de protecci\u00f3n en la audiencia, lo que facilit\u00f3 su declaraci\u00f3n y la minimizaci\u00f3n de la victimizaci\u00f3n secundaria.<\/p>\n<p style=\"font-weight: 400; text-align: justify;\">La sentencia de este caso fue dictada por los jueces del Tribunal de Juicio Oral en Lo Penal, M\u00f3nica Coloma, Rosal\u00eda Mansilla y Pablo Freire.<\/p>\n<\/div><\/section><\/div><div  style='height:50px' class='hr hr-invisible   avia-builder-el-6  el_after_av_one_full  el_before_av_social_share '><span class='hr-inner ' ><span class='hr-inner-style'><\/span><\/span><\/div><\/p>\n<div  class='av-social-sharing-box  avia-builder-el-7  el_after_av_hr  el_before_av_hr  '><div class='av-share-box'><h5 class='av-share-link-description av-no-toc '>Compartir esta noticia<\/h5><ul class='av-share-box-list noLightbox'><li class='av-share-link av-social-link-facebook' ><a target=\"_blank\" aria-label=\"Compartir en Facebook\" href='https:\/\/www.facebook.com\/sharer.php?u=https:\/\/radiorevelacionfm.cl\/?p=56842&#038;t=Coyhaique%3A%20Condenan%20a%20imputado%20por%20abuso%20sexual%20y%20conducci%C3%B3n%20con%20sanci%C3%B3n%20vigente' aria-hidden='false' data-av_icon='\ue8f3' data-av_iconfont='entypo-fontello' title='' data-avia-related-tooltip='Compartir en Facebook' rel=\"noopener\"><span class='avia_hidden_link_text'>Compartir en Facebook<\/span><\/a><\/li><li class='av-share-link av-social-link-twitter' ><a target=\"_blank\" aria-label=\"Compartir en Twitter\" href='https:\/\/twitter.com\/share?text=Coyhaique%3A%20Condenan%20a%20imputado%20por%20abuso%20sexual%20y%20conducci%C3%B3n%20con%20sanci%C3%B3n%20vigente&#038;url=https:\/\/radiorevelacionfm.cl\/?p=56842' aria-hidden='false' data-av_icon='\ue8f1' data-av_iconfont='entypo-fontello' title='' data-avia-related-tooltip='Compartir en Twitter' rel=\"noopener\"><span class='avia_hidden_link_text'>Compartir en Twitter<\/span><\/a><\/li><li class='av-share-link av-social-link-whatsapp' ><a target=\"_blank\" aria-label=\"Compartir en Whatsapp\" href='https:\/\/api.whatsapp.com\/send?text=https:\/\/radiorevelacionfm.cl\/?p=56842' aria-hidden='false' data-av_icon='\uf232' data-av_iconfont='entypo-fontello' title='' data-avia-related-tooltip='Compartir en Whatsapp' rel=\"noopener\"><span class='avia_hidden_link_text'>Compartir en Whatsapp<\/span><\/a><\/li><li class='av-share-link av-social-link-linkedin' ><a target=\"_blank\" aria-label=\"Compartir en LinkedIn\" href='https:\/\/linkedin.com\/shareArticle?mini=true&#038;title=Coyhaique%3A%20Condenan%20a%20imputado%20por%20abuso%20sexual%20y%20conducci%C3%B3n%20con%20sanci%C3%B3n%20vigente&#038;url=https:\/\/radiorevelacionfm.cl\/?p=56842' aria-hidden='false' data-av_icon='\ue8fc' data-av_iconfont='entypo-fontello' title='' data-avia-related-tooltip='Compartir en LinkedIn' rel=\"noopener\"><span class='avia_hidden_link_text'>Compartir en LinkedIn<\/span><\/a><\/li><li class='av-share-link av-social-link-mail' ><a  aria-label=\"Compartir por correo\" href='mailto:?subject=Coyhaique%3A%20Condenan%20a%20imputado%20por%20abuso%20sexual%20y%20conducci%C3%B3n%20con%20sanci%C3%B3n%20vigente&#038;body=https:\/\/radiorevelacionfm.cl\/?p=56842' aria-hidden='false' data-av_icon='\ue805' data-av_iconfont='entypo-fontello' title='' data-avia-related-tooltip='Compartir por correo'><span class='avia_hidden_link_text'>Compartir por correo<\/span><\/a><\/li><\/ul><\/div><\/div>\n<div  style='height:50px' class='hr hr-invisible   avia-builder-el-8  el_after_av_social_share  el_before_av_comments_list '><span class='hr-inner ' ><span class='hr-inner-style'><\/span><\/span><\/div>\n<div  class='av-buildercomment  av-blog-meta-html-info-disabled av-blog-meta-tag-disabled  '><\/div>\n","protected":false},"excerpt":{"rendered":"","protected":false},"author":1,"featured_media":39636,"comment_status":"closed","ping_status":"closed","sticky":false,"template":"","format":"standard","meta":{"footnotes":""},"categories":[55],"tags":[],"class_list":["post-56842","post","type-post","status-publish","format-standard","has-post-thumbnail","hentry","category-justicia"],"jetpack_featured_media_url":"https:\/\/radiorevelacionfm.cl\/wp-content\/uploads\/2024\/02\/Fiscalia_2024-1-1.jpg","_links":{"self":[{"href":"https:\/\/radiorevelacionfm.cl\/index.php?rest_route=\/wp\/v2\/posts\/56842","targetHints":{"allow":["GET"]}}],"collection":[{"href":"https:\/\/radiorevelacionfm.cl\/index.php?rest_route=\/wp\/v2\/posts"}],"about":[{"href":"https:\/\/radiorevelacionfm.cl\/index.php?rest_route=\/wp\/v2\/types\/post"}],"author":[{"embeddable":true,"href":"https:\/\/radiorevelacionfm.cl\/index.php?rest_route=\/wp\/v2\/users\/1"}],"replies":[{"embeddable":true,"href":"https:\/\/radiorevelacionfm.cl\/index.php?rest_route=%2Fwp%2Fv2%2Fcomments&post=56842"}],"version-history":[{"count":2,"href":"https:\/\/radiorevelacionfm.cl\/index.php?rest_route=\/wp\/v2\/posts\/56842\/revisions"}],"predecessor-version":[{"id":56844,"href":"https:\/\/radiorevelacionfm.cl\/index.php?rest_route=\/wp\/v2\/posts\/56842\/revisions\/56844"}],"wp:featuredmedia":[{"embeddable":true,"href":"https:\/\/radiorevelacionfm.cl\/index.php?rest_route=\/wp\/v2\/media\/39636"}],"wp:attachment":[{"href":"https:\/\/radiorevelacionfm.cl\/index.php?rest_route=%2Fwp%2Fv2%2Fmedia&parent=56842"}],"wp:term":[{"taxonomy":"category","embeddable":true,"href":"https:\/\/radiorevelacionfm.cl\/index.php?rest_route=%2Fwp%2Fv2%2Fcategories&post=56842"},{"taxonomy":"post_tag","embeddable":true,"href":"https:\/\/radiorevelacionfm.cl\/index.php?rest_route=%2Fwp%2Fv2%2Ftags&post=56842"}],"curies":[{"name":"wp","href":"https:\/\/api.w.org\/{rel}","templated":true}]}}