{"id":5684,"date":"2021-06-28T13:06:09","date_gmt":"2021-06-28T16:06:09","guid":{"rendered":"https:\/\/radiorevelacionfm.cl\/?p=5684"},"modified":"2021-06-28T13:06:09","modified_gmt":"2021-06-28T16:06:09","slug":"comuna-de-rio-ibanez-participa-de-actividades-del-mes-de-la-prevencion-del-consumo-de-drogas","status":"publish","type":"post","link":"https:\/\/radiorevelacionfm.cl\/?p=5684","title":{"rendered":"Comuna de R\u00edo Ib\u00e1\u00f1ez participa de actividades del Mes de la Prevenci\u00f3n del consumo de drogas"},"content":{"rendered":"<div class=\"flex_column av_one_full  flex_column_div av-zero-column-padding first  avia-builder-el-0  el_before_av_one_full  avia-builder-el-first  \" style='border-radius:0px; '><div  class='avia-image-container  av-styling-    avia-builder-el-1  avia-builder-el-no-sibling  avia-align-center '  itemprop=\"image\" itemscope=\"itemscope\" itemtype=\"https:\/\/schema.org\/ImageObject\"  ><div class='avia-image-container-inner'><div class='avia-image-overlay-wrap'><img decoding=\"async\" class='wp-image-0 avia-img-lazy-loading-not-0 avia_image' src=\"https:\/\/radiorevelacionfm.cl\/wp-content\/uploads\/2021\/06\/Actividad-Ibanez-1-1.jpeg\" alt='' title=''   itemprop=\"thumbnailUrl\"  \/><\/div><\/div><\/div><\/div><div class=\"flex_column av_one_full  flex_column_div av-zero-column-padding first  avia-builder-el-2  el_after_av_one_full  el_before_av_one_full  column-top-margin\" style='border-radius:0px; '><section class=\"av_textblock_section \"  itemscope=\"itemscope\" itemtype=\"https:\/\/schema.org\/BlogPosting\" itemprop=\"blogPost\" ><div class='avia_textblock  '   itemprop=\"text\" ><p style=\"text-align: center;\"><strong><span style=\"font-size: 18pt;\">Comuna de R\u00edo Ib\u00e1\u00f1ez participa de actividades del Mes de la Prevenci\u00f3n del consumo de drogas<\/span><\/strong><\/p>\n<div id=\"gtx-trans\" style=\"position: absolute; left: -50px; top: 4.31534px;\">\n<div class=\"gtx-trans-icon\"><\/div>\n<\/div>\n<\/div><\/section><\/div><div class=\"flex_column av_one_full  flex_column_div av-zero-column-padding first  avia-builder-el-4  el_after_av_one_full  el_before_av_hr  column-top-margin\" style='border-radius:0px; '><section class=\"av_textblock_section \"  itemscope=\"itemscope\" itemtype=\"https:\/\/schema.org\/BlogPosting\" itemprop=\"blogPost\" ><div class='avia_textblock  '   itemprop=\"text\" ><p style=\"text-align: justify;\">Al celebrarse cada mes de junio el Mes de la Prevenci\u00f3n del consumo de Drogas, este a\u00f1o al igual que el a\u00f1o 2020, los integrantes de la Mesa Territorial Senda de la comuna de R\u00edo Ib\u00e1\u00f1ez \u2013 DIDECO Municipal, la Posta Rural, la OPD de Puerto Ib\u00e1\u00f1ez, el Liceo de Cerro Castillo y la Escuela AONIKENK \u2013 en coordinaci\u00f3n con SENDA regional han desarrollado esfuerzos especiales en contexto pand\u00e9mico para realizar actividades destinadas a resaltar el tema preventivo especialmente en ni\u00f1os, ni\u00f1as y adolescentes.<\/p>\n<p style=\"text-align: justify;\">Es as\u00ed como, se han concretado Talleres de sensibilizaci\u00f3n y formaci\u00f3n en factores protectores y de riesgo en consumo de drogas con estudiantes del Liceo de Villa Cerro Castillo y se invit\u00f3 a los estudiantes de toda la comuna a participar de concursos para intencionar su vinculaci\u00f3n, en forma l\u00fadica, con los temas preventivos y las actividades preventivas.<\/p>\n<p style=\"text-align: justify;\">Consultada la Directora Regional de SENDA, Annie Katherine Hunter Guti\u00e9rrez indic\u00f3: \u201cdurante el mes hemos estado trabajando colaborativamente con los actores relevantes, a pesar del contexto pand\u00e9mico y adapt\u00e1ndonos a \u00e9l y esperamos terminar el mes con cuentas alegres en t\u00e9rminos de participaci\u00f3n; los esfuerzos se est\u00e1n haciendo porque estamos convencidos como Mesa que el instalar una mirada preventiva en el territorio, contribuir\u00e1 enormemente al desarrollo de la comunidad especialmente ni\u00f1os, ni\u00f1as y adolescentes\u201d.<\/p>\n<p style=\"text-align: justify;\">Tras el t\u00e9rmino del mes de junio la mesa seguir\u00e1 sesionando mensualmente para continuar el trabajo planificado para la anualidad.<\/p>\n<\/div><\/section><\/div><div  style='height:50px' class='hr hr-invisible   avia-builder-el-6  el_after_av_one_full  el_before_av_social_share '><span class='hr-inner ' ><span class='hr-inner-style'><\/span><\/span><\/div><\/p>\n<div  class='av-social-sharing-box  avia-builder-el-7  el_after_av_hr  el_before_av_hr  '><div class='av-share-box'><h5 class='av-share-link-description av-no-toc '>Compartir esta noticia<\/h5><ul class='av-share-box-list noLightbox'><li class='av-share-link av-social-link-facebook' ><a target=\"_blank\" aria-label=\"Compartir en Facebook\" href='https:\/\/www.facebook.com\/sharer.php?u=https:\/\/radiorevelacionfm.cl\/?p=5684&#038;t=Comuna%20de%20R%C3%ADo%20Ib%C3%A1%C3%B1ez%20participa%20de%20actividades%20del%20Mes%20de%20la%20Prevenci%C3%B3n%20del%20consumo%20de%20drogas' aria-hidden='false' data-av_icon='\ue8f3' data-av_iconfont='entypo-fontello' title='' data-avia-related-tooltip='Compartir en Facebook' rel=\"noopener\"><span class='avia_hidden_link_text'>Compartir en Facebook<\/span><\/a><\/li><li class='av-share-link av-social-link-twitter' ><a target=\"_blank\" aria-label=\"Compartir en Twitter\" href='https:\/\/twitter.com\/share?text=Comuna%20de%20R%C3%ADo%20Ib%C3%A1%C3%B1ez%20participa%20de%20actividades%20del%20Mes%20de%20la%20Prevenci%C3%B3n%20del%20consumo%20de%20drogas&#038;url=https:\/\/radiorevelacionfm.cl\/?p=5684' aria-hidden='false' data-av_icon='\ue8f1' data-av_iconfont='entypo-fontello' title='' data-avia-related-tooltip='Compartir en Twitter' rel=\"noopener\"><span class='avia_hidden_link_text'>Compartir en Twitter<\/span><\/a><\/li><li class='av-share-link av-social-link-whatsapp' ><a target=\"_blank\" aria-label=\"Compartir en Whatsapp\" href='https:\/\/api.whatsapp.com\/send?text=https:\/\/radiorevelacionfm.cl\/?p=5684' aria-hidden='false' data-av_icon='\uf232' data-av_iconfont='entypo-fontello' title='' data-avia-related-tooltip='Compartir en Whatsapp' rel=\"noopener\"><span class='avia_hidden_link_text'>Compartir en Whatsapp<\/span><\/a><\/li><li class='av-share-link av-social-link-linkedin' ><a target=\"_blank\" aria-label=\"Compartir en LinkedIn\" href='https:\/\/linkedin.com\/shareArticle?mini=true&#038;title=Comuna%20de%20R%C3%ADo%20Ib%C3%A1%C3%B1ez%20participa%20de%20actividades%20del%20Mes%20de%20la%20Prevenci%C3%B3n%20del%20consumo%20de%20drogas&#038;url=https:\/\/radiorevelacionfm.cl\/?p=5684' aria-hidden='false' data-av_icon='\ue8fc' data-av_iconfont='entypo-fontello' title='' data-avia-related-tooltip='Compartir en LinkedIn' rel=\"noopener\"><span class='avia_hidden_link_text'>Compartir en LinkedIn<\/span><\/a><\/li><li class='av-share-link av-social-link-mail' ><a  aria-label=\"Compartir por correo\" href='mailto:?subject=Comuna%20de%20R%C3%ADo%20Ib%C3%A1%C3%B1ez%20participa%20de%20actividades%20del%20Mes%20de%20la%20Prevenci%C3%B3n%20del%20consumo%20de%20drogas&#038;body=https:\/\/radiorevelacionfm.cl\/?p=5684' aria-hidden='false' data-av_icon='\ue805' data-av_iconfont='entypo-fontello' title='' data-avia-related-tooltip='Compartir por correo'><span class='avia_hidden_link_text'>Compartir por correo<\/span><\/a><\/li><\/ul><\/div><\/div>\n<div  style='height:50px' class='hr hr-invisible   avia-builder-el-8  el_after_av_social_share  el_before_av_comments_list '><span class='hr-inner ' ><span class='hr-inner-style'><\/span><\/span><\/div>\n<div  class='av-buildercomment  av-blog-meta-html-info-disabled av-blog-meta-tag-disabled  '><\/div>\n","protected":false},"excerpt":{"rendered":"","protected":false},"author":1,"featured_media":0,"comment_status":"open","ping_status":"open","sticky":false,"template":"","format":"standard","meta":{"footnotes":""},"categories":[38],"tags":[],"class_list":["post-5684","post","type-post","status-publish","format-standard","hentry","category-regional"],"jetpack_featured_media_url":"","_links":{"self":[{"href":"https:\/\/radiorevelacionfm.cl\/index.php?rest_route=\/wp\/v2\/posts\/5684","targetHints":{"allow":["GET"]}}],"collection":[{"href":"https:\/\/radiorevelacionfm.cl\/index.php?rest_route=\/wp\/v2\/posts"}],"about":[{"href":"https:\/\/radiorevelacionfm.cl\/index.php?rest_route=\/wp\/v2\/types\/post"}],"author":[{"embeddable":true,"href":"https:\/\/radiorevelacionfm.cl\/index.php?rest_route=\/wp\/v2\/users\/1"}],"replies":[{"embeddable":true,"href":"https:\/\/radiorevelacionfm.cl\/index.php?rest_route=%2Fwp%2Fv2%2Fcomments&post=5684"}],"version-history":[{"count":1,"href":"https:\/\/radiorevelacionfm.cl\/index.php?rest_route=\/wp\/v2\/posts\/5684\/revisions"}],"predecessor-version":[{"id":5686,"href":"https:\/\/radiorevelacionfm.cl\/index.php?rest_route=\/wp\/v2\/posts\/5684\/revisions\/5686"}],"wp:attachment":[{"href":"https:\/\/radiorevelacionfm.cl\/index.php?rest_route=%2Fwp%2Fv2%2Fmedia&parent=5684"}],"wp:term":[{"taxonomy":"category","embeddable":true,"href":"https:\/\/radiorevelacionfm.cl\/index.php?rest_route=%2Fwp%2Fv2%2Fcategories&post=5684"},{"taxonomy":"post_tag","embeddable":true,"href":"https:\/\/radiorevelacionfm.cl\/index.php?rest_route=%2Fwp%2Fv2%2Ftags&post=5684"}],"curies":[{"name":"wp","href":"https:\/\/api.w.org\/{rel}","templated":true}]}}