{"id":56834,"date":"2025-07-23T12:10:33","date_gmt":"2025-07-23T15:10:33","guid":{"rendered":"https:\/\/radiorevelacionfm.cl\/?p=56834"},"modified":"2025-07-23T12:10:33","modified_gmt":"2025-07-23T15:10:33","slug":"cartera-del-trabajo-refuerza-difusion-del-incremento-del-1-de-las-cotizaciones","status":"publish","type":"post","link":"https:\/\/radiorevelacionfm.cl\/?p=56834","title":{"rendered":"Cartera del Trabajo refuerza difusi\u00f3n del incremento del 1% de las cotizaciones"},"content":{"rendered":"<div class=\"flex_column av_one_full  flex_column_div av-zero-column-padding first  avia-builder-el-0  el_before_av_one_full  avia-builder-el-first  \" style='border-radius:0px; '><div  class='avia-image-container  av-styling-    avia-builder-el-1  avia-builder-el-no-sibling  avia-align-center '  itemprop=\"image\" itemscope=\"itemscope\" itemtype=\"https:\/\/schema.org\/ImageObject\"  ><div class='avia-image-container-inner'><div class='avia-image-overlay-wrap'><img decoding=\"async\" class='wp-image-56835 avia-img-lazy-loading-not-56835 avia_image' src=\"https:\/\/radiorevelacionfm.cl\/wp-content\/uploads\/2025\/07\/difusion-incremento-ptoaysen-1_optimized.jpg\" alt='' title='difusi\u00f3n-incremento-ptoays\u00e9n-(1)_optimized' height=\"600\" width=\"800\"  itemprop=\"thumbnailUrl\" srcset=\"https:\/\/radiorevelacionfm.cl\/wp-content\/uploads\/2025\/07\/difusion-incremento-ptoaysen-1_optimized.jpg 800w, https:\/\/radiorevelacionfm.cl\/wp-content\/uploads\/2025\/07\/difusion-incremento-ptoaysen-1_optimized-300x225.jpg 300w, https:\/\/radiorevelacionfm.cl\/wp-content\/uploads\/2025\/07\/difusion-incremento-ptoaysen-1_optimized-768x576.jpg 768w, https:\/\/radiorevelacionfm.cl\/wp-content\/uploads\/2025\/07\/difusion-incremento-ptoaysen-1_optimized-705x529.jpg 705w, https:\/\/radiorevelacionfm.cl\/wp-content\/uploads\/2025\/07\/difusion-incremento-ptoaysen-1_optimized-450x338.jpg 450w, https:\/\/radiorevelacionfm.cl\/wp-content\/uploads\/2025\/07\/difusion-incremento-ptoaysen-1_optimized-600x450.jpg 600w\" sizes=\"(max-width: 800px) 100vw, 800px\" \/><\/div><\/div><\/div><\/div><div class=\"flex_column av_one_full  flex_column_div av-zero-column-padding first  avia-builder-el-2  el_after_av_one_full  el_before_av_one_full  column-top-margin\" style='border-radius:0px; '><section class=\"av_textblock_section \"  itemscope=\"itemscope\" itemtype=\"https:\/\/schema.org\/BlogPosting\" itemprop=\"blogPost\" ><div class='avia_textblock  '   itemprop=\"text\" ><p style=\"text-align: center;\"><strong><span style=\"font-size: 18pt;\">Cartera del Trabajo refuerza difusi\u00f3n del incremento del 1% de las cotizaciones<\/span><\/strong><\/p>\n<div id=\"gtx-trans\" style=\"position: absolute; left: -50px; top: 4.31534px;\">\n<div class=\"gtx-trans-icon\"><\/div>\n<\/div>\n<\/div><\/section><\/div><div class=\"flex_column av_one_full  flex_column_div av-zero-column-padding first  avia-builder-el-4  el_after_av_one_full  el_before_av_hr  column-top-margin\" style='border-radius:0px; '><section class=\"av_textblock_section \"  itemscope=\"itemscope\" itemtype=\"https:\/\/schema.org\/BlogPosting\" itemprop=\"blogPost\" ><div class='avia_textblock  '   itemprop=\"text\" ><p style=\"text-align: justify;\"><em>Seremi, DT e IPS han sostenido diversos encuentros con el sector privado, informando respecto de esta nueva etapa en la implementaci\u00f3n de la Reforma de Pensiones.<\/em><\/p>\n<p style=\"text-align: justify;\">Con charlas, encuentros y difusi\u00f3n a trav\u00e9s de redes sociales, la seremi del Trabajo y Previsi\u00f3n Social, Camila Covarrubias, junto al director regional del Instituto de Previsi\u00f3n Social (IPS), Rodrigo D\u00edaz; y el director del Trabajo (DT), Christian Aros, han desplegado una intensa campa\u00f1a para informar respecto del incremento del 1% en las cotizaciones que los empleadores deber\u00e1n considerar y pagar, a partir de las remuneraciones de agosto de este a\u00f1o.<\/p>\n<p style=\"text-align: justify;\">En este contexto, la seremi Camila Covarrubias destac\u00f3 el trabajo conjunto realizado por la cartera con el fin de dar difusi\u00f3n a las distintas etapas de la Reforma de Pensiones y, particularmente al incremento del 1% en el pago de las cotizaciones. \u201cHemos avanzado en la implementaci\u00f3n y, por lo tanto, el llamado es a que las y los empleadores puedan cumplir con este pago y que est\u00e9n informados, para evitar sanciones futuras. Vamos a seguir informando respecto de este paso de la implementaci\u00f3n de la Reforma y otros\u201d, enfatiz\u00f3.<\/p>\n<p style=\"text-align: justify;\">Sindicatos, gremios y trabajadoras de casa particular, as\u00ed como la C\u00e1mara de Comercio, CorpAys\u00e9n y empresas del \u00e1rea minera y salmonera han sido los principales actores de los encuentros que se han llevado a cabo en las \u00faltimas semanas.<\/p>\n<p style=\"text-align: justify;\">A las reuniones en Coyhaique y Puerto Ays\u00e9n, se han sumado tambi\u00e9n charlas, difusi\u00f3n puerta a puerta y a trav\u00e9s de medios de comunicaci\u00f3n en las distintas comunas de la regi\u00f3n.<\/p>\n<p style=\"text-align: justify;\">En esta misma l\u00ednea, Rodrigo D\u00edaz destac\u00f3 el trabajo mancomunado y proactivo. \u201cNos estamos reuniendo con distintas organizaciones, con distintos empleadores: con la C\u00e1mara Chilena de la Construcci\u00f3n, con la C\u00e1mara de Comercio de Coyhaique\u2026 Vamos a seguir difundiendo el 1% que deben pagar los empleadores a contar de las remuneraciones del mes de agosto. Es importante para nosotros, proactivamente, informar a los empleadores de tal manera que todos cumplan con la ley\u201d, expres\u00f3 el directivo del IPS.<\/p>\n<p style=\"text-align: justify;\">De igual modo, el director del Trabajo, Christian Aros, subray\u00f3 la importancia de estos encuentros con el sector privado. \u201cComo Direcci\u00f3n del Trabajo, estamos participando en esta serie de reuniones con el IPS y con la seremi del Trabajo, reuni\u00e9ndonos con el mundo privado, la C\u00e1mara Chilena de la Construcci\u00f3n y la C\u00e1mara de Comercio, organizaciones sindicales y sociales, para dar a conocer este nuevo paso en la implementaci\u00f3n de la reforma. Para nosotros, como Direcci\u00f3n del Trabajo, parte del Ministerio del Trabajo es muy importante informar a la ciudadan\u00eda, evitar infracciones por incumplimiento de las normas laborales y previsionales\u201d, se\u00f1al\u00f3.<\/p>\n<p style=\"text-align: justify;\">Por su parte, el presidente de la C\u00e1mara Chilena de la Construcci\u00f3n Coyhaique, Pablo Carrasco, valor\u00f3 la iniciativa de la cartera del Trabajo y Previsi\u00f3n Social. \u201cPara nosotros, como gremio, es muy importante mantenernos informados y aplicar la ley, la legislaci\u00f3n, de la manera que corresponde. Agradecemos esta instancia proactiva de venir a mostrarnos c\u00f3mo implementarla y c\u00f3mo podemos llevarla nosotros, como gremio, tambi\u00e9n a nuestros socios\u201d, puntualiz\u00f3.<\/p>\n<p style=\"text-align: justify;\">La nueva cotizaci\u00f3n para el Seguro Social Previsional se enmarca en la Ley 21.735, de la Reforma de Pensiones y considera, a partir del pago de las remuneraciones de agosto un aporte de un 1% de cotizaci\u00f3n adicional, de cargo del empleador.<\/p>\n<p style=\"text-align: justify;\">Para mayor informaci\u00f3n pueden visitar las p\u00e1ginas www.lareformadepensiones.cl, www.chileatiende.cl, www.spensiones.cl.<\/p>\n<\/div><\/section><\/div><div  style='height:50px' class='hr hr-invisible   avia-builder-el-6  el_after_av_one_full  el_before_av_social_share '><span class='hr-inner ' ><span class='hr-inner-style'><\/span><\/span><\/div><\/p>\n<div  class='av-social-sharing-box  avia-builder-el-7  el_after_av_hr  el_before_av_hr  '><div class='av-share-box'><h5 class='av-share-link-description av-no-toc '>Compartir esta noticia<\/h5><ul class='av-share-box-list noLightbox'><li class='av-share-link av-social-link-facebook' ><a target=\"_blank\" aria-label=\"Compartir en Facebook\" href='https:\/\/www.facebook.com\/sharer.php?u=https:\/\/radiorevelacionfm.cl\/?p=56834&#038;t=Cartera%20del%20Trabajo%20refuerza%20difusi%C3%B3n%20del%20incremento%20del%201%25%20de%20las%20cotizaciones' aria-hidden='false' data-av_icon='\ue8f3' data-av_iconfont='entypo-fontello' title='' data-avia-related-tooltip='Compartir en Facebook' rel=\"noopener\"><span class='avia_hidden_link_text'>Compartir en Facebook<\/span><\/a><\/li><li class='av-share-link av-social-link-twitter' ><a target=\"_blank\" aria-label=\"Compartir en Twitter\" href='https:\/\/twitter.com\/share?text=Cartera%20del%20Trabajo%20refuerza%20difusi%C3%B3n%20del%20incremento%20del%201%25%20de%20las%20cotizaciones&#038;url=https:\/\/radiorevelacionfm.cl\/?p=56834' aria-hidden='false' data-av_icon='\ue8f1' data-av_iconfont='entypo-fontello' title='' data-avia-related-tooltip='Compartir en Twitter' rel=\"noopener\"><span class='avia_hidden_link_text'>Compartir en Twitter<\/span><\/a><\/li><li class='av-share-link av-social-link-whatsapp' ><a target=\"_blank\" aria-label=\"Compartir en Whatsapp\" href='https:\/\/api.whatsapp.com\/send?text=https:\/\/radiorevelacionfm.cl\/?p=56834' aria-hidden='false' data-av_icon='\uf232' data-av_iconfont='entypo-fontello' title='' data-avia-related-tooltip='Compartir en Whatsapp' rel=\"noopener\"><span class='avia_hidden_link_text'>Compartir en Whatsapp<\/span><\/a><\/li><li class='av-share-link av-social-link-linkedin' ><a target=\"_blank\" aria-label=\"Compartir en LinkedIn\" href='https:\/\/linkedin.com\/shareArticle?mini=true&#038;title=Cartera%20del%20Trabajo%20refuerza%20difusi%C3%B3n%20del%20incremento%20del%201%25%20de%20las%20cotizaciones&#038;url=https:\/\/radiorevelacionfm.cl\/?p=56834' aria-hidden='false' data-av_icon='\ue8fc' data-av_iconfont='entypo-fontello' title='' data-avia-related-tooltip='Compartir en LinkedIn' rel=\"noopener\"><span class='avia_hidden_link_text'>Compartir en LinkedIn<\/span><\/a><\/li><li class='av-share-link av-social-link-mail' ><a  aria-label=\"Compartir por correo\" href='mailto:?subject=Cartera%20del%20Trabajo%20refuerza%20difusi%C3%B3n%20del%20incremento%20del%201%25%20de%20las%20cotizaciones&#038;body=https:\/\/radiorevelacionfm.cl\/?p=56834' aria-hidden='false' data-av_icon='\ue805' data-av_iconfont='entypo-fontello' title='' data-avia-related-tooltip='Compartir por correo'><span class='avia_hidden_link_text'>Compartir por correo<\/span><\/a><\/li><\/ul><\/div><\/div>\n<div  style='height:50px' class='hr hr-invisible   avia-builder-el-8  el_after_av_social_share  el_before_av_comments_list '><span class='hr-inner ' ><span class='hr-inner-style'><\/span><\/span><\/div>\n<div  class='av-buildercomment  av-blog-meta-html-info-disabled av-blog-meta-tag-disabled  '><\/div>\n","protected":false},"excerpt":{"rendered":"","protected":false},"author":1,"featured_media":56835,"comment_status":"closed","ping_status":"closed","sticky":false,"template":"","format":"standard","meta":{"footnotes":""},"categories":[56],"tags":[],"class_list":["post-56834","post","type-post","status-publish","format-standard","has-post-thumbnail","hentry","category-trabajo"],"jetpack_featured_media_url":"https:\/\/radiorevelacionfm.cl\/wp-content\/uploads\/2025\/07\/difusion-incremento-ptoaysen-1_optimized.jpg","_links":{"self":[{"href":"https:\/\/radiorevelacionfm.cl\/index.php?rest_route=\/wp\/v2\/posts\/56834","targetHints":{"allow":["GET"]}}],"collection":[{"href":"https:\/\/radiorevelacionfm.cl\/index.php?rest_route=\/wp\/v2\/posts"}],"about":[{"href":"https:\/\/radiorevelacionfm.cl\/index.php?rest_route=\/wp\/v2\/types\/post"}],"author":[{"embeddable":true,"href":"https:\/\/radiorevelacionfm.cl\/index.php?rest_route=\/wp\/v2\/users\/1"}],"replies":[{"embeddable":true,"href":"https:\/\/radiorevelacionfm.cl\/index.php?rest_route=%2Fwp%2Fv2%2Fcomments&post=56834"}],"version-history":[{"count":2,"href":"https:\/\/radiorevelacionfm.cl\/index.php?rest_route=\/wp\/v2\/posts\/56834\/revisions"}],"predecessor-version":[{"id":56845,"href":"https:\/\/radiorevelacionfm.cl\/index.php?rest_route=\/wp\/v2\/posts\/56834\/revisions\/56845"}],"wp:featuredmedia":[{"embeddable":true,"href":"https:\/\/radiorevelacionfm.cl\/index.php?rest_route=\/wp\/v2\/media\/56835"}],"wp:attachment":[{"href":"https:\/\/radiorevelacionfm.cl\/index.php?rest_route=%2Fwp%2Fv2%2Fmedia&parent=56834"}],"wp:term":[{"taxonomy":"category","embeddable":true,"href":"https:\/\/radiorevelacionfm.cl\/index.php?rest_route=%2Fwp%2Fv2%2Fcategories&post=56834"},{"taxonomy":"post_tag","embeddable":true,"href":"https:\/\/radiorevelacionfm.cl\/index.php?rest_route=%2Fwp%2Fv2%2Ftags&post=56834"}],"curies":[{"name":"wp","href":"https:\/\/api.w.org\/{rel}","templated":true}]}}