{"id":56830,"date":"2025-07-23T10:48:50","date_gmt":"2025-07-23T13:48:50","guid":{"rendered":"https:\/\/radiorevelacionfm.cl\/?p=56830"},"modified":"2025-07-23T10:48:50","modified_gmt":"2025-07-23T13:48:50","slug":"mop-y-cuerpo-militar-del-trabajo-construyen-15-km-y-abren-camino-a-lago-brown","status":"publish","type":"post","link":"https:\/\/radiorevelacionfm.cl\/?p=56830","title":{"rendered":"MOP y Cuerpo Militar del Trabajo construyen 15 km y abren camino a Lago Brown"},"content":{"rendered":"<div class=\"flex_column av_one_full  flex_column_div av-zero-column-padding first  avia-builder-el-0  el_before_av_one_full  avia-builder-el-first  \" style='border-radius:0px; '><div  class='avia-image-container  av-styling-    avia-builder-el-1  avia-builder-el-no-sibling  avia-align-center '  itemprop=\"image\" itemscope=\"itemscope\" itemtype=\"https:\/\/schema.org\/ImageObject\"  ><div class='avia-image-container-inner'><div class='avia-image-overlay-wrap'><img decoding=\"async\" class='wp-image-56831 avia-img-lazy-loading-not-56831 avia_image' src=\"https:\/\/radiorevelacionfm.cl\/wp-content\/uploads\/2025\/07\/CAMINO-LAGOBROWN2-1-1.jpg\" alt='' title='CAMINO-LAGOBROWN2 (1) (1)' height=\"600\" width=\"800\"  itemprop=\"thumbnailUrl\" srcset=\"https:\/\/radiorevelacionfm.cl\/wp-content\/uploads\/2025\/07\/CAMINO-LAGOBROWN2-1-1.jpg 800w, https:\/\/radiorevelacionfm.cl\/wp-content\/uploads\/2025\/07\/CAMINO-LAGOBROWN2-1-1-300x225.jpg 300w, https:\/\/radiorevelacionfm.cl\/wp-content\/uploads\/2025\/07\/CAMINO-LAGOBROWN2-1-1-768x576.jpg 768w, https:\/\/radiorevelacionfm.cl\/wp-content\/uploads\/2025\/07\/CAMINO-LAGOBROWN2-1-1-705x529.jpg 705w, https:\/\/radiorevelacionfm.cl\/wp-content\/uploads\/2025\/07\/CAMINO-LAGOBROWN2-1-1-450x338.jpg 450w, https:\/\/radiorevelacionfm.cl\/wp-content\/uploads\/2025\/07\/CAMINO-LAGOBROWN2-1-1-600x450.jpg 600w\" sizes=\"(max-width: 800px) 100vw, 800px\" \/><\/div><\/div><\/div><\/div><div class=\"flex_column av_one_full  flex_column_div av-zero-column-padding first  avia-builder-el-2  el_after_av_one_full  el_before_av_one_full  column-top-margin\" style='border-radius:0px; '><section class=\"av_textblock_section \"  itemscope=\"itemscope\" itemtype=\"https:\/\/schema.org\/BlogPosting\" itemprop=\"blogPost\" ><div class='avia_textblock  '   itemprop=\"text\" ><p style=\"text-align: center;\"><strong><span style=\"font-size: 18pt;\">MOP y Cuerpo Militar del Trabajo construyen 15 km y abren camino a Lago Brown<\/span><\/strong><\/p>\n<div id=\"gtx-trans\" style=\"position: absolute; left: -50px; top: 4.31534px;\">\n<div class=\"gtx-trans-icon\"><\/div>\n<\/div>\n<\/div><\/section><\/div><div class=\"flex_column av_one_full  flex_column_div av-zero-column-padding first  avia-builder-el-4  el_after_av_one_full  el_before_av_hr  column-top-margin\" style='border-radius:0px; '><section class=\"av_textblock_section \"  itemscope=\"itemscope\" itemtype=\"https:\/\/schema.org\/BlogPosting\" itemprop=\"blogPost\" ><div class='avia_textblock  '   itemprop=\"text\" ><p style=\"text-align: justify;\">Un 98% de avance presenta hoy la construcci\u00f3n de la Etapa I del camino a Lago Brown, que el Ministerio de Obras P\u00fablicas ha encomendado materializar al Cuerpo Militar del Trabajo.<\/p>\n<p style=\"text-align: justify;\">Las obras que tienen una extensi\u00f3n de 15 kil\u00f3metros fue visitada esta semana por la Secretaria Regional Ministerial de Obras P\u00fablicas, Paloma Jara Vald\u00e9s, quien \u00a0resalt\u00f3 los futuros trabajos que se realizar\u00e1n para entregar conectividad entre el lago Brown y el lago Cochrane.<\/p>\n<p style=\"text-align: justify;\">\u201cLa importancia de los trabajos que realiza el Cuerpo Militar del Trabajo, mandatado por el Ministerio de Obras P\u00fablicas, son muy importantes en la Regi\u00f3n de Ays\u00e9n. Es por eso que hemos visitado el convenio que est\u00e1 en el Lago Brown y los avances que lleva hasta el momento. Tambi\u00e9n hemos visto la senda que est\u00e1 proyectada y los trabajos que nos van a dar conectividad entre el lago Brown y el lago Cochrane. Destacar que efectivamente el Ministerio de las P\u00fablicas tiene un compromiso con que sigamos abriendo caminos dentro de la Regi\u00f3n y que el Cuerpo de Militar del Trabajo, es nuestro aliado estrat\u00e9gico para cumplir estos compromisos\u201d, destac\u00f3 la Seremi del MOP<\/p>\n<p style=\"text-align: justify;\">Con una inversi\u00f3n de la Direcci\u00f3n de Vialidad del Ministerio de Obras P\u00fablicas cercana a los 11 mil millones, este es un nuevo camino de penetraci\u00f3n que se abre para sacar del aislamiento a lugare\u00f1os del Lago Brown \u2013 Lago Cochrane, permitiendo la conexi\u00f3n, comunicaci\u00f3n e integraci\u00f3n de \u00e9stos hacia los centros poblados cercanos por una v\u00eda segura, y con ello mejorar la calidad de vida de las personas, as\u00ed como tambi\u00e9n propicia la apertura de accesos y v\u00edas de transporte de productos regionales relacionados con la crianza y producci\u00f3n de ganader\u00eda bovina y ovina, entre otros.<\/p>\n<\/div><\/section><\/div><div  style='height:50px' class='hr hr-invisible   avia-builder-el-6  el_after_av_one_full  el_before_av_social_share '><span class='hr-inner ' ><span class='hr-inner-style'><\/span><\/span><\/div><\/p>\n<div  class='av-social-sharing-box  avia-builder-el-7  el_after_av_hr  el_before_av_hr  '><div class='av-share-box'><h5 class='av-share-link-description av-no-toc '>Compartir esta noticia<\/h5><ul class='av-share-box-list noLightbox'><li class='av-share-link av-social-link-facebook' ><a target=\"_blank\" aria-label=\"Compartir en Facebook\" href='https:\/\/www.facebook.com\/sharer.php?u=https:\/\/radiorevelacionfm.cl\/?p=56830&#038;t=MOP%20y%20Cuerpo%20Militar%20del%20Trabajo%20construyen%2015%20km%20y%20abren%20camino%20a%20Lago%20Brown' aria-hidden='false' data-av_icon='\ue8f3' data-av_iconfont='entypo-fontello' title='' data-avia-related-tooltip='Compartir en Facebook' rel=\"noopener\"><span class='avia_hidden_link_text'>Compartir en Facebook<\/span><\/a><\/li><li class='av-share-link av-social-link-twitter' ><a target=\"_blank\" aria-label=\"Compartir en Twitter\" href='https:\/\/twitter.com\/share?text=MOP%20y%20Cuerpo%20Militar%20del%20Trabajo%20construyen%2015%20km%20y%20abren%20camino%20a%20Lago%20Brown&#038;url=https:\/\/radiorevelacionfm.cl\/?p=56830' aria-hidden='false' data-av_icon='\ue8f1' data-av_iconfont='entypo-fontello' title='' data-avia-related-tooltip='Compartir en Twitter' rel=\"noopener\"><span class='avia_hidden_link_text'>Compartir en Twitter<\/span><\/a><\/li><li class='av-share-link av-social-link-whatsapp' ><a target=\"_blank\" aria-label=\"Compartir en Whatsapp\" href='https:\/\/api.whatsapp.com\/send?text=https:\/\/radiorevelacionfm.cl\/?p=56830' aria-hidden='false' data-av_icon='\uf232' data-av_iconfont='entypo-fontello' title='' data-avia-related-tooltip='Compartir en Whatsapp' rel=\"noopener\"><span class='avia_hidden_link_text'>Compartir en Whatsapp<\/span><\/a><\/li><li class='av-share-link av-social-link-linkedin' ><a target=\"_blank\" aria-label=\"Compartir en LinkedIn\" href='https:\/\/linkedin.com\/shareArticle?mini=true&#038;title=MOP%20y%20Cuerpo%20Militar%20del%20Trabajo%20construyen%2015%20km%20y%20abren%20camino%20a%20Lago%20Brown&#038;url=https:\/\/radiorevelacionfm.cl\/?p=56830' aria-hidden='false' data-av_icon='\ue8fc' data-av_iconfont='entypo-fontello' title='' data-avia-related-tooltip='Compartir en LinkedIn' rel=\"noopener\"><span class='avia_hidden_link_text'>Compartir en LinkedIn<\/span><\/a><\/li><li class='av-share-link av-social-link-mail' ><a  aria-label=\"Compartir por correo\" href='mailto:?subject=MOP%20y%20Cuerpo%20Militar%20del%20Trabajo%20construyen%2015%20km%20y%20abren%20camino%20a%20Lago%20Brown&#038;body=https:\/\/radiorevelacionfm.cl\/?p=56830' aria-hidden='false' data-av_icon='\ue805' data-av_iconfont='entypo-fontello' title='' data-avia-related-tooltip='Compartir por correo'><span class='avia_hidden_link_text'>Compartir por correo<\/span><\/a><\/li><\/ul><\/div><\/div>\n<div  style='height:50px' class='hr hr-invisible   avia-builder-el-8  el_after_av_social_share  el_before_av_comments_list '><span class='hr-inner ' ><span class='hr-inner-style'><\/span><\/span><\/div>\n<div  class='av-buildercomment  av-blog-meta-html-info-disabled av-blog-meta-tag-disabled  '><\/div>\n","protected":false},"excerpt":{"rendered":"","protected":false},"author":1,"featured_media":56831,"comment_status":"closed","ping_status":"closed","sticky":false,"template":"","format":"standard","meta":{"footnotes":""},"categories":[38],"tags":[],"class_list":["post-56830","post","type-post","status-publish","format-standard","has-post-thumbnail","hentry","category-regional"],"jetpack_featured_media_url":"https:\/\/radiorevelacionfm.cl\/wp-content\/uploads\/2025\/07\/CAMINO-LAGOBROWN2-1-1.jpg","_links":{"self":[{"href":"https:\/\/radiorevelacionfm.cl\/index.php?rest_route=\/wp\/v2\/posts\/56830","targetHints":{"allow":["GET"]}}],"collection":[{"href":"https:\/\/radiorevelacionfm.cl\/index.php?rest_route=\/wp\/v2\/posts"}],"about":[{"href":"https:\/\/radiorevelacionfm.cl\/index.php?rest_route=\/wp\/v2\/types\/post"}],"author":[{"embeddable":true,"href":"https:\/\/radiorevelacionfm.cl\/index.php?rest_route=\/wp\/v2\/users\/1"}],"replies":[{"embeddable":true,"href":"https:\/\/radiorevelacionfm.cl\/index.php?rest_route=%2Fwp%2Fv2%2Fcomments&post=56830"}],"version-history":[{"count":2,"href":"https:\/\/radiorevelacionfm.cl\/index.php?rest_route=\/wp\/v2\/posts\/56830\/revisions"}],"predecessor-version":[{"id":56833,"href":"https:\/\/radiorevelacionfm.cl\/index.php?rest_route=\/wp\/v2\/posts\/56830\/revisions\/56833"}],"wp:featuredmedia":[{"embeddable":true,"href":"https:\/\/radiorevelacionfm.cl\/index.php?rest_route=\/wp\/v2\/media\/56831"}],"wp:attachment":[{"href":"https:\/\/radiorevelacionfm.cl\/index.php?rest_route=%2Fwp%2Fv2%2Fmedia&parent=56830"}],"wp:term":[{"taxonomy":"category","embeddable":true,"href":"https:\/\/radiorevelacionfm.cl\/index.php?rest_route=%2Fwp%2Fv2%2Fcategories&post=56830"},{"taxonomy":"post_tag","embeddable":true,"href":"https:\/\/radiorevelacionfm.cl\/index.php?rest_route=%2Fwp%2Fv2%2Ftags&post=56830"}],"curies":[{"name":"wp","href":"https:\/\/api.w.org\/{rel}","templated":true}]}}