{"id":56822,"date":"2025-07-22T23:15:48","date_gmt":"2025-07-23T02:15:48","guid":{"rendered":"https:\/\/radiorevelacionfm.cl\/?p=56822"},"modified":"2025-07-23T11:03:26","modified_gmt":"2025-07-23T14:03:26","slug":"puerto-cisnes-investigan-muerte-de-trabajador-mientras-realizaba-faenas-de-buceo-en-centro-de-cultivo","status":"publish","type":"post","link":"https:\/\/radiorevelacionfm.cl\/?p=56822","title":{"rendered":"Puerto Cisnes: Investigan muerte de trabajador mientras realizaba faenas de buceo en centro de cultivo"},"content":{"rendered":"<div class=\"flex_column av_one_full  flex_column_div av-zero-column-padding first  avia-builder-el-0  el_before_av_one_full  avia-builder-el-first  \" style='border-radius:0px; '><div  class='avia-image-container  av-styling-    avia-builder-el-1  avia-builder-el-no-sibling  avia-align-center '  itemprop=\"image\" itemscope=\"itemscope\" itemtype=\"https:\/\/schema.org\/ImageObject\"  ><div class='avia-image-container-inner'><div class='avia-image-overlay-wrap'><img decoding=\"async\" class='wp-image-56838 avia-img-lazy-loading-not-56838 avia_image' src=\"https:\/\/radiorevelacionfm.cl\/wp-content\/uploads\/2025\/07\/Armada-referencialF1-2-1.jpg\" alt='' title='Armada-referencialF1 (2) (1)' height=\"800\" width=\"801\"  itemprop=\"thumbnailUrl\" srcset=\"https:\/\/radiorevelacionfm.cl\/wp-content\/uploads\/2025\/07\/Armada-referencialF1-2-1.jpg 801w, https:\/\/radiorevelacionfm.cl\/wp-content\/uploads\/2025\/07\/Armada-referencialF1-2-1-300x300.jpg 300w, https:\/\/radiorevelacionfm.cl\/wp-content\/uploads\/2025\/07\/Armada-referencialF1-2-1-80x80.jpg 80w, https:\/\/radiorevelacionfm.cl\/wp-content\/uploads\/2025\/07\/Armada-referencialF1-2-1-768x767.jpg 768w, https:\/\/radiorevelacionfm.cl\/wp-content\/uploads\/2025\/07\/Armada-referencialF1-2-1-36x36.jpg 36w, https:\/\/radiorevelacionfm.cl\/wp-content\/uploads\/2025\/07\/Armada-referencialF1-2-1-180x180.jpg 180w, https:\/\/radiorevelacionfm.cl\/wp-content\/uploads\/2025\/07\/Armada-referencialF1-2-1-705x705.jpg 705w, https:\/\/radiorevelacionfm.cl\/wp-content\/uploads\/2025\/07\/Armada-referencialF1-2-1-120x120.jpg 120w, https:\/\/radiorevelacionfm.cl\/wp-content\/uploads\/2025\/07\/Armada-referencialF1-2-1-450x449.jpg 450w, https:\/\/radiorevelacionfm.cl\/wp-content\/uploads\/2025\/07\/Armada-referencialF1-2-1-600x599.jpg 600w, https:\/\/radiorevelacionfm.cl\/wp-content\/uploads\/2025\/07\/Armada-referencialF1-2-1-100x100.jpg 100w\" sizes=\"(max-width: 801px) 100vw, 801px\" \/><\/div><\/div><\/div><\/div>\n<div class=\"flex_column av_one_full  flex_column_div av-zero-column-padding first  avia-builder-el-2  el_after_av_one_full  el_before_av_one_full  column-top-margin\" style='border-radius:0px; '><section class=\"av_textblock_section \"  itemscope=\"itemscope\" itemtype=\"https:\/\/schema.org\/BlogPosting\" itemprop=\"blogPost\" ><div class='avia_textblock  '   itemprop=\"text\" ><p style=\"text-align: center;\"><strong><span style=\"font-size: 18pt;\">Puerto Cisnes: Investigan muerte de trabajador mientras realizaba faenas de buceo en centro de cultivo<\/span><\/strong><\/p>\n<div id=\"gtx-trans\" style=\"position: absolute; left: -50px; top: 4.31534px;\">\n<div class=\"gtx-trans-icon\"><\/div>\n<\/div>\n<\/div><\/section><\/div>\n<div class=\"flex_column av_one_full  flex_column_div av-zero-column-padding first  avia-builder-el-4  el_after_av_one_full  el_before_av_hr  column-top-margin\" style='border-radius:0px; '><section class=\"av_textblock_section \"  itemscope=\"itemscope\" itemtype=\"https:\/\/schema.org\/BlogPosting\" itemprop=\"blogPost\" ><div class='avia_textblock  '   itemprop=\"text\" ><p style=\"text-align: justify;\">Un tr\u00e1gico accidente se registr\u00f3 este lunes -21 de julio de 2025- en la comuna de Cisnes, donde se ubica el centro de cultivo \u201cCanalad\u201d, de la empresa Australis Mar S.A, distante a 53 millas na\u00faticas de Puerto Cisnes.<\/p>\n<p style=\"text-align: justify;\">En el lugar, un trabajador, buzo mariscador b\u00e1sico identificado con las iniciales\u00a0<b>C. B. A., <\/b>perdi\u00f3 la vida mientras realizaba labores subacu\u00e1ticas.<\/p>\n<p style=\"text-align: justify;\">Seg\u00fan informaci\u00f3n preliminar de la Capitan\u00eda de Puerto, de Puerto Cisnes, la emergencia fue reportada cerca de las 11:00 horas del d\u00eda lunes, por un llamado al servicio de guardia de la Armada, que alert\u00f3 sobre un accidente en un pont\u00f3n, durante maniobras de buceo.<\/p>\n<p style=\"text-align: justify;\">El trabajador fue encontrado inconsciente en el agua por el equipo de buceo del centro de cultivo \u00abCanalad\u00bb, traslad\u00e1ndolo al m\u00f3dulo de operaciones para aplicar maniobras de reanimaci\u00f3n, pero desafortunadamente las maniobras fueron infructuosas.<\/p>\n<p style=\"text-align: justify;\">Por lo que Autoridad Mar\u00edtima orden\u00f3 el zarpe de la Unidad Mar\u00edtima LPM-4409 con personal m\u00e9dico del Hospital Jorge Ibar de Puerto Cisnes a bordo. La embarcaci\u00f3n Mar\u00eda Jes\u00fas III, que transportaba al trabajador fue interceptada a las 12:40 horas en el trayecto, donde el equipo m\u00e9dico procedi\u00f3 a prestar asistencia, revisando signos vitales, constatando el fallecimiento del buzo.<\/p>\n<p style=\"text-align: justify;\">Lo que fue informado al fiscal de turno, orden\u00e1ndose a personal de Polic\u00eda Mar\u00edtima realizar el levantamiento del cuerpo, procediendo a tomar declaraciones e incautaci\u00f3n de equipos de buceo, adem\u00e1s de realizar posterior entrega del cuerpo al SML. Una vez recalada la nave en Puerto Cisnes, la SIP de Carabineros procedi\u00f3 al examen externo del cuerpo, con el fin de descartar la participaci\u00f3n de terceras personas.<\/p>\n<p style=\"text-align: justify;\">Todos los antecedentes fueron entregados a la Fiscal\u00eda Mar\u00edtima Permanente de la Gobernaci\u00f3n mar\u00edtima de Ays\u00e9n, quienes realizar\u00e1n las primeras diligencias para instruir una investigaci\u00f3n sumaria administrativa mar\u00edtima a objeto de determinar las causas y posibles responsabilidades en el hecho, se\u00f1al\u00f3 el suboficial Claudio Medina, de la Capitan\u00eda de Puerto de Cisnes.<\/p>\n<p style=\"text-align: justify;\">En tanto, la empresa Australis Mar S.A., no se ha referido oficialmente a lo sucedido.<\/p>\n<\/div><\/section><\/div><div  style='height:50px' class='hr hr-invisible   avia-builder-el-6  el_after_av_one_full  el_before_av_social_share '><span class='hr-inner ' ><span class='hr-inner-style'><\/span><\/span><\/div><\/p>\n<div  class='av-social-sharing-box  avia-builder-el-7  el_after_av_hr  el_before_av_hr  '><div class='av-share-box'><h5 class='av-share-link-description av-no-toc '>Compartir esta noticia<\/h5><ul class='av-share-box-list noLightbox'><li class='av-share-link av-social-link-facebook' ><a target=\"_blank\" aria-label=\"Compartir en Facebook\" href='https:\/\/www.facebook.com\/sharer.php?u=https:\/\/radiorevelacionfm.cl\/?p=56822&#038;t=Puerto%20Cisnes%3A%20Investigan%20muerte%20de%20trabajador%20mientras%20realizaba%20faenas%20de%20buceo%20en%20centro%20de%20cultivo' aria-hidden='false' data-av_icon='\ue8f3' data-av_iconfont='entypo-fontello' title='' data-avia-related-tooltip='Compartir en Facebook' rel=\"noopener\"><span class='avia_hidden_link_text'>Compartir en Facebook<\/span><\/a><\/li><li class='av-share-link av-social-link-twitter' ><a target=\"_blank\" aria-label=\"Compartir en Twitter\" href='https:\/\/twitter.com\/share?text=Puerto%20Cisnes%3A%20Investigan%20muerte%20de%20trabajador%20mientras%20realizaba%20faenas%20de%20buceo%20en%20centro%20de%20cultivo&#038;url=https:\/\/radiorevelacionfm.cl\/?p=56822' aria-hidden='false' data-av_icon='\ue8f1' data-av_iconfont='entypo-fontello' title='' data-avia-related-tooltip='Compartir en Twitter' rel=\"noopener\"><span class='avia_hidden_link_text'>Compartir en Twitter<\/span><\/a><\/li><li class='av-share-link av-social-link-whatsapp' ><a target=\"_blank\" aria-label=\"Compartir en Whatsapp\" href='https:\/\/api.whatsapp.com\/send?text=https:\/\/radiorevelacionfm.cl\/?p=56822' aria-hidden='false' data-av_icon='\uf232' data-av_iconfont='entypo-fontello' title='' data-avia-related-tooltip='Compartir en Whatsapp' rel=\"noopener\"><span class='avia_hidden_link_text'>Compartir en Whatsapp<\/span><\/a><\/li><li class='av-share-link av-social-link-linkedin' ><a target=\"_blank\" aria-label=\"Compartir en LinkedIn\" href='https:\/\/linkedin.com\/shareArticle?mini=true&#038;title=Puerto%20Cisnes%3A%20Investigan%20muerte%20de%20trabajador%20mientras%20realizaba%20faenas%20de%20buceo%20en%20centro%20de%20cultivo&#038;url=https:\/\/radiorevelacionfm.cl\/?p=56822' aria-hidden='false' data-av_icon='\ue8fc' data-av_iconfont='entypo-fontello' title='' data-avia-related-tooltip='Compartir en LinkedIn' rel=\"noopener\"><span class='avia_hidden_link_text'>Compartir en LinkedIn<\/span><\/a><\/li><li class='av-share-link av-social-link-mail' ><a  aria-label=\"Compartir por correo\" href='mailto:?subject=Puerto%20Cisnes%3A%20Investigan%20muerte%20de%20trabajador%20mientras%20realizaba%20faenas%20de%20buceo%20en%20centro%20de%20cultivo&#038;body=https:\/\/radiorevelacionfm.cl\/?p=56822' aria-hidden='false' data-av_icon='\ue805' data-av_iconfont='entypo-fontello' title='' data-avia-related-tooltip='Compartir por correo'><span class='avia_hidden_link_text'>Compartir por correo<\/span><\/a><\/li><\/ul><\/div><\/div>\n<div  style='height:50px' class='hr hr-invisible   avia-builder-el-8  el_after_av_social_share  el_before_av_comments_list '><span class='hr-inner ' ><span class='hr-inner-style'><\/span><\/span><\/div>\n<div  class='av-buildercomment  av-blog-meta-html-info-disabled av-blog-meta-tag-disabled  '><\/div>\n","protected":false},"excerpt":{"rendered":"","protected":false},"author":1,"featured_media":56838,"comment_status":"closed","ping_status":"closed","sticky":false,"template":"","format":"standard","meta":{"footnotes":""},"categories":[36],"tags":[],"class_list":["post-56822","post","type-post","status-publish","format-standard","has-post-thumbnail","hentry","category-policial"],"jetpack_featured_media_url":"https:\/\/radiorevelacionfm.cl\/wp-content\/uploads\/2025\/07\/Armada-referencialF1-2-1.jpg","_links":{"self":[{"href":"https:\/\/radiorevelacionfm.cl\/index.php?rest_route=\/wp\/v2\/posts\/56822","targetHints":{"allow":["GET"]}}],"collection":[{"href":"https:\/\/radiorevelacionfm.cl\/index.php?rest_route=\/wp\/v2\/posts"}],"about":[{"href":"https:\/\/radiorevelacionfm.cl\/index.php?rest_route=\/wp\/v2\/types\/post"}],"author":[{"embeddable":true,"href":"https:\/\/radiorevelacionfm.cl\/index.php?rest_route=\/wp\/v2\/users\/1"}],"replies":[{"embeddable":true,"href":"https:\/\/radiorevelacionfm.cl\/index.php?rest_route=%2Fwp%2Fv2%2Fcomments&post=56822"}],"version-history":[{"count":5,"href":"https:\/\/radiorevelacionfm.cl\/index.php?rest_route=\/wp\/v2\/posts\/56822\/revisions"}],"predecessor-version":[{"id":56846,"href":"https:\/\/radiorevelacionfm.cl\/index.php?rest_route=\/wp\/v2\/posts\/56822\/revisions\/56846"}],"wp:featuredmedia":[{"embeddable":true,"href":"https:\/\/radiorevelacionfm.cl\/index.php?rest_route=\/wp\/v2\/media\/56838"}],"wp:attachment":[{"href":"https:\/\/radiorevelacionfm.cl\/index.php?rest_route=%2Fwp%2Fv2%2Fmedia&parent=56822"}],"wp:term":[{"taxonomy":"category","embeddable":true,"href":"https:\/\/radiorevelacionfm.cl\/index.php?rest_route=%2Fwp%2Fv2%2Fcategories&post=56822"},{"taxonomy":"post_tag","embeddable":true,"href":"https:\/\/radiorevelacionfm.cl\/index.php?rest_route=%2Fwp%2Fv2%2Ftags&post=56822"}],"curies":[{"name":"wp","href":"https:\/\/api.w.org\/{rel}","templated":true}]}}