{"id":56817,"date":"2025-07-23T10:10:09","date_gmt":"2025-07-23T13:10:09","guid":{"rendered":"https:\/\/radiorevelacionfm.cl\/?p=56817"},"modified":"2025-07-23T10:10:09","modified_gmt":"2025-07-23T13:10:09","slug":"casi-2000-personas-de-18-y-65-anos-recibiran-el-pase-cultural-del-ministerio-de-las-culturas-en-aysen","status":"publish","type":"post","link":"https:\/\/radiorevelacionfm.cl\/?p=56817","title":{"rendered":"Casi 2000 personas de 18 y 65 a\u00f1os recibir\u00e1n el Pase Cultural del Ministerio de las Culturas en Ays\u00e9n"},"content":{"rendered":"<div class=\"flex_column av_one_full  flex_column_div av-zero-column-padding first  avia-builder-el-0  el_before_av_one_full  avia-builder-el-first  \" style='border-radius:0px; '><div  class='avia-image-container  av-styling-    avia-builder-el-1  avia-builder-el-no-sibling  avia-align-center '  itemprop=\"image\" itemscope=\"itemscope\" itemtype=\"https:\/\/schema.org\/ImageObject\"  ><div class='avia-image-container-inner'><div class='avia-image-overlay-wrap'><img decoding=\"async\" class='wp-image-56818 avia-img-lazy-loading-not-56818 avia_image' src=\"https:\/\/radiorevelacionfm.cl\/wp-content\/uploads\/2025\/07\/pase-cultural11-1_optimized.jpg\" alt='' title='pase-cultural11-(1)_optimized' height=\"600\" width=\"900\"  itemprop=\"thumbnailUrl\" srcset=\"https:\/\/radiorevelacionfm.cl\/wp-content\/uploads\/2025\/07\/pase-cultural11-1_optimized.jpg 900w, https:\/\/radiorevelacionfm.cl\/wp-content\/uploads\/2025\/07\/pase-cultural11-1_optimized-300x200.jpg 300w, https:\/\/radiorevelacionfm.cl\/wp-content\/uploads\/2025\/07\/pase-cultural11-1_optimized-768x512.jpg 768w, https:\/\/radiorevelacionfm.cl\/wp-content\/uploads\/2025\/07\/pase-cultural11-1_optimized-705x470.jpg 705w, https:\/\/radiorevelacionfm.cl\/wp-content\/uploads\/2025\/07\/pase-cultural11-1_optimized-450x300.jpg 450w, https:\/\/radiorevelacionfm.cl\/wp-content\/uploads\/2025\/07\/pase-cultural11-1_optimized-600x400.jpg 600w\" sizes=\"(max-width: 900px) 100vw, 900px\" \/><\/div><\/div><\/div><\/div><div class=\"flex_column av_one_full  flex_column_div av-zero-column-padding first  avia-builder-el-2  el_after_av_one_full  el_before_av_one_full  column-top-margin\" style='border-radius:0px; '><section class=\"av_textblock_section \"  itemscope=\"itemscope\" itemtype=\"https:\/\/schema.org\/BlogPosting\" itemprop=\"blogPost\" ><div class='avia_textblock  '   itemprop=\"text\" ><p style=\"text-align: center;\"><strong><span style=\"font-size: 18pt;\">Casi 2000 personas de 18 y 65 a\u00f1os recibir\u00e1n el Pase Cultural del Ministerio de las Culturas en Ays\u00e9n<\/span><\/strong><\/p>\n<div id=\"gtx-trans\" style=\"position: absolute; left: -50px; top: 4.31534px;\">\n<div class=\"gtx-trans-icon\"><\/div>\n<\/div>\n<\/div><\/section><\/div><div class=\"flex_column av_one_full  flex_column_div av-zero-column-padding first  avia-builder-el-4  el_after_av_one_full  el_before_av_hr  column-top-margin\" style='border-radius:0px; '><section class=\"av_textblock_section \"  itemscope=\"itemscope\" itemtype=\"https:\/\/schema.org\/BlogPosting\" itemprop=\"blogPost\" ><div class='avia_textblock  '   itemprop=\"text\" ><p style=\"text-align: justify;\">En pleno centro de Puerto Ays\u00e9n, la Librer\u00eda Puerto Libre fue el escenario del lanzamiento del Pase Cultural en nuestra regi\u00f3n. Se trata de una medida in\u00e9dita y sin precedentes, que busca reducir las barreras econ\u00f3micas para adquirir bienes y servicios culturales.<\/p>\n<p style=\"text-align: justify;\">Su implementaci\u00f3n considera una inversi\u00f3n hist\u00f3rica de $15.630 millones y marca un hito en el compromiso del Estado con el acceso equitativo a la cultura. En la Regi\u00f3n de Ays\u00e9n el beneficio lo recibir\u00e1n 959 j\u00f3venes que cumplieron o cumplir\u00e1n 18 a\u00f1os durante el 2025 y 988 personas mayores que este 2025 llegar\u00e1n a los 65 a\u00f1os de edad.<\/p>\n<p style=\"text-align: justify;\">El seremi de Culturas Ays\u00e9n, Felipe Quiroz, explic\u00f3 los pormenores para optar al Pase Cultural: \u201cEste es un beneficio dirigido a personas que cumplen 18 a\u00f1os y forman parte del 40% m\u00e1s vulnerable seg\u00fan el Registro Social de Hogares, as\u00ed como a quienes cumplen 65 a\u00f1os y son beneficiarios de la Pensi\u00f3n Garantizada Universal. Como Gobierno, nuestro compromiso es garantizar el derecho a la cultura mediante esta herramienta concreta, pensada para fortalecer el acceso directo de estos dos p\u00fablicos prioritarios\u201d.<\/p>\n<p style=\"text-align: justify;\">Para solicitar el Pase Cultural, las personas que cumplan el requisito de tener 18 y 65 a\u00f1os durante 2025 deber\u00e1n activarlo desde hoy, hasta el 31 de diciembre de 2025, seg\u00fan su mes de cumplea\u00f1os. El beneficio va a funcionar a trav\u00e9s del Bolsillo Familiar Electr\u00f3nico incorporado a la CuentaRUT de los beneficiarios.<\/p>\n<p style=\"text-align: justify;\">Cecilia Pino, directora de la Librer\u00eda Puerto Libre se mostr\u00f3 emocionada con este lanzamiento: \u201cEstoy supercontenta con este nuevo proyecto porque nos da la oportunidad de entender que la cultura se puede consumir, que se puede consumir como un bien, que se puede consumir como un servicio, quiz\u00e1s a veces en esta regi\u00f3n o en estas ciudades estamos un poquito acostumbrados a que si no es gratis no voy, pero esto es bueno porque pueden llegar obras de teatro, conciertos, etc., que cuesten un poquito m\u00e1s la entrada y que as\u00ed la van a poder pagar y as\u00ed nos acostumbramos a que el trabajo cultural tambi\u00e9n puede ser remunerado. Me encanta\u201d.<\/p>\n<p style=\"text-align: justify;\">Para la seremi de Desarrollo Social Ays\u00e9n, Karina Acevedo, \u201ceste beneficio es una oportunidad de poder acercar todo lo que tenga que ver con cultura a nuestros j\u00f3venes y nuestras personas mayores. Es un momento que hemos estado buscando hace mucho tiempo, que nos instruy\u00f3 el presidente, pero que hemos estado abordando en forma transversal con los diferentes ministerios para poder llegar a este punto concreto de poder entregar 50.000 pesos. Invitamos a que no pierdan esta oportunidad, entren en la Ventanilla \u00danica Social (<a href=\"http:\/\/ventanillaunicasocial.cl\">ventanillaunicasocial.cl<\/a>)y puedan ver si cumple con los requisitos para ser beneficiario, y sobre todo, activarlo\u201d.<\/p>\n<p style=\"text-align: justify;\">El escritor Claudio-Max Rosso vive en la Regi\u00f3n de Aysen desde 1964 y particip\u00f3 en el lanzamiento: \u201dLo encuentro maravilloso porque es dif\u00edcil poder propiciar las artes y las culturas porque siempre tienen un costo y no todos est\u00e1n con la posibilidad de financiar el costo que tienen. Hay gente que s\u00ed quiere leer\u201d.<\/p>\n<p style=\"text-align: justify;\">La estudiante P\u00eda Paredes cumpli\u00f3 18 a\u00f1os este 2025: \u201cEsto es demasiado necesario sobre todo para nuestra comunidad que se nota que algunas personas les hace falta, por ejemplo, nosotros que no ten\u00edamos idea que esto iba a pasar, fue una sorpresa muy grata para nosotras como estudiantes y de verdad estoy muy agradecida por tenernos en consideraci\u00f3n y enriquecer la cultura local. La verdad es que lo voy a gastar en libros porque son bastante costosos y con este beneficio quiero ayudarme a apoyar mi PAES y cosas as\u00ed\u201d.<\/p>\n<p style=\"text-align: justify;\">Luz Merino, estudiante, dijo que \u201csinceramente es algo que me abre completamente mi mentalidad porque como escuchamos nunca es tarde para poder crecer y tanto en el tema cultural, viendo el tema de los libros, nos ayuda m\u00e1s a abrir nuestra mentalidad para seguir creciendo tanto como personas y seguir expres\u00e1ndonos. Apreciar un poco m\u00e1s el trabajo de otras personas que lo hacen con tanto cari\u00f1o y tanto esfuerzo, que m\u00e1s que ventas, es poder expresar y querer demostrar todo lo que por tantos a\u00f1os ellos quisieron dar a conocer. Que llegue esto a la regi\u00f3n es algo que me llena de mucho orgullo, porque soy una de las que voy a tener este beneficio. Es Genial\u201d.<\/p>\n<p style=\"text-align: justify;\">La implementaci\u00f3n del Pase Cultural est\u00e1 a cargo del Ministerio de las Culturas, las Artes y el Patrimonio, y se construye gracias a una articulaci\u00f3n clave con instituciones de la administraci\u00f3n del Estado, tales como el Ministerio de Hacienda, el Ministerio de Desarrollo Social y Familia, el Instituto de Previsi\u00f3n Social (IPS), el Instituto Nacional de la Juventud (INJUV) y Banco Estado.<\/p>\n<p style=\"text-align: justify;\">El Pase Cultural busca incentivar el acceso a bienes y servicios culturales, art\u00edsticos y patrimoniales, facilitando y simplificando el acercamiento de 312.600 potenciales beneficiarios y beneficiarias a una amplia variedad de actividades.<\/p>\n<p style=\"text-align: justify;\">Para garantizar una implementaci\u00f3n efectiva y con enfoque territorial, el programa busca articularse con estas instituciones colaboradoras con el prop\u00f3sito de establecer una coordinaci\u00f3n estrat\u00e9gica para difundir y promover la activaci\u00f3n de este beneficio. Esta articulaci\u00f3n interinstitucional tendr\u00e1 como objetivo facilitar el acceso de las y los beneficiarios a la oferta cultural del pa\u00eds, mediante la implementaci\u00f3n de acciones orientadas a la difusi\u00f3n, vinculaci\u00f3n territorial y fortalecimiento de redes con espacios culturales.<\/p>\n<p style=\"text-align: justify;\">Toda la informaci\u00f3n sobre su activaci\u00f3n est\u00e1 disponible a trav\u00e9s de la plataforma www.chilecultura.gob.cl y en www.pasecultural.cl<\/p>\n<\/div><\/section><\/div><div  style='height:50px' class='hr hr-invisible   avia-builder-el-6  el_after_av_one_full  el_before_av_social_share '><span class='hr-inner ' ><span class='hr-inner-style'><\/span><\/span><\/div><\/p>\n<div  class='av-social-sharing-box  avia-builder-el-7  el_after_av_hr  el_before_av_hr  '><div class='av-share-box'><h5 class='av-share-link-description av-no-toc '>Compartir esta noticia<\/h5><ul class='av-share-box-list noLightbox'><li class='av-share-link av-social-link-facebook' ><a target=\"_blank\" aria-label=\"Compartir en Facebook\" href='https:\/\/www.facebook.com\/sharer.php?u=https:\/\/radiorevelacionfm.cl\/?p=56817&#038;t=Casi%202000%20personas%20de%2018%20y%2065%20a%C3%B1os%20recibir%C3%A1n%20el%20Pase%20Cultural%20del%20Ministerio%20de%20las%20Culturas%20en%20Ays%C3%A9n' aria-hidden='false' data-av_icon='\ue8f3' data-av_iconfont='entypo-fontello' title='' data-avia-related-tooltip='Compartir en Facebook' rel=\"noopener\"><span class='avia_hidden_link_text'>Compartir en Facebook<\/span><\/a><\/li><li class='av-share-link av-social-link-twitter' ><a target=\"_blank\" aria-label=\"Compartir en Twitter\" href='https:\/\/twitter.com\/share?text=Casi%202000%20personas%20de%2018%20y%2065%20a%C3%B1os%20recibir%C3%A1n%20el%20Pase%20Cultural%20del%20Ministerio%20de%20las%20Culturas%20en%20Ays%C3%A9n&#038;url=https:\/\/radiorevelacionfm.cl\/?p=56817' aria-hidden='false' data-av_icon='\ue8f1' data-av_iconfont='entypo-fontello' title='' data-avia-related-tooltip='Compartir en Twitter' rel=\"noopener\"><span class='avia_hidden_link_text'>Compartir en Twitter<\/span><\/a><\/li><li class='av-share-link av-social-link-whatsapp' ><a target=\"_blank\" aria-label=\"Compartir en Whatsapp\" href='https:\/\/api.whatsapp.com\/send?text=https:\/\/radiorevelacionfm.cl\/?p=56817' aria-hidden='false' data-av_icon='\uf232' data-av_iconfont='entypo-fontello' title='' data-avia-related-tooltip='Compartir en Whatsapp' rel=\"noopener\"><span class='avia_hidden_link_text'>Compartir en Whatsapp<\/span><\/a><\/li><li class='av-share-link av-social-link-linkedin' ><a target=\"_blank\" aria-label=\"Compartir en LinkedIn\" href='https:\/\/linkedin.com\/shareArticle?mini=true&#038;title=Casi%202000%20personas%20de%2018%20y%2065%20a%C3%B1os%20recibir%C3%A1n%20el%20Pase%20Cultural%20del%20Ministerio%20de%20las%20Culturas%20en%20Ays%C3%A9n&#038;url=https:\/\/radiorevelacionfm.cl\/?p=56817' aria-hidden='false' data-av_icon='\ue8fc' data-av_iconfont='entypo-fontello' title='' data-avia-related-tooltip='Compartir en LinkedIn' rel=\"noopener\"><span class='avia_hidden_link_text'>Compartir en LinkedIn<\/span><\/a><\/li><li class='av-share-link av-social-link-mail' ><a  aria-label=\"Compartir por correo\" href='mailto:?subject=Casi%202000%20personas%20de%2018%20y%2065%20a%C3%B1os%20recibir%C3%A1n%20el%20Pase%20Cultural%20del%20Ministerio%20de%20las%20Culturas%20en%20Ays%C3%A9n&#038;body=https:\/\/radiorevelacionfm.cl\/?p=56817' aria-hidden='false' data-av_icon='\ue805' data-av_iconfont='entypo-fontello' title='' data-avia-related-tooltip='Compartir por correo'><span class='avia_hidden_link_text'>Compartir por correo<\/span><\/a><\/li><\/ul><\/div><\/div>\n<div  style='height:50px' class='hr hr-invisible   avia-builder-el-8  el_after_av_social_share  el_before_av_comments_list '><span class='hr-inner ' ><span class='hr-inner-style'><\/span><\/span><\/div>\n<div  class='av-buildercomment  av-blog-meta-html-info-disabled av-blog-meta-tag-disabled  '><\/div>\n","protected":false},"excerpt":{"rendered":"","protected":false},"author":1,"featured_media":56818,"comment_status":"closed","ping_status":"closed","sticky":false,"template":"","format":"standard","meta":{"footnotes":""},"categories":[52],"tags":[],"class_list":["post-56817","post","type-post","status-publish","format-standard","has-post-thumbnail","hentry","category-cultura"],"jetpack_featured_media_url":"https:\/\/radiorevelacionfm.cl\/wp-content\/uploads\/2025\/07\/pase-cultural11-1_optimized.jpg","_links":{"self":[{"href":"https:\/\/radiorevelacionfm.cl\/index.php?rest_route=\/wp\/v2\/posts\/56817","targetHints":{"allow":["GET"]}}],"collection":[{"href":"https:\/\/radiorevelacionfm.cl\/index.php?rest_route=\/wp\/v2\/posts"}],"about":[{"href":"https:\/\/radiorevelacionfm.cl\/index.php?rest_route=\/wp\/v2\/types\/post"}],"author":[{"embeddable":true,"href":"https:\/\/radiorevelacionfm.cl\/index.php?rest_route=\/wp\/v2\/users\/1"}],"replies":[{"embeddable":true,"href":"https:\/\/radiorevelacionfm.cl\/index.php?rest_route=%2Fwp%2Fv2%2Fcomments&post=56817"}],"version-history":[{"count":2,"href":"https:\/\/radiorevelacionfm.cl\/index.php?rest_route=\/wp\/v2\/posts\/56817\/revisions"}],"predecessor-version":[{"id":56826,"href":"https:\/\/radiorevelacionfm.cl\/index.php?rest_route=\/wp\/v2\/posts\/56817\/revisions\/56826"}],"wp:featuredmedia":[{"embeddable":true,"href":"https:\/\/radiorevelacionfm.cl\/index.php?rest_route=\/wp\/v2\/media\/56818"}],"wp:attachment":[{"href":"https:\/\/radiorevelacionfm.cl\/index.php?rest_route=%2Fwp%2Fv2%2Fmedia&parent=56817"}],"wp:term":[{"taxonomy":"category","embeddable":true,"href":"https:\/\/radiorevelacionfm.cl\/index.php?rest_route=%2Fwp%2Fv2%2Fcategories&post=56817"},{"taxonomy":"post_tag","embeddable":true,"href":"https:\/\/radiorevelacionfm.cl\/index.php?rest_route=%2Fwp%2Fv2%2Ftags&post=56817"}],"curies":[{"name":"wp","href":"https:\/\/api.w.org\/{rel}","templated":true}]}}