{"id":56812,"date":"2025-07-22T21:19:21","date_gmt":"2025-07-23T00:19:21","guid":{"rendered":"https:\/\/radiorevelacionfm.cl\/?p=56812"},"modified":"2025-07-22T21:19:21","modified_gmt":"2025-07-23T00:19:21","slug":"abren-postulaciones-a-curso-y-beca-para-laboratoristas-viales","status":"publish","type":"post","link":"https:\/\/radiorevelacionfm.cl\/?p=56812","title":{"rendered":"Abren postulaciones a curso y beca para laboratoristas viales"},"content":{"rendered":"<div class=\"flex_column av_one_full  flex_column_div av-zero-column-padding first  avia-builder-el-0  el_before_av_one_full  avia-builder-el-first  \" style='border-radius:0px; '><div  class='avia-image-container  av-styling-    avia-builder-el-1  avia-builder-el-no-sibling  avia-align-center '  itemprop=\"image\" itemscope=\"itemscope\" itemtype=\"https:\/\/schema.org\/ImageObject\"  ><div class='avia-image-container-inner'><div class='avia-image-overlay-wrap'><img decoding=\"async\" class='wp-image-56813 avia-img-lazy-loading-not-56813 avia_image' src=\"https:\/\/radiorevelacionfm.cl\/wp-content\/uploads\/2025\/07\/1-2025-07-22t161738_optimized.479-1.jpg\" alt='' title='1---2025-07-22t161738_optimized.479-(1)' height=\"600\" width=\"980\"  itemprop=\"thumbnailUrl\" srcset=\"https:\/\/radiorevelacionfm.cl\/wp-content\/uploads\/2025\/07\/1-2025-07-22t161738_optimized.479-1.jpg 980w, https:\/\/radiorevelacionfm.cl\/wp-content\/uploads\/2025\/07\/1-2025-07-22t161738_optimized.479-1-300x184.jpg 300w, https:\/\/radiorevelacionfm.cl\/wp-content\/uploads\/2025\/07\/1-2025-07-22t161738_optimized.479-1-768x470.jpg 768w, https:\/\/radiorevelacionfm.cl\/wp-content\/uploads\/2025\/07\/1-2025-07-22t161738_optimized.479-1-705x432.jpg 705w, https:\/\/radiorevelacionfm.cl\/wp-content\/uploads\/2025\/07\/1-2025-07-22t161738_optimized.479-1-450x276.jpg 450w, https:\/\/radiorevelacionfm.cl\/wp-content\/uploads\/2025\/07\/1-2025-07-22t161738_optimized.479-1-600x367.jpg 600w\" sizes=\"(max-width: 980px) 100vw, 980px\" \/><\/div><\/div><\/div><\/div><div class=\"flex_column av_one_full  flex_column_div av-zero-column-padding first  avia-builder-el-2  el_after_av_one_full  el_before_av_one_full  column-top-margin\" style='border-radius:0px; '><section class=\"av_textblock_section \"  itemscope=\"itemscope\" itemtype=\"https:\/\/schema.org\/BlogPosting\" itemprop=\"blogPost\" ><div class='avia_textblock  '   itemprop=\"text\" ><p style=\"text-align: center;\"><span style=\"font-size: 18pt;\"><strong>Abren postulaciones a curso y beca para laboratoristas viales<\/strong><\/span><\/p>\n<div id=\"gtx-trans\" style=\"position: absolute; left: -50px; top: 4.31534px;\">\n<div class=\"gtx-trans-icon\"><\/div>\n<\/div>\n<\/div><\/section><\/div><div class=\"flex_column av_one_full  flex_column_div av-zero-column-padding first  avia-builder-el-4  el_after_av_one_full  el_before_av_hr  column-top-margin\" style='border-radius:0px; '><section class=\"av_textblock_section \"  itemscope=\"itemscope\" itemtype=\"https:\/\/schema.org\/BlogPosting\" itemprop=\"blogPost\" ><div class='avia_textblock  '   itemprop=\"text\" ><p style=\"text-align: justify;\"><em>Alianza p\u00fablico privada permite que, por primera vez, la acreditaci\u00f3n de estos especialistas se realice por la academia en regiones. El hito fue impulsado por la C\u00e1mara Chilena de la Construcci\u00f3n, Inacap y la direcci\u00f3n de Vialidad del MOP. <\/em><\/p>\n<p style=\"text-align: justify;\">En una actividad conjunta, la ma\u00f1ana del martes 22 de julio, Inacap, la C\u00e1mara Chilena de la Construcci\u00f3n y la direcci\u00f3n regional de Vialidad, realizaron el hito de lanzamiento del curso de laboratorista vial clase c y la apertura de las postulaciones a una beca exclusiva para mujeres.<\/p>\n<p style=\"text-align: justify;\">Tras largas coordinaciones entre la CChC, Inacap y la direcci\u00f3n regional de Vialidad, se logr\u00f3 modificar un decreto nacional que permite dictar el curso desde la academia, lo que permitir\u00e1 abrir esta especialidad a regiones, siendo un \u00e1rea del sector construcci\u00f3n que tiene alta demanda y que, hasta ahora, era otorgada solo por el ministerio de Obras P\u00fablicas en Santiago.<\/p>\n<p style=\"text-align: justify;\">Para lograr esto, Inacap present\u00f3 una robusta propuesta acad\u00e9mica que fue visada y autorizada por el ministerio, que contempla un total de 298 horas de clases te\u00f3rico\/pr\u00e1cticas, que estar\u00e1n distribuidas en siete m\u00f3dulos de ense\u00f1anza, los que se proyectan, se extiendan por aproximadamente tres meses.<\/p>\n<p style=\"text-align: justify;\">Desde Inacap, Patrice Van de Maele, vicerrector de la sede local de la instituci\u00f3n, explic\u00f3 que este curso surge en contexto del levantamiento de necesidades de formaci\u00f3n t\u00e9cnico profesional que se realiz\u00f3 en la regi\u00f3n, al alero del consejo productivo que encabezan.<\/p>\n<p style=\"text-align: justify;\">\u201cSe gener\u00f3 demanda de una especialidad muy concreta respecto a este curso\u201d, indic\u00f3, agregando que, como este curso ya fue dictado a\u00f1os atr\u00e1s por ellos, \u201cGeneramos una actualizaci\u00f3n, en contacto con la C\u00e1mara de la Construcci\u00f3n y con el ministerio de Obras P\u00fablicas y la direcci\u00f3n de Vialidad\u201d, puntualiz\u00f3.<\/p>\n<p style=\"text-align: justify;\">Desde la CChC, Pedro Pablo Arriagada, vicepresidente del gremio y adem\u00e1s presidente del comit\u00e9 de infraestructura, detall\u00f3 c\u00f3mo, la formaci\u00f3n de estos nuevos t\u00e9cnicos, aportar\u00e1 al desarrollo de la construcci\u00f3n, agregando que esta necesidad detectada y levantada desde Ays\u00e9n, tendr\u00e1 impacto en todo el pa\u00eds.<\/p>\n<p style=\"text-align: justify;\">\u201cYa hace unos ocho a\u00f1os m\u00e1s o menos, empez\u00f3 la escasez de los laboratoristas, estos por lo general tienen que venir de fuera de la regi\u00f3n. Tambi\u00e9n se estaba notando una merma a nivel nacional, pues cada vez estaban form\u00e1ndose menos de estos t\u00e9cnicos que necesitamos de la obra. Esto es claramente una obra de incidencia desde la regi\u00f3n, con impacto a nivel nacional\u201d, sentenci\u00f3 el representante gremial.<\/p>\n<p style=\"text-align: justify;\">Desde la direcci\u00f3n regional de Vialidad explicaron que la carencia de estos profesionales es notoria, y que en el ministerio existe el requerimiento, valorando la articulaci\u00f3n p\u00fablico privada que permiti\u00f3 que Ays\u00e9n, se convierta en la primera regi\u00f3n del pa\u00eds en ofertar este curso.<\/p>\n<p style=\"text-align: justify;\">\u201cHay un d\u00e9ficit muy grande de laboratoristas, y hay una cantidad que nosotros tenemos de poder dar trabajo con respecto a este tipo de profesionales y t\u00e9cnicos, en el \u00e1rea de geotecnia, suelos, hormig\u00f3n y asfalto. Esa es la importancia que tiene lo que hemos logrado en forma mancomunada con la C\u00e1mara Chilena de la Construcci\u00f3n, el Instituto Inacap y especialmente con el laboratorio de vialidad\u201d, indic\u00f3 Renzo Sanders, director regional de Vialidad del ministerio de Obras P\u00fablicas.<\/p>\n<p style=\"text-align: justify;\">Los interesados en postular al curso pueden tomar contacto con Inacap a trav\u00e9s de maguilerabnacap.cl<\/p>\n<p style=\"text-align: justify;\"><strong>Beca Mujer C\u00e1mara Chilena de la Construcci\u00f3n<\/strong><\/p>\n<p style=\"text-align: justify;\">Desde la CChC Coyhaique, conscientes de la relevancia que este curso tiene, y de la necesidad que existe para contar con m\u00e1s t\u00e9cnicos en el \u00e1rea, anunciaron la entrega de una beca para que una mujer de la regi\u00f3n pueda realizar esta certificaci\u00f3n.<\/p>\n<p style=\"text-align: justify;\">Se trata de un beneficio que surge desde la comisi\u00f3n de mujeres del gremio, liderado por la socia de la CChC Coyhaique, Liz Montiel, quienes buscan con esta herramienta, conseguir que m\u00e1s mujeres se integren al rubro de la construcci\u00f3n en la regi\u00f3n.<\/p>\n<p style=\"text-align: justify;\">La beca, cuyas postulaciones est\u00e1n abiertas entre el 22 de julio y el 04 de agosto, entregar\u00e1 a la beneficiaria, la posibilidad de realizar este curso de manera gratuita, contando con apoyo en otros insumos no monetarios que pueda requerir.<\/p>\n<p style=\"text-align: justify;\">Pablo Carrasco, presidente de la CChC Coyhaique, se\u00f1al\u00f3 que este esta es una especialidad que tiene una alta empleabilidad, por lo que se espera, existan varias interesadas.<\/p>\n<p style=\"text-align: justify;\">\u201cLa C\u00e1mara, interesada en que esto siga funcionando, a trav\u00e9s de su comisi\u00f3n de Mujeres, coordin\u00f3 a varias empresas socias, quienes se juntaron para lanzar una beca que va a permitir que una mujer pueda acceder al curso de manera gratuita\u201d, se\u00f1al\u00f3 Carrasco.<\/p>\n<p style=\"text-align: justify;\">Cabe se\u00f1alar que las empresas que aportan al desarrollo de la beca son: Constructora Xinta, Constructora Patricio Roa, Constructora SyP, Egis Dalco, Constructora Pedro Arriagada Fica y Patagonia Sostenible.<\/p>\n<p style=\"text-align: justify;\">Los resultados de la beca y la ganadora del proceso se dar\u00e1n a conocer el 20 de agosto y las bases del proceso se pueden conocer en las redes sociales de la CChC Coyhaique y en la p\u00e1gina web del gremio.<\/p>\n<p style=\"text-align: justify;\"><strong>\u00a0<\/strong><\/p>\n<\/div><\/section><\/div><div  style='height:50px' class='hr hr-invisible   avia-builder-el-6  el_after_av_one_full  el_before_av_social_share '><span class='hr-inner ' ><span class='hr-inner-style'><\/span><\/span><\/div><\/p>\n<div  class='av-social-sharing-box  avia-builder-el-7  el_after_av_hr  el_before_av_hr  '><div class='av-share-box'><h5 class='av-share-link-description av-no-toc '>Compartir esta noticia<\/h5><ul class='av-share-box-list noLightbox'><li class='av-share-link av-social-link-facebook' ><a target=\"_blank\" aria-label=\"Compartir en Facebook\" href='https:\/\/www.facebook.com\/sharer.php?u=https:\/\/radiorevelacionfm.cl\/?p=56812&#038;t=Abren%20postulaciones%20a%20curso%20y%20beca%20para%20laboratoristas%20viales' aria-hidden='false' data-av_icon='\ue8f3' data-av_iconfont='entypo-fontello' title='' data-avia-related-tooltip='Compartir en Facebook' rel=\"noopener\"><span class='avia_hidden_link_text'>Compartir en Facebook<\/span><\/a><\/li><li class='av-share-link av-social-link-twitter' ><a target=\"_blank\" aria-label=\"Compartir en Twitter\" href='https:\/\/twitter.com\/share?text=Abren%20postulaciones%20a%20curso%20y%20beca%20para%20laboratoristas%20viales&#038;url=https:\/\/radiorevelacionfm.cl\/?p=56812' aria-hidden='false' data-av_icon='\ue8f1' data-av_iconfont='entypo-fontello' title='' data-avia-related-tooltip='Compartir en Twitter' rel=\"noopener\"><span class='avia_hidden_link_text'>Compartir en Twitter<\/span><\/a><\/li><li class='av-share-link av-social-link-whatsapp' ><a target=\"_blank\" aria-label=\"Compartir en Whatsapp\" href='https:\/\/api.whatsapp.com\/send?text=https:\/\/radiorevelacionfm.cl\/?p=56812' aria-hidden='false' data-av_icon='\uf232' data-av_iconfont='entypo-fontello' title='' data-avia-related-tooltip='Compartir en Whatsapp' rel=\"noopener\"><span class='avia_hidden_link_text'>Compartir en Whatsapp<\/span><\/a><\/li><li class='av-share-link av-social-link-linkedin' ><a target=\"_blank\" aria-label=\"Compartir en LinkedIn\" href='https:\/\/linkedin.com\/shareArticle?mini=true&#038;title=Abren%20postulaciones%20a%20curso%20y%20beca%20para%20laboratoristas%20viales&#038;url=https:\/\/radiorevelacionfm.cl\/?p=56812' aria-hidden='false' data-av_icon='\ue8fc' data-av_iconfont='entypo-fontello' title='' data-avia-related-tooltip='Compartir en LinkedIn' rel=\"noopener\"><span class='avia_hidden_link_text'>Compartir en LinkedIn<\/span><\/a><\/li><li class='av-share-link av-social-link-mail' ><a  aria-label=\"Compartir por correo\" href='mailto:?subject=Abren%20postulaciones%20a%20curso%20y%20beca%20para%20laboratoristas%20viales&#038;body=https:\/\/radiorevelacionfm.cl\/?p=56812' aria-hidden='false' data-av_icon='\ue805' data-av_iconfont='entypo-fontello' title='' data-avia-related-tooltip='Compartir por correo'><span class='avia_hidden_link_text'>Compartir por correo<\/span><\/a><\/li><\/ul><\/div><\/div>\n<div  style='height:50px' class='hr hr-invisible   avia-builder-el-8  el_after_av_social_share  el_before_av_comments_list '><span class='hr-inner ' ><span class='hr-inner-style'><\/span><\/span><\/div>\n<div  class='av-buildercomment  av-blog-meta-html-info-disabled av-blog-meta-tag-disabled  '><\/div>\n","protected":false},"excerpt":{"rendered":"","protected":false},"author":1,"featured_media":56813,"comment_status":"closed","ping_status":"closed","sticky":false,"template":"","format":"standard","meta":{"footnotes":""},"categories":[38],"tags":[],"class_list":["post-56812","post","type-post","status-publish","format-standard","has-post-thumbnail","hentry","category-regional"],"jetpack_featured_media_url":"https:\/\/radiorevelacionfm.cl\/wp-content\/uploads\/2025\/07\/1-2025-07-22t161738_optimized.479-1.jpg","_links":{"self":[{"href":"https:\/\/radiorevelacionfm.cl\/index.php?rest_route=\/wp\/v2\/posts\/56812","targetHints":{"allow":["GET"]}}],"collection":[{"href":"https:\/\/radiorevelacionfm.cl\/index.php?rest_route=\/wp\/v2\/posts"}],"about":[{"href":"https:\/\/radiorevelacionfm.cl\/index.php?rest_route=\/wp\/v2\/types\/post"}],"author":[{"embeddable":true,"href":"https:\/\/radiorevelacionfm.cl\/index.php?rest_route=\/wp\/v2\/users\/1"}],"replies":[{"embeddable":true,"href":"https:\/\/radiorevelacionfm.cl\/index.php?rest_route=%2Fwp%2Fv2%2Fcomments&post=56812"}],"version-history":[{"count":2,"href":"https:\/\/radiorevelacionfm.cl\/index.php?rest_route=\/wp\/v2\/posts\/56812\/revisions"}],"predecessor-version":[{"id":56821,"href":"https:\/\/radiorevelacionfm.cl\/index.php?rest_route=\/wp\/v2\/posts\/56812\/revisions\/56821"}],"wp:featuredmedia":[{"embeddable":true,"href":"https:\/\/radiorevelacionfm.cl\/index.php?rest_route=\/wp\/v2\/media\/56813"}],"wp:attachment":[{"href":"https:\/\/radiorevelacionfm.cl\/index.php?rest_route=%2Fwp%2Fv2%2Fmedia&parent=56812"}],"wp:term":[{"taxonomy":"category","embeddable":true,"href":"https:\/\/radiorevelacionfm.cl\/index.php?rest_route=%2Fwp%2Fv2%2Fcategories&post=56812"},{"taxonomy":"post_tag","embeddable":true,"href":"https:\/\/radiorevelacionfm.cl\/index.php?rest_route=%2Fwp%2Fv2%2Ftags&post=56812"}],"curies":[{"name":"wp","href":"https:\/\/api.w.org\/{rel}","templated":true}]}}