{"id":5681,"date":"2021-06-26T14:17:57","date_gmt":"2021-06-26T17:17:57","guid":{"rendered":"https:\/\/radiorevelacionfm.cl\/?p=5681"},"modified":"2021-06-26T14:17:57","modified_gmt":"2021-06-26T17:17:57","slug":"publican-nominas-de-vocales-de-mesa-para-elecciones-primarias-presidenciales","status":"publish","type":"post","link":"https:\/\/radiorevelacionfm.cl\/?p=5681","title":{"rendered":"Publican n\u00f3minas de vocales de mesa para Elecciones Primarias Presidenciales"},"content":{"rendered":"<div class=\"flex_column av_one_full  flex_column_div av-zero-column-padding first  avia-builder-el-0  el_before_av_one_full  avia-builder-el-first  \" style='border-radius:0px; '><div  class='avia-image-container  av-styling-    avia-builder-el-1  avia-builder-el-no-sibling  avia-align-center '  itemprop=\"image\" itemscope=\"itemscope\" itemtype=\"https:\/\/schema.org\/ImageObject\"  ><div class='avia-image-container-inner'><div class='avia-image-overlay-wrap'><img decoding=\"async\" class='wp-image-4043 avia-img-lazy-loading-not-4043 avia_image' src=\"https:\/\/radiorevelacionfm.cl\/wp-content\/uploads\/2021\/05\/VOTACIONES-1-1.jpg\" alt='' title='VOTACIONES (1) (1)' height=\"600\" width=\"969\"  itemprop=\"thumbnailUrl\" srcset=\"https:\/\/radiorevelacionfm.cl\/wp-content\/uploads\/2021\/05\/VOTACIONES-1-1.jpg 969w, https:\/\/radiorevelacionfm.cl\/wp-content\/uploads\/2021\/05\/VOTACIONES-1-1-300x186.jpg 300w, https:\/\/radiorevelacionfm.cl\/wp-content\/uploads\/2021\/05\/VOTACIONES-1-1-768x476.jpg 768w, https:\/\/radiorevelacionfm.cl\/wp-content\/uploads\/2021\/05\/VOTACIONES-1-1-705x437.jpg 705w, https:\/\/radiorevelacionfm.cl\/wp-content\/uploads\/2021\/05\/VOTACIONES-1-1-600x372.jpg 600w\" sizes=\"(max-width: 969px) 100vw, 969px\" \/><\/div><\/div><\/div><\/div><div class=\"flex_column av_one_full  flex_column_div av-zero-column-padding first  avia-builder-el-2  el_after_av_one_full  el_before_av_one_full  column-top-margin\" style='border-radius:0px; '><section class=\"av_textblock_section \"  itemscope=\"itemscope\" itemtype=\"https:\/\/schema.org\/BlogPosting\" itemprop=\"blogPost\" ><div class='avia_textblock  '   itemprop=\"text\" ><p style=\"text-align: center;\"><strong><span style=\"font-size: 18pt;\">Publican n\u00f3minas de vocales de mesa para Elecciones Primarias Presidenciales<\/span><\/strong><\/p>\n<div id=\"gtx-trans\" style=\"position: absolute; left: -50px; top: 4.31534px;\">\n<div class=\"gtx-trans-icon\"><\/div>\n<\/div>\n<\/div><\/section><\/div><div class=\"flex_column av_one_full  flex_column_div av-zero-column-padding first  avia-builder-el-4  el_after_av_one_full  el_before_av_hr  column-top-margin\" style='border-radius:0px; '><section class=\"av_textblock_section \"  itemscope=\"itemscope\" itemtype=\"https:\/\/schema.org\/BlogPosting\" itemprop=\"blogPost\" ><div class='avia_textblock  '   itemprop=\"text\" ><p style=\"text-align: justify;\">Tal como lo determina la Ley, este 26 de junio fueron publicadas las n\u00f3minas de vocales de mesa designados por las Juntas Electorales. Se trata de 82.607 electores que deber\u00e1n cumplir este importante rol democr\u00e1tico el pr\u00f3ximo 18 de julio, d\u00eda de las Elecciones Primarias Presidenciales.<\/p>\n<p style=\"text-align: justify;\">Los vocales hacen posible el proceso electoral en el sufragio, el escrutinio y transparentan toda la jornada de elecciones. En la cita se hizo un encarecido llamado a quienes fueron designados como vocales de mesa, primero revisando sus datos electorales en <a href=\"https:\/\/servel.us15.list-manage.com\/track\/click?u=164fc57d7a3c93ed4382fecdb&amp;id=bd601fd435&amp;e=19a78e2c29\">consulta.servel.cl<\/a> para conocer si fueron designado en esta labor, y luego para que acudan a la\u00a0constituci\u00f3n de sus mesas\u00a0el s\u00e1bado 17 de julio a las 15:00 horas en sus respectivos locales de votaci\u00f3n.<\/p>\n<p style=\"text-align: justify;\">Las Normas e Instrucciones dictadas en acuerdo por el Consejo Directivo de Servel establecen que:<\/p>\n<ul>\n<li style=\"text-align: justify;\">Personas de 60 a\u00f1os de edad o m\u00e1s.<\/li>\n<li style=\"text-align: justify;\">Mujeres embarazadas durante todo el per\u00edodo de gestaci\u00f3n.<\/li>\n<li style=\"text-align: justify;\">Padre o madre de un hijo o hija de menos de dos a\u00f1os.<\/li>\n<li style=\"text-align: justify;\">Quienes se desempe\u00f1en como cuidadoras o cuidadores de adultos mayores o personas con necesidades especiales, con dependencia o discapacidades, y las que se desempe\u00f1en en los establecimientos de larga estad\u00eda para adultos mayores (Eleam).<\/li>\n<\/ul>\n<p style=\"text-align: justify;\">Pueden excusarse como vocal ante las Juntas Electorales de su circunscripci\u00f3n electoral, de forma presencial o v\u00eda correo electr\u00f3nico. El listado de Juntas lo puede conocer\u00a0<a href=\"https:\/\/servel.us15.list-manage.com\/track\/click?u=164fc57d7a3c93ed4382fecdb&amp;id=f4ca8a432c&amp;e=19a78e2c29\">aqu\u00ed<\/a>.<br \/>\nAsimismo, pueden excusarse hasta el\u00a0jueves 1 de julio\u00a0quienes tengan alguna de las causales consideradas en la ley:<\/p>\n<ul>\n<li style=\"text-align: justify;\">Estar el vocal comprendido entre las causales de inhabilidad contempladas en el art\u00edculo 45 de la Ley N\u00b0 18.700 o haber sido designado miembro del Colegio Escrutador.<\/li>\n<li style=\"text-align: justify;\">Estar ausente del pa\u00eds o radicado en alguna localidad distante m\u00e1s de 300 kil\u00f3metros o con la que no haya comunicaciones expeditas, hecho que calificar\u00e1 la Junta Electoral respectiva.<\/li>\n<li style=\"text-align: justify;\">Tener que desempe\u00f1ar en los mismos d\u00edas y horas de funcionamiento de las Mesas, otras funciones que encomiende la Ley N\u00b0 18.700.<\/li>\n<li style=\"text-align: justify;\">Estar f\u00edsica o mentalmente imposibilitado de ejercer la funci\u00f3n, circunstancia que deber\u00e1 ser acreditada con certificado m\u00e9dico.<\/li>\n<li style=\"text-align: justify;\">Cumplir labores en establecimientos hospitalarios en los mismos d\u00edas en que funcionen las Mesas Receptoras de Sufragios, lo que deber\u00e1 acreditarse mediante certificado del director del respectivo establecimiento de salud.<\/li>\n<\/ul>\n<p style=\"text-align: justify;\">Si tienes dudas o quieres conocer m\u00e1s informaci\u00f3n respecto a los vocales de mesa, puedes acceder a m\u00e1s antecedentes en el nuevo sitio web dispuesto por Servel para estas elecciones: <a href=\"https:\/\/servel.us15.list-manage.com\/track\/click?u=164fc57d7a3c93ed4382fecdb&amp;id=93762478ea&amp;e=19a78e2c29\">presidenciales2021.servel.cl<\/a>, y a trav\u00e9s de los enlaces directos <a href=\"https:\/\/servel.us15.list-manage.com\/track\/click?u=164fc57d7a3c93ed4382fecdb&amp;id=ee8460f823&amp;e=19a78e2c29\">presidenciales2021.servel.cl\/vocales-demesa2<\/a>\u00a0 y <a href=\"https:\/\/servel.us15.list-manage.com\/track\/click?u=164fc57d7a3c93ed4382fecdb&amp;id=71e6bb0f0f&amp;e=19a78e2c29\">presidenciales2021.servel.cl\/preguntas-frecuentes<\/a>. En el sitio tambi\u00e9n se considera la informaci\u00f3n necesaria para los chilenos con domicilio electoral en el extranjero, quienes podr\u00e1n votar para estas primarias, a trav\u00e9s del\u00a0<a href=\"https:\/\/servel.us15.list-manage.com\/track\/click?u=164fc57d7a3c93ed4382fecdb&amp;id=756a7ecb6d&amp;e=19a78e2c29\">voto de chilenos en el exterior<\/a>.<\/p>\n<p>Es importante recordar que las personas que no concurran a desempe\u00f1ar sus funciones incurren en una infracci\u00f3n electoral, que puede ser sancionada con una multa a beneficio municipal que va desde 2 a 8 U.T.M, seg\u00fan el art\u00edculo 151 de la Ley N\u00ba 18.700.<\/p>\n<\/div><\/section><\/div><div  style='height:50px' class='hr hr-invisible   avia-builder-el-6  el_after_av_one_full  el_before_av_social_share '><span class='hr-inner ' ><span class='hr-inner-style'><\/span><\/span><\/div><\/p>\n<div  class='av-social-sharing-box  avia-builder-el-7  el_after_av_hr  el_before_av_hr  '><div class='av-share-box'><h5 class='av-share-link-description av-no-toc '>Compartir esta noticia<\/h5><ul class='av-share-box-list noLightbox'><li class='av-share-link av-social-link-facebook' ><a target=\"_blank\" aria-label=\"Compartir en Facebook\" href='https:\/\/www.facebook.com\/sharer.php?u=https:\/\/radiorevelacionfm.cl\/?p=5681&#038;t=Publican%20n%C3%B3minas%20de%20vocales%20de%20mesa%20para%20Elecciones%20Primarias%20Presidenciales' aria-hidden='false' data-av_icon='\ue8f3' data-av_iconfont='entypo-fontello' title='' data-avia-related-tooltip='Compartir en Facebook' rel=\"noopener\"><span class='avia_hidden_link_text'>Compartir en Facebook<\/span><\/a><\/li><li class='av-share-link av-social-link-twitter' ><a target=\"_blank\" aria-label=\"Compartir en Twitter\" href='https:\/\/twitter.com\/share?text=Publican%20n%C3%B3minas%20de%20vocales%20de%20mesa%20para%20Elecciones%20Primarias%20Presidenciales&#038;url=https:\/\/radiorevelacionfm.cl\/?p=5681' aria-hidden='false' data-av_icon='\ue8f1' data-av_iconfont='entypo-fontello' title='' data-avia-related-tooltip='Compartir en Twitter' rel=\"noopener\"><span class='avia_hidden_link_text'>Compartir en Twitter<\/span><\/a><\/li><li class='av-share-link av-social-link-whatsapp' ><a target=\"_blank\" aria-label=\"Compartir en Whatsapp\" href='https:\/\/api.whatsapp.com\/send?text=https:\/\/radiorevelacionfm.cl\/?p=5681' aria-hidden='false' data-av_icon='\uf232' data-av_iconfont='entypo-fontello' title='' data-avia-related-tooltip='Compartir en Whatsapp' rel=\"noopener\"><span class='avia_hidden_link_text'>Compartir en Whatsapp<\/span><\/a><\/li><li class='av-share-link av-social-link-linkedin' ><a target=\"_blank\" aria-label=\"Compartir en LinkedIn\" href='https:\/\/linkedin.com\/shareArticle?mini=true&#038;title=Publican%20n%C3%B3minas%20de%20vocales%20de%20mesa%20para%20Elecciones%20Primarias%20Presidenciales&#038;url=https:\/\/radiorevelacionfm.cl\/?p=5681' aria-hidden='false' data-av_icon='\ue8fc' data-av_iconfont='entypo-fontello' title='' data-avia-related-tooltip='Compartir en LinkedIn' rel=\"noopener\"><span class='avia_hidden_link_text'>Compartir en LinkedIn<\/span><\/a><\/li><li class='av-share-link av-social-link-mail' ><a  aria-label=\"Compartir por correo\" href='mailto:?subject=Publican%20n%C3%B3minas%20de%20vocales%20de%20mesa%20para%20Elecciones%20Primarias%20Presidenciales&#038;body=https:\/\/radiorevelacionfm.cl\/?p=5681' aria-hidden='false' data-av_icon='\ue805' data-av_iconfont='entypo-fontello' title='' data-avia-related-tooltip='Compartir por correo'><span class='avia_hidden_link_text'>Compartir por correo<\/span><\/a><\/li><\/ul><\/div><\/div>\n<div  style='height:50px' class='hr hr-invisible   avia-builder-el-8  el_after_av_social_share  el_before_av_comments_list '><span class='hr-inner ' ><span class='hr-inner-style'><\/span><\/span><\/div>\n<div  class='av-buildercomment  av-blog-meta-html-info-disabled av-blog-meta-tag-disabled  '><\/div>\n","protected":false},"excerpt":{"rendered":"","protected":false},"author":1,"featured_media":4043,"comment_status":"open","ping_status":"open","sticky":false,"template":"","format":"standard","meta":{"footnotes":""},"categories":[35],"tags":[],"class_list":["post-5681","post","type-post","status-publish","format-standard","has-post-thumbnail","hentry","category-politica"],"jetpack_featured_media_url":"https:\/\/radiorevelacionfm.cl\/wp-content\/uploads\/2021\/05\/VOTACIONES-1-1.jpg","_links":{"self":[{"href":"https:\/\/radiorevelacionfm.cl\/index.php?rest_route=\/wp\/v2\/posts\/5681","targetHints":{"allow":["GET"]}}],"collection":[{"href":"https:\/\/radiorevelacionfm.cl\/index.php?rest_route=\/wp\/v2\/posts"}],"about":[{"href":"https:\/\/radiorevelacionfm.cl\/index.php?rest_route=\/wp\/v2\/types\/post"}],"author":[{"embeddable":true,"href":"https:\/\/radiorevelacionfm.cl\/index.php?rest_route=\/wp\/v2\/users\/1"}],"replies":[{"embeddable":true,"href":"https:\/\/radiorevelacionfm.cl\/index.php?rest_route=%2Fwp%2Fv2%2Fcomments&post=5681"}],"version-history":[{"count":1,"href":"https:\/\/radiorevelacionfm.cl\/index.php?rest_route=\/wp\/v2\/posts\/5681\/revisions"}],"predecessor-version":[{"id":5682,"href":"https:\/\/radiorevelacionfm.cl\/index.php?rest_route=\/wp\/v2\/posts\/5681\/revisions\/5682"}],"wp:featuredmedia":[{"embeddable":true,"href":"https:\/\/radiorevelacionfm.cl\/index.php?rest_route=\/wp\/v2\/media\/4043"}],"wp:attachment":[{"href":"https:\/\/radiorevelacionfm.cl\/index.php?rest_route=%2Fwp%2Fv2%2Fmedia&parent=5681"}],"wp:term":[{"taxonomy":"category","embeddable":true,"href":"https:\/\/radiorevelacionfm.cl\/index.php?rest_route=%2Fwp%2Fv2%2Fcategories&post=5681"},{"taxonomy":"post_tag","embeddable":true,"href":"https:\/\/radiorevelacionfm.cl\/index.php?rest_route=%2Fwp%2Fv2%2Ftags&post=5681"}],"curies":[{"name":"wp","href":"https:\/\/api.w.org\/{rel}","templated":true}]}}