{"id":56808,"date":"2025-07-22T16:10:31","date_gmt":"2025-07-22T19:10:31","guid":{"rendered":"https:\/\/radiorevelacionfm.cl\/?p=56808"},"modified":"2025-07-22T16:10:31","modified_gmt":"2025-07-22T19:10:31","slug":"en-cochrane-refuerzan-monitoreo-ante-emergencia-por-lluvias-y-llaman-a-mayor-accion-de-servicios-sectoriales-en-zonas-rurales","status":"publish","type":"post","link":"https:\/\/radiorevelacionfm.cl\/?p=56808","title":{"rendered":"En Cochrane refuerzan monitoreo ante emergencia por lluvias y llaman a mayor acci\u00f3n de servicios sectoriales en zonas rurales"},"content":{"rendered":"<div class=\"flex_column av_one_full  flex_column_div av-zero-column-padding first  avia-builder-el-0  el_before_av_one_full  avia-builder-el-first  \" style='border-radius:0px; '><div  class='avia-image-container  av-styling-    avia-builder-el-1  avia-builder-el-no-sibling  avia-align-center '  itemprop=\"image\" itemscope=\"itemscope\" itemtype=\"https:\/\/schema.org\/ImageObject\"  ><div class='avia-image-container-inner'><div class='avia-image-overlay-wrap'><img decoding=\"async\" class='wp-image-56809 avia-img-lazy-loading-not-56809 avia_image' src=\"https:\/\/radiorevelacionfm.cl\/wp-content\/uploads\/2025\/07\/visita-pobladores-sec_optimized.-rurales-7-1-1.jpg\" alt='' title='visita-pobladores-sec_optimized.-rurales-(7)-(1) (1)' height=\"600\" width=\"900\"  itemprop=\"thumbnailUrl\" srcset=\"https:\/\/radiorevelacionfm.cl\/wp-content\/uploads\/2025\/07\/visita-pobladores-sec_optimized.-rurales-7-1-1.jpg 900w, https:\/\/radiorevelacionfm.cl\/wp-content\/uploads\/2025\/07\/visita-pobladores-sec_optimized.-rurales-7-1-1-300x200.jpg 300w, https:\/\/radiorevelacionfm.cl\/wp-content\/uploads\/2025\/07\/visita-pobladores-sec_optimized.-rurales-7-1-1-768x512.jpg 768w, https:\/\/radiorevelacionfm.cl\/wp-content\/uploads\/2025\/07\/visita-pobladores-sec_optimized.-rurales-7-1-1-705x470.jpg 705w, https:\/\/radiorevelacionfm.cl\/wp-content\/uploads\/2025\/07\/visita-pobladores-sec_optimized.-rurales-7-1-1-450x300.jpg 450w, https:\/\/radiorevelacionfm.cl\/wp-content\/uploads\/2025\/07\/visita-pobladores-sec_optimized.-rurales-7-1-1-600x400.jpg 600w\" sizes=\"(max-width: 900px) 100vw, 900px\" \/><\/div><\/div><\/div><\/div><div class=\"flex_column av_one_full  flex_column_div av-zero-column-padding first  avia-builder-el-2  el_after_av_one_full  el_before_av_one_full  column-top-margin\" style='border-radius:0px; '><section class=\"av_textblock_section \"  itemscope=\"itemscope\" itemtype=\"https:\/\/schema.org\/BlogPosting\" itemprop=\"blogPost\" ><div class='avia_textblock  '   itemprop=\"text\" ><p style=\"text-align: center;\"><strong><span style=\"font-size: 18pt;\">En Cochrane refuerzan monitoreo ante emergencia por lluvias y llaman a mayor acci\u00f3n de servicios sectoriales en zonas rurales<\/span><\/strong><\/p>\n<div id=\"gtx-trans\" style=\"position: absolute; left: -50px; top: 4.31534px;\">\n<div class=\"gtx-trans-icon\"><\/div>\n<\/div>\n<\/div><\/section><\/div><div class=\"flex_column av_one_full  flex_column_div av-zero-column-padding first  avia-builder-el-4  el_after_av_one_full  el_before_av_hr  column-top-margin\" style='border-radius:0px; '><section class=\"av_textblock_section \"  itemscope=\"itemscope\" itemtype=\"https:\/\/schema.org\/BlogPosting\" itemprop=\"blogPost\" ><div class='avia_textblock  '   itemprop=\"text\" ><p style=\"text-align: justify;\">Frente a las intensas precipitaciones que han afectado a la comuna de Cochrane y la regi\u00f3n de Ays\u00e9n, la Ilustre Municipalidad de Cochrane ha desplegado un plan de monitoreo y respuesta, especialmente en sectores urbanos con riesgo de inundaci\u00f3n y en zonas rurales de dif\u00edcil acceso, donde los equipos han desarrollado y contin\u00faan desarrollando intervenciones directas para proteger a los vecinos y mitigar las afectaciones.<\/p>\n<p style=\"text-align: justify;\">El municipio, a trav\u00e9s de su Departamento de Obras, Oficina Rural y PRODESAL local, han abordado diversas situaciones en el territorio, como el monitoreo diario del Arroyo Tamanguito, la evacuaci\u00f3n de agua en viviendas de las calles Los Chilcos, Chacabuco con Steffens y Mirador con Juan Bosco, adem\u00e1s de trabajos de drenaje, limpieza de colectores y apoyo con motobombas y sacos de arena para contenci\u00f3n en sectores cr\u00edticos como la Poblaci\u00f3n Esmeralda.<\/p>\n<p style=\"text-align: justify;\">Asimismo, se registraron afectaciones en viviendas del Pasaje Millacura, el camino al vertedero ruta X-888 y la calle Chacabuco (sector jard\u00edn), las cuales han sido atendidas o se encuentran en evaluaci\u00f3n por parte de los equipos municipales.<\/p>\n<p style=\"text-align: justify;\">En paralelo, y mediante el programa PRODESAL que se encuentra inserto en el Municipio bajo convenio, se han levantado dos casos de afectaci\u00f3n a infraestructura predial en sectores rurales. Se trata de usuarios con camino intrapredial anegado en el predio \u00abLas Trincheras\u00bb, y otro usuario donde la huerta, invernadero y galp\u00f3n resultaron inundados por el desborde de un arroyo.<\/p>\n<p style=\"text-align: justify;\">Pese a este despliegue local, no se ha registrado una presencia efectiva de los servicios del Ministerio de Agricultura en la comuna.<\/p>\n<p style=\"text-align: justify;\">Ante esto, el\u00a0alcalde de Cochrane, Patricio Ulloa Georgia, valor\u00f3 el compromiso de los equipos municipales y manifest\u00f3 su preocupaci\u00f3n por la falta de coordinaci\u00f3n desde las autoridades regionales de Agricultura: \u00abComo municipio estamos haciendo todos los esfuerzos para llegar a cada rinc\u00f3n de nuestra comuna, sobre todo a los m\u00e1s alejados. Pero este tipo de emergencias requiere de un trabajo colaborativo real. Esperamos que el Ministerio de Agricultura y sus servicios activen sus protocolos y est\u00e9n en terreno, junto a nuestros productores, ganaderos y familias que necesitan ayuda concreta. No basta con esperar notificaciones formales, es urgente anticiparse a nuevas afectaciones. Adem\u00e1s, es fundamental reconocer la labor que se realiza desde los territorios y que se hagan presentes en nuestra comuna. No porque Cochrane quede lejos de la capital regional vamos a ser invisibilizados. Hasta ahora, no ha habido ni siquiera un llamado telef\u00f3nico\u00bb, se\u00f1al\u00f3 el jefe comunal.<\/p>\n<p style=\"text-align: justify;\">La Municipalidad de Cochrane continuar\u00e1 con su monitoreo activo en sectores urbanos y rurales, adem\u00e1s de continuar con la comunicaci\u00f3n v\u00eda radio HF con los lugares sin conectividad, y reiterando la necesidad de una coordinaci\u00f3n efectiva entre los distintos niveles del Estado ante emergencias como esta.<\/p>\n<\/div><\/section><\/div><div  style='height:50px' class='hr hr-invisible   avia-builder-el-6  el_after_av_one_full  el_before_av_social_share '><span class='hr-inner ' ><span class='hr-inner-style'><\/span><\/span><\/div><\/p>\n<div  class='av-social-sharing-box  avia-builder-el-7  el_after_av_hr  el_before_av_hr  '><div class='av-share-box'><h5 class='av-share-link-description av-no-toc '>Compartir esta noticia<\/h5><ul class='av-share-box-list noLightbox'><li class='av-share-link av-social-link-facebook' ><a target=\"_blank\" aria-label=\"Compartir en Facebook\" href='https:\/\/www.facebook.com\/sharer.php?u=https:\/\/radiorevelacionfm.cl\/?p=56808&#038;t=En%20Cochrane%20refuerzan%20monitoreo%20ante%20emergencia%20por%20lluvias%20y%20llaman%20a%20mayor%20acci%C3%B3n%20de%20servicios%20sectoriales%20en%20zonas%20rurales' aria-hidden='false' data-av_icon='\ue8f3' data-av_iconfont='entypo-fontello' title='' data-avia-related-tooltip='Compartir en Facebook' rel=\"noopener\"><span class='avia_hidden_link_text'>Compartir en Facebook<\/span><\/a><\/li><li class='av-share-link av-social-link-twitter' ><a target=\"_blank\" aria-label=\"Compartir en Twitter\" href='https:\/\/twitter.com\/share?text=En%20Cochrane%20refuerzan%20monitoreo%20ante%20emergencia%20por%20lluvias%20y%20llaman%20a%20mayor%20acci%C3%B3n%20de%20servicios%20sectoriales%20en%20zonas%20rurales&#038;url=https:\/\/radiorevelacionfm.cl\/?p=56808' aria-hidden='false' data-av_icon='\ue8f1' data-av_iconfont='entypo-fontello' title='' data-avia-related-tooltip='Compartir en Twitter' rel=\"noopener\"><span class='avia_hidden_link_text'>Compartir en Twitter<\/span><\/a><\/li><li class='av-share-link av-social-link-whatsapp' ><a target=\"_blank\" aria-label=\"Compartir en Whatsapp\" href='https:\/\/api.whatsapp.com\/send?text=https:\/\/radiorevelacionfm.cl\/?p=56808' aria-hidden='false' data-av_icon='\uf232' data-av_iconfont='entypo-fontello' title='' data-avia-related-tooltip='Compartir en Whatsapp' rel=\"noopener\"><span class='avia_hidden_link_text'>Compartir en Whatsapp<\/span><\/a><\/li><li class='av-share-link av-social-link-linkedin' ><a target=\"_blank\" aria-label=\"Compartir en LinkedIn\" href='https:\/\/linkedin.com\/shareArticle?mini=true&#038;title=En%20Cochrane%20refuerzan%20monitoreo%20ante%20emergencia%20por%20lluvias%20y%20llaman%20a%20mayor%20acci%C3%B3n%20de%20servicios%20sectoriales%20en%20zonas%20rurales&#038;url=https:\/\/radiorevelacionfm.cl\/?p=56808' aria-hidden='false' data-av_icon='\ue8fc' data-av_iconfont='entypo-fontello' title='' data-avia-related-tooltip='Compartir en LinkedIn' rel=\"noopener\"><span class='avia_hidden_link_text'>Compartir en LinkedIn<\/span><\/a><\/li><li class='av-share-link av-social-link-mail' ><a  aria-label=\"Compartir por correo\" href='mailto:?subject=En%20Cochrane%20refuerzan%20monitoreo%20ante%20emergencia%20por%20lluvias%20y%20llaman%20a%20mayor%20acci%C3%B3n%20de%20servicios%20sectoriales%20en%20zonas%20rurales&#038;body=https:\/\/radiorevelacionfm.cl\/?p=56808' aria-hidden='false' data-av_icon='\ue805' data-av_iconfont='entypo-fontello' title='' data-avia-related-tooltip='Compartir por correo'><span class='avia_hidden_link_text'>Compartir por correo<\/span><\/a><\/li><\/ul><\/div><\/div>\n<div  style='height:50px' class='hr hr-invisible   avia-builder-el-8  el_after_av_social_share  el_before_av_comments_list '><span class='hr-inner ' ><span class='hr-inner-style'><\/span><\/span><\/div>\n<div  class='av-buildercomment  av-blog-meta-html-info-disabled av-blog-meta-tag-disabled  '><\/div>\n","protected":false},"excerpt":{"rendered":"","protected":false},"author":1,"featured_media":56809,"comment_status":"closed","ping_status":"closed","sticky":false,"template":"","format":"standard","meta":{"footnotes":""},"categories":[38],"tags":[],"class_list":["post-56808","post","type-post","status-publish","format-standard","has-post-thumbnail","hentry","category-regional"],"jetpack_featured_media_url":"https:\/\/radiorevelacionfm.cl\/wp-content\/uploads\/2025\/07\/visita-pobladores-sec_optimized.-rurales-7-1-1.jpg","_links":{"self":[{"href":"https:\/\/radiorevelacionfm.cl\/index.php?rest_route=\/wp\/v2\/posts\/56808","targetHints":{"allow":["GET"]}}],"collection":[{"href":"https:\/\/radiorevelacionfm.cl\/index.php?rest_route=\/wp\/v2\/posts"}],"about":[{"href":"https:\/\/radiorevelacionfm.cl\/index.php?rest_route=\/wp\/v2\/types\/post"}],"author":[{"embeddable":true,"href":"https:\/\/radiorevelacionfm.cl\/index.php?rest_route=\/wp\/v2\/users\/1"}],"replies":[{"embeddable":true,"href":"https:\/\/radiorevelacionfm.cl\/index.php?rest_route=%2Fwp%2Fv2%2Fcomments&post=56808"}],"version-history":[{"count":2,"href":"https:\/\/radiorevelacionfm.cl\/index.php?rest_route=\/wp\/v2\/posts\/56808\/revisions"}],"predecessor-version":[{"id":56811,"href":"https:\/\/radiorevelacionfm.cl\/index.php?rest_route=\/wp\/v2\/posts\/56808\/revisions\/56811"}],"wp:featuredmedia":[{"embeddable":true,"href":"https:\/\/radiorevelacionfm.cl\/index.php?rest_route=\/wp\/v2\/media\/56809"}],"wp:attachment":[{"href":"https:\/\/radiorevelacionfm.cl\/index.php?rest_route=%2Fwp%2Fv2%2Fmedia&parent=56808"}],"wp:term":[{"taxonomy":"category","embeddable":true,"href":"https:\/\/radiorevelacionfm.cl\/index.php?rest_route=%2Fwp%2Fv2%2Fcategories&post=56808"},{"taxonomy":"post_tag","embeddable":true,"href":"https:\/\/radiorevelacionfm.cl\/index.php?rest_route=%2Fwp%2Fv2%2Ftags&post=56808"}],"curies":[{"name":"wp","href":"https:\/\/api.w.org\/{rel}","templated":true}]}}