{"id":56800,"date":"2025-07-22T15:01:38","date_gmt":"2025-07-22T18:01:38","guid":{"rendered":"https:\/\/radiorevelacionfm.cl\/?p=56800"},"modified":"2025-07-22T15:01:38","modified_gmt":"2025-07-22T18:01:38","slug":"conaf-aysen-invita-a-ninos-y-ninas-a-jornada-ambiental-en-el-vivero-forestal-mallin","status":"publish","type":"post","link":"https:\/\/radiorevelacionfm.cl\/?p=56800","title":{"rendered":"CONAF Ays\u00e9n invita a ni\u00f1os y ni\u00f1as a jornada ambiental en el Vivero Forestal Mall\u00edn"},"content":{"rendered":"<div class=\"flex_column av_one_full  flex_column_div av-zero-column-padding first  avia-builder-el-0  el_before_av_one_full  avia-builder-el-first  \" style='border-radius:0px; '><div  class='avia-image-container  av-styling-    avia-builder-el-1  avia-builder-el-no-sibling  avia-align-center '  itemprop=\"image\" itemscope=\"itemscope\" itemtype=\"https:\/\/schema.org\/ImageObject\"  ><div class='avia-image-container-inner'><div class='avia-image-overlay-wrap'><img decoding=\"async\" class='wp-image-56801 avia-img-lazy-loading-not-56801 avia_image' src=\"https:\/\/radiorevelacionfm.cl\/wp-content\/uploads\/2025\/07\/Vivero-2-1-1.jpg\" alt='' title='Vivero 2 (1) (1)' height=\"600\" width=\"797\"  itemprop=\"thumbnailUrl\" srcset=\"https:\/\/radiorevelacionfm.cl\/wp-content\/uploads\/2025\/07\/Vivero-2-1-1.jpg 797w, https:\/\/radiorevelacionfm.cl\/wp-content\/uploads\/2025\/07\/Vivero-2-1-1-300x226.jpg 300w, https:\/\/radiorevelacionfm.cl\/wp-content\/uploads\/2025\/07\/Vivero-2-1-1-768x578.jpg 768w, https:\/\/radiorevelacionfm.cl\/wp-content\/uploads\/2025\/07\/Vivero-2-1-1-705x531.jpg 705w, https:\/\/radiorevelacionfm.cl\/wp-content\/uploads\/2025\/07\/Vivero-2-1-1-450x339.jpg 450w, https:\/\/radiorevelacionfm.cl\/wp-content\/uploads\/2025\/07\/Vivero-2-1-1-600x452.jpg 600w\" sizes=\"(max-width: 797px) 100vw, 797px\" \/><\/div><\/div><\/div><\/div><div class=\"flex_column av_one_full  flex_column_div av-zero-column-padding first  avia-builder-el-2  el_after_av_one_full  el_before_av_one_full  column-top-margin\" style='border-radius:0px; '><section class=\"av_textblock_section \"  itemscope=\"itemscope\" itemtype=\"https:\/\/schema.org\/BlogPosting\" itemprop=\"blogPost\" ><div class='avia_textblock  '   itemprop=\"text\" ><p style=\"text-align: center;\"><strong><span style=\"font-size: 18pt;\">CONAF Ays\u00e9n invita a ni\u00f1os y ni\u00f1as a jornada ambiental en el Vivero Forestal Mall\u00edn<\/span><\/strong><\/p>\n<div id=\"gtx-trans\" style=\"position: absolute; left: -50px; top: 4.31534px;\">\n<div class=\"gtx-trans-icon\"><\/div>\n<\/div>\n<\/div><\/section><\/div><div class=\"flex_column av_one_full  flex_column_div av-zero-column-padding first  avia-builder-el-4  el_after_av_one_full  el_before_av_hr  column-top-margin\" style='border-radius:0px; '><section class=\"av_textblock_section \"  itemscope=\"itemscope\" itemtype=\"https:\/\/schema.org\/BlogPosting\" itemprop=\"blogPost\" ><div class='avia_textblock  '   itemprop=\"text\" ><p style=\"text-align: justify;\">En el marco de las vacaciones de invierno escolares, la Corporaci\u00f3n Nacional Forestal (CONAF) Regi\u00f3n de Ays\u00e9n desarrollar\u00e1 una jornada especial de educaci\u00f3n ambiental dirigida a ni\u00f1os y ni\u00f1as de entre 7 y 11 a\u00f1os, con el objetivo de acercarlos al mundo de las plantas, el bosque nativo y el cuidado del entorno natural.<\/p>\n<p style=\"text-align: justify;\">La actividad se realizar\u00e1 en el Vivero Forestal Mall\u00edn, ubicado en el sector donde se encuentran las oficinas regionales de CONAF, y contempla un recorrido por distintas estaciones did\u00e1cticas. Los ni\u00f1os y ni\u00f1as podr\u00e1n visitar el laboratorio de semillas, los invernaderos y conocer especies nativas, adem\u00e1s de aprender sobre la importancia de los ecosistemas forestales y su conservaci\u00f3n.<\/p>\n<p style=\"text-align: justify;\">\u201cQueremos que los m\u00e1s peque\u00f1os vivan una experiencia educativa, pr\u00e1ctica y cercana a la naturaleza. Que puedan tocar, observar, descubrir y entender el valor de nuestros bosques y el rol que todos podemos jugar en su cuidado\u201d, destac\u00f3 <strong>Gabriela G\u00f3mez, jefa provincial de CONAF Ays\u00e9n<\/strong>.<\/p>\n<p style=\"text-align: justify;\">Desde CONAF se hace un llamado a las familias de la comunidad regional a inscribir a sus hijos e hijas con anticipaci\u00f3n, ya que los cupos son limitados. La actividad es gratuita y contar\u00e1 con monitores especializados.<\/p>\n<p style=\"text-align: justify;\">Para m\u00e1s informaci\u00f3n e inscripciones, pueden comunicarse directamente con las oficinas de CONAF (mail: laura.mera@conaf.cl \u2013 tel\u00e9fono: 67 2 336999) o visitar los canales oficiales de la instituci\u00f3n.<\/p>\n<\/div><\/section><\/div><div  style='height:50px' class='hr hr-invisible   avia-builder-el-6  el_after_av_one_full  el_before_av_social_share '><span class='hr-inner ' ><span class='hr-inner-style'><\/span><\/span><\/div><\/p>\n<div  class='av-social-sharing-box  avia-builder-el-7  el_after_av_hr  el_before_av_hr  '><div class='av-share-box'><h5 class='av-share-link-description av-no-toc '>Compartir esta noticia<\/h5><ul class='av-share-box-list noLightbox'><li class='av-share-link av-social-link-facebook' ><a target=\"_blank\" aria-label=\"Compartir en Facebook\" href='https:\/\/www.facebook.com\/sharer.php?u=https:\/\/radiorevelacionfm.cl\/?p=56800&#038;t=CONAF%20Ays%C3%A9n%20invita%20a%20ni%C3%B1os%20y%20ni%C3%B1as%20a%20jornada%20ambiental%20en%20el%20Vivero%20Forestal%20Mall%C3%ADn' aria-hidden='false' data-av_icon='\ue8f3' data-av_iconfont='entypo-fontello' title='' data-avia-related-tooltip='Compartir en Facebook' rel=\"noopener\"><span class='avia_hidden_link_text'>Compartir en Facebook<\/span><\/a><\/li><li class='av-share-link av-social-link-twitter' ><a target=\"_blank\" aria-label=\"Compartir en Twitter\" href='https:\/\/twitter.com\/share?text=CONAF%20Ays%C3%A9n%20invita%20a%20ni%C3%B1os%20y%20ni%C3%B1as%20a%20jornada%20ambiental%20en%20el%20Vivero%20Forestal%20Mall%C3%ADn&#038;url=https:\/\/radiorevelacionfm.cl\/?p=56800' aria-hidden='false' data-av_icon='\ue8f1' data-av_iconfont='entypo-fontello' title='' data-avia-related-tooltip='Compartir en Twitter' rel=\"noopener\"><span class='avia_hidden_link_text'>Compartir en Twitter<\/span><\/a><\/li><li class='av-share-link av-social-link-whatsapp' ><a target=\"_blank\" aria-label=\"Compartir en Whatsapp\" href='https:\/\/api.whatsapp.com\/send?text=https:\/\/radiorevelacionfm.cl\/?p=56800' aria-hidden='false' data-av_icon='\uf232' data-av_iconfont='entypo-fontello' title='' data-avia-related-tooltip='Compartir en Whatsapp' rel=\"noopener\"><span class='avia_hidden_link_text'>Compartir en Whatsapp<\/span><\/a><\/li><li class='av-share-link av-social-link-linkedin' ><a target=\"_blank\" aria-label=\"Compartir en LinkedIn\" href='https:\/\/linkedin.com\/shareArticle?mini=true&#038;title=CONAF%20Ays%C3%A9n%20invita%20a%20ni%C3%B1os%20y%20ni%C3%B1as%20a%20jornada%20ambiental%20en%20el%20Vivero%20Forestal%20Mall%C3%ADn&#038;url=https:\/\/radiorevelacionfm.cl\/?p=56800' aria-hidden='false' data-av_icon='\ue8fc' data-av_iconfont='entypo-fontello' title='' data-avia-related-tooltip='Compartir en LinkedIn' rel=\"noopener\"><span class='avia_hidden_link_text'>Compartir en LinkedIn<\/span><\/a><\/li><li class='av-share-link av-social-link-mail' ><a  aria-label=\"Compartir por correo\" href='mailto:?subject=CONAF%20Ays%C3%A9n%20invita%20a%20ni%C3%B1os%20y%20ni%C3%B1as%20a%20jornada%20ambiental%20en%20el%20Vivero%20Forestal%20Mall%C3%ADn&#038;body=https:\/\/radiorevelacionfm.cl\/?p=56800' aria-hidden='false' data-av_icon='\ue805' data-av_iconfont='entypo-fontello' title='' data-avia-related-tooltip='Compartir por correo'><span class='avia_hidden_link_text'>Compartir por correo<\/span><\/a><\/li><\/ul><\/div><\/div>\n<div  style='height:50px' class='hr hr-invisible   avia-builder-el-8  el_after_av_social_share  el_before_av_comments_list '><span class='hr-inner ' ><span class='hr-inner-style'><\/span><\/span><\/div>\n<div  class='av-buildercomment  av-blog-meta-html-info-disabled av-blog-meta-tag-disabled  '><\/div>\n","protected":false},"excerpt":{"rendered":"","protected":false},"author":1,"featured_media":56801,"comment_status":"closed","ping_status":"closed","sticky":false,"template":"","format":"standard","meta":{"footnotes":""},"categories":[38],"tags":[],"class_list":["post-56800","post","type-post","status-publish","format-standard","has-post-thumbnail","hentry","category-regional"],"jetpack_featured_media_url":"https:\/\/radiorevelacionfm.cl\/wp-content\/uploads\/2025\/07\/Vivero-2-1-1.jpg","_links":{"self":[{"href":"https:\/\/radiorevelacionfm.cl\/index.php?rest_route=\/wp\/v2\/posts\/56800","targetHints":{"allow":["GET"]}}],"collection":[{"href":"https:\/\/radiorevelacionfm.cl\/index.php?rest_route=\/wp\/v2\/posts"}],"about":[{"href":"https:\/\/radiorevelacionfm.cl\/index.php?rest_route=\/wp\/v2\/types\/post"}],"author":[{"embeddable":true,"href":"https:\/\/radiorevelacionfm.cl\/index.php?rest_route=\/wp\/v2\/users\/1"}],"replies":[{"embeddable":true,"href":"https:\/\/radiorevelacionfm.cl\/index.php?rest_route=%2Fwp%2Fv2%2Fcomments&post=56800"}],"version-history":[{"count":2,"href":"https:\/\/radiorevelacionfm.cl\/index.php?rest_route=\/wp\/v2\/posts\/56800\/revisions"}],"predecessor-version":[{"id":56803,"href":"https:\/\/radiorevelacionfm.cl\/index.php?rest_route=\/wp\/v2\/posts\/56800\/revisions\/56803"}],"wp:featuredmedia":[{"embeddable":true,"href":"https:\/\/radiorevelacionfm.cl\/index.php?rest_route=\/wp\/v2\/media\/56801"}],"wp:attachment":[{"href":"https:\/\/radiorevelacionfm.cl\/index.php?rest_route=%2Fwp%2Fv2%2Fmedia&parent=56800"}],"wp:term":[{"taxonomy":"category","embeddable":true,"href":"https:\/\/radiorevelacionfm.cl\/index.php?rest_route=%2Fwp%2Fv2%2Fcategories&post=56800"},{"taxonomy":"post_tag","embeddable":true,"href":"https:\/\/radiorevelacionfm.cl\/index.php?rest_route=%2Fwp%2Fv2%2Ftags&post=56800"}],"curies":[{"name":"wp","href":"https:\/\/api.w.org\/{rel}","templated":true}]}}