{"id":56797,"date":"2025-07-22T13:13:57","date_gmt":"2025-07-22T16:13:57","guid":{"rendered":"https:\/\/radiorevelacionfm.cl\/?p=56797"},"modified":"2025-07-22T13:13:57","modified_gmt":"2025-07-22T16:13:57","slug":"violencia-de-genero-en-puerto-aysen-condenan-a-imputado-a-6-anos-de-carcel-por-femicidio-tentado","status":"publish","type":"post","link":"https:\/\/radiorevelacionfm.cl\/?p=56797","title":{"rendered":"Violencia de g\u00e9nero en Puerto Ays\u00e9n: Condenan a imputado a 6 a\u00f1os de c\u00e1rcel por femicidio tentado"},"content":{"rendered":"<div class=\"flex_column av_one_full  flex_column_div av-zero-column-padding first  avia-builder-el-0  el_before_av_one_full  avia-builder-el-first  \" style='border-radius:0px; '><div  class='avia-image-container  av-styling-    avia-builder-el-1  avia-builder-el-no-sibling  avia-align-center '  itemprop=\"image\" itemscope=\"itemscope\" itemtype=\"https:\/\/schema.org\/ImageObject\"  ><div class='avia-image-container-inner'><div class='avia-image-overlay-wrap'><img decoding=\"async\" class='wp-image-43166 avia-img-lazy-loading-not-43166 avia_image' src=\"https:\/\/radiorevelacionfm.cl\/wp-content\/uploads\/2024\/06\/Pedro_Poblete_2014-1-1.jpg\" alt='' title='Pedro_Poblete_2014 (1) (1)' height=\"600\" width=\"900\"  itemprop=\"thumbnailUrl\" srcset=\"https:\/\/radiorevelacionfm.cl\/wp-content\/uploads\/2024\/06\/Pedro_Poblete_2014-1-1.jpg 900w, https:\/\/radiorevelacionfm.cl\/wp-content\/uploads\/2024\/06\/Pedro_Poblete_2014-1-1-300x200.jpg 300w, https:\/\/radiorevelacionfm.cl\/wp-content\/uploads\/2024\/06\/Pedro_Poblete_2014-1-1-768x512.jpg 768w, https:\/\/radiorevelacionfm.cl\/wp-content\/uploads\/2024\/06\/Pedro_Poblete_2014-1-1-705x470.jpg 705w, https:\/\/radiorevelacionfm.cl\/wp-content\/uploads\/2024\/06\/Pedro_Poblete_2014-1-1-450x300.jpg 450w, https:\/\/radiorevelacionfm.cl\/wp-content\/uploads\/2024\/06\/Pedro_Poblete_2014-1-1-600x400.jpg 600w\" sizes=\"(max-width: 900px) 100vw, 900px\" \/><\/div><\/div><\/div><\/div><div class=\"flex_column av_one_full  flex_column_div av-zero-column-padding first  avia-builder-el-2  el_after_av_one_full  el_before_av_one_full  column-top-margin\" style='border-radius:0px; '><section class=\"av_textblock_section \"  itemscope=\"itemscope\" itemtype=\"https:\/\/schema.org\/BlogPosting\" itemprop=\"blogPost\" ><div class='avia_textblock  '   itemprop=\"text\" ><p style=\"text-align: center;\"><span style=\"font-size: 18pt;\"><b><span lang=\"ES\">Violencia de g\u00e9nero en Puerto Ays\u00e9n: Condenan a imputado a 6 a\u00f1os de c\u00e1rcel por femicidio tentado<\/span><\/b><\/span><\/p>\n<div id=\"gtx-trans\" style=\"position: absolute; left: -50px; top: 4.31534px;\">\n<div class=\"gtx-trans-icon\"><\/div>\n<\/div>\n<\/div><\/section><\/div><div class=\"flex_column av_one_full  flex_column_div av-zero-column-padding first  avia-builder-el-4  el_after_av_one_full  el_before_av_hr  column-top-margin\" style='border-radius:0px; '><section class=\"av_textblock_section \"  itemscope=\"itemscope\" itemtype=\"https:\/\/schema.org\/BlogPosting\" itemprop=\"blogPost\" ><div class='avia_textblock  '   itemprop=\"text\" ><p class=\"v1MsoNormal\" style=\"text-align: justify;\"><span lang=\"ES\">Caso fue investigado por Carabineros y pericias del SML.<\/span><\/p>\n<p class=\"v1MsoNormal\" style=\"text-align: justify;\"><span lang=\"ES\">Delito afect\u00f3 a su exconviviente el 08 de noviembre de 2024.<\/span><\/p>\n<p class=\"v1MsoNormal\" style=\"text-align: justify;\"><span lang=\"ES\">Por unanimidad, el Tribunal de Juicio Oral en Lo Penal resolvi\u00f3 condenar a un imputado de 39 a\u00f1os, como autor del delito de femicidio \u00edntimo en grado de tentativa, delito que afect\u00f3 a su exconviviente el 08 de noviembre de 2024, en la comuna de Ays\u00e9n.<\/span><\/p>\n<p class=\"v1MsoNormal\" style=\"text-align: justify;\"><span lang=\"ES\">Luego de deliberar, analizar las pruebas rendidas y las alegaciones de los intervinientes, los jueces condenaron al imputado a la pena de seis a\u00f1os de presidio mayor en su grado m\u00ednimo, los cuales deber\u00e1 cumplir en la c\u00e1rcel.<\/span><\/p>\n<p class=\"v1MsoNormal\" style=\"text-align: justify;\"><span lang=\"ES\">Al juicio concurri\u00f3 el fiscal jefe de Ays\u00e9n-Cisnes, Pedro Poblete Viejo, quien -entre otros- expuso las diligencias investigativas efectuadas en este caso por personal de Carabineros de la Segunda Comisar\u00eda y el informe psico-social y de lesiones realizado por peritos del Servicio M\u00e9dico Legal.<\/span><\/p>\n<p class=\"v1MsoNormal\" style=\"text-align: justify;\"><span lang=\"ES\">HECHOS\u00a0\u00a0\u00a0\u00a0\u00a0\u00a0\u00a0\u00a0\u00a0\u00a0\u00a0\u00a0\u00a0\u00a0\u00a0\u00a0\u00a0\u00a0\u00a0\u00a0\u00a0\u00a0\u00a0\u00a0\u00a0\u00a0\u00a0\u00a0\u00a0\u00a0\u00a0\u00a0\u00a0\u00a0\u00a0\u00a0\u00a0\u00a0\u00a0\u00a0\u00a0\u00a0\u00a0\u00a0\u00a0\u00a0\u00a0\u00a0\u00a0\u00a0\u00a0\u00a0\u00a0\u00a0\u00a0\u00a0\u00a0\u00a0\u00a0\u00a0\u00a0\u00a0\u00a0\u00a0\u00a0\u00a0\u00a0\u00a0\u00a0\u00a0\u00a0\u00a0\u00a0\u00a0\u00a0\u00a0\u00a0\u00a0\u00a0\u00a0\u00a0\u00a0\u00a0\u00a0\u00a0\u00a0\u00a0\u00a0\u00a0\u00a0\u00a0\u00a0\u00a0\u00a0\u00a0\u00a0\u00a0\u00a0\u00a0\u00a0\u00a0\u00a0\u00a0\u00a0\u00a0\u00a0\u00a0\u00a0\u00a0\u00a0\u00a0\u00a0\u00a0\u00a0\u00a0\u00a0\u00a0\u00a0\u00a0\u00a0\u00a0\u00a0\u00a0\u00a0\u00a0\u00a0\u00a0\u00a0\u00a0\u00a0\u00a0\u00a0\u00a0\u00a0\u00a0\u00a0\u00a0\u00a0\u00a0\u00a0\u00a0\u00a0\u00a0\u00a0\u00a0\u00a0\u00a0\u00a0\u00a0\u00a0\u00a0\u00a0\u00a0\u00a0\u00a0\u00a0\u00a0\u00a0\u00a0\u00a0\u00a0\u00a0\u00a0\u00a0\u00a0\u00a0\u00a0\u00a0\u00a0\u00a0\u00a0\u00a0<\/span><\/p>\n<p class=\"v1MsoNormal\" style=\"text-align: justify;\"><span lang=\"ES\">El delito de femicidio \u00edntimo en grado de tentativa ocurri\u00f3 el 8 de noviembre del a\u00f1o 2024 en Puerto Ays\u00e9n,\u00a0<\/span>alrededor de mediod\u00eda cuando el imputado se encontraba en una casa de Puerto Ays\u00e9n donde permanec\u00eda su exconviviente. En dicha ocasi\u00f3n, mantuvo una discusi\u00f3n con la v\u00edctima mientras la amenazaba con golpearla haciendo ademanes con sus manos.<\/p>\n<p class=\"v1MsoNormal\" style=\"text-align: justify;\">De acuerdo a la acusaci\u00f3n de la Fiscal\u00eda, el imputado fuera de control continu\u00f3 agrediendo a la v\u00edctima f\u00edsica y verbalmente, en presencia de dos hijos menores de edad, para luego abalanzarse sobre ella y forcejear.<\/p>\n<p class=\"v1MsoNormal\" style=\"text-align: justify;\">La v\u00edctima tom\u00f3 su tel\u00e9fono para pedir ayuda y llamar a Carabineros, lo cual fue impedido por el imputado quien logr\u00f3 arrebatar el celular, rompiendo su pantalla.<\/p>\n<p class=\"v1MsoNormal\" style=\"text-align: justify;\">Luego de ello, el imputado continu\u00f3 con la agresi\u00f3n a la v\u00edctima extrayendo desde sus vestimentas un arma blanca, una pieza de una tijera met\u00e1lica de 13,5 cent\u00edmetros de largo, con la cual amenaza e intimida a la v\u00edctima con la finalidad de matarla. En esta situaci\u00f3n, ella logr\u00f3 escapar, llegando hasta el lugar personal de Carabineros.<\/p>\n<p class=\"v1MsoNormal\" style=\"text-align: justify;\">Producto de la agresi\u00f3n, la v\u00edctima result\u00f3 con diversas lesiones compatibles con golpes, patadas, empujones y agresiones por un objeto cortopunzante, entre otros.<\/p>\n<p class=\"v1MsoNormal\" style=\"text-align: justify;\"><span lang=\"ES\">En este caso, la Unidad Regional de Atenci\u00f3n a V\u00edctimas y Testigos, Uravit, trabaj\u00f3 de forma coordinada con el SernamEG para apoyar a la v\u00edctima en las diligencias de investigaci\u00f3n, el proceso de reparaci\u00f3n de da\u00f1o y durante el juicio oral.<\/span><\/p>\n<p class=\"v1MsoNormal\" style=\"text-align: justify;\">La sentencia por femicidio \u00edntimo en grado de tentativa fue dictada por los jueces M\u00f3nica\u00a0Coloma, Rosal\u00eda Mansilla y Pablo Freire.<\/p>\n<\/div><\/section><\/div><div  style='height:50px' class='hr hr-invisible   avia-builder-el-6  el_after_av_one_full  el_before_av_social_share '><span class='hr-inner ' ><span class='hr-inner-style'><\/span><\/span><\/div><\/p>\n<div  class='av-social-sharing-box  avia-builder-el-7  el_after_av_hr  el_before_av_hr  '><div class='av-share-box'><h5 class='av-share-link-description av-no-toc '>Compartir esta noticia<\/h5><ul class='av-share-box-list noLightbox'><li class='av-share-link av-social-link-facebook' ><a target=\"_blank\" aria-label=\"Compartir en Facebook\" href='https:\/\/www.facebook.com\/sharer.php?u=https:\/\/radiorevelacionfm.cl\/?p=56797&#038;t=Violencia%20de%20g%C3%A9nero%20en%20Puerto%20Ays%C3%A9n%3A%20Condenan%20a%20imputado%20a%206%20a%C3%B1os%20de%20c%C3%A1rcel%20por%20femicidio%20tentado' aria-hidden='false' data-av_icon='\ue8f3' data-av_iconfont='entypo-fontello' title='' data-avia-related-tooltip='Compartir en Facebook' rel=\"noopener\"><span class='avia_hidden_link_text'>Compartir en Facebook<\/span><\/a><\/li><li class='av-share-link av-social-link-twitter' ><a target=\"_blank\" aria-label=\"Compartir en Twitter\" href='https:\/\/twitter.com\/share?text=Violencia%20de%20g%C3%A9nero%20en%20Puerto%20Ays%C3%A9n%3A%20Condenan%20a%20imputado%20a%206%20a%C3%B1os%20de%20c%C3%A1rcel%20por%20femicidio%20tentado&#038;url=https:\/\/radiorevelacionfm.cl\/?p=56797' aria-hidden='false' data-av_icon='\ue8f1' data-av_iconfont='entypo-fontello' title='' data-avia-related-tooltip='Compartir en Twitter' rel=\"noopener\"><span class='avia_hidden_link_text'>Compartir en Twitter<\/span><\/a><\/li><li class='av-share-link av-social-link-whatsapp' ><a target=\"_blank\" aria-label=\"Compartir en Whatsapp\" href='https:\/\/api.whatsapp.com\/send?text=https:\/\/radiorevelacionfm.cl\/?p=56797' aria-hidden='false' data-av_icon='\uf232' data-av_iconfont='entypo-fontello' title='' data-avia-related-tooltip='Compartir en Whatsapp' rel=\"noopener\"><span class='avia_hidden_link_text'>Compartir en Whatsapp<\/span><\/a><\/li><li class='av-share-link av-social-link-linkedin' ><a target=\"_blank\" aria-label=\"Compartir en LinkedIn\" href='https:\/\/linkedin.com\/shareArticle?mini=true&#038;title=Violencia%20de%20g%C3%A9nero%20en%20Puerto%20Ays%C3%A9n%3A%20Condenan%20a%20imputado%20a%206%20a%C3%B1os%20de%20c%C3%A1rcel%20por%20femicidio%20tentado&#038;url=https:\/\/radiorevelacionfm.cl\/?p=56797' aria-hidden='false' data-av_icon='\ue8fc' data-av_iconfont='entypo-fontello' title='' data-avia-related-tooltip='Compartir en LinkedIn' rel=\"noopener\"><span class='avia_hidden_link_text'>Compartir en LinkedIn<\/span><\/a><\/li><li class='av-share-link av-social-link-mail' ><a  aria-label=\"Compartir por correo\" href='mailto:?subject=Violencia%20de%20g%C3%A9nero%20en%20Puerto%20Ays%C3%A9n%3A%20Condenan%20a%20imputado%20a%206%20a%C3%B1os%20de%20c%C3%A1rcel%20por%20femicidio%20tentado&#038;body=https:\/\/radiorevelacionfm.cl\/?p=56797' aria-hidden='false' data-av_icon='\ue805' data-av_iconfont='entypo-fontello' title='' data-avia-related-tooltip='Compartir por correo'><span class='avia_hidden_link_text'>Compartir por correo<\/span><\/a><\/li><\/ul><\/div><\/div>\n<div  style='height:50px' class='hr hr-invisible   avia-builder-el-8  el_after_av_social_share  el_before_av_comments_list '><span class='hr-inner ' ><span class='hr-inner-style'><\/span><\/span><\/div>\n<div  class='av-buildercomment  av-blog-meta-html-info-disabled av-blog-meta-tag-disabled  '><\/div>\n","protected":false},"excerpt":{"rendered":"","protected":false},"author":1,"featured_media":43166,"comment_status":"closed","ping_status":"closed","sticky":false,"template":"","format":"standard","meta":{"footnotes":""},"categories":[55],"tags":[],"class_list":["post-56797","post","type-post","status-publish","format-standard","has-post-thumbnail","hentry","category-justicia"],"jetpack_featured_media_url":"https:\/\/radiorevelacionfm.cl\/wp-content\/uploads\/2024\/06\/Pedro_Poblete_2014-1-1.jpg","_links":{"self":[{"href":"https:\/\/radiorevelacionfm.cl\/index.php?rest_route=\/wp\/v2\/posts\/56797","targetHints":{"allow":["GET"]}}],"collection":[{"href":"https:\/\/radiorevelacionfm.cl\/index.php?rest_route=\/wp\/v2\/posts"}],"about":[{"href":"https:\/\/radiorevelacionfm.cl\/index.php?rest_route=\/wp\/v2\/types\/post"}],"author":[{"embeddable":true,"href":"https:\/\/radiorevelacionfm.cl\/index.php?rest_route=\/wp\/v2\/users\/1"}],"replies":[{"embeddable":true,"href":"https:\/\/radiorevelacionfm.cl\/index.php?rest_route=%2Fwp%2Fv2%2Fcomments&post=56797"}],"version-history":[{"count":2,"href":"https:\/\/radiorevelacionfm.cl\/index.php?rest_route=\/wp\/v2\/posts\/56797\/revisions"}],"predecessor-version":[{"id":56799,"href":"https:\/\/radiorevelacionfm.cl\/index.php?rest_route=\/wp\/v2\/posts\/56797\/revisions\/56799"}],"wp:featuredmedia":[{"embeddable":true,"href":"https:\/\/radiorevelacionfm.cl\/index.php?rest_route=\/wp\/v2\/media\/43166"}],"wp:attachment":[{"href":"https:\/\/radiorevelacionfm.cl\/index.php?rest_route=%2Fwp%2Fv2%2Fmedia&parent=56797"}],"wp:term":[{"taxonomy":"category","embeddable":true,"href":"https:\/\/radiorevelacionfm.cl\/index.php?rest_route=%2Fwp%2Fv2%2Fcategories&post=56797"},{"taxonomy":"post_tag","embeddable":true,"href":"https:\/\/radiorevelacionfm.cl\/index.php?rest_route=%2Fwp%2Fv2%2Ftags&post=56797"}],"curies":[{"name":"wp","href":"https:\/\/api.w.org\/{rel}","templated":true}]}}