{"id":56794,"date":"2025-07-22T15:46:29","date_gmt":"2025-07-22T18:46:29","guid":{"rendered":"https:\/\/radiorevelacionfm.cl\/?p=56794"},"modified":"2025-07-22T15:46:29","modified_gmt":"2025-07-22T18:46:29","slug":"hasta-el-miercoles-23-hay-plazo-para-inscribirse-para-rendir-la-paes-regular","status":"publish","type":"post","link":"https:\/\/radiorevelacionfm.cl\/?p=56794","title":{"rendered":"Hasta el mi\u00e9rcoles 23 hay plazo para inscribirse para rendir la PAES Regular"},"content":{"rendered":"<div class=\"flex_column av_one_full  flex_column_div av-zero-column-padding first  avia-builder-el-0  el_before_av_one_full  avia-builder-el-first  \" style='border-radius:0px; '><div  class='avia-image-container  av-styling-    avia-builder-el-1  avia-builder-el-no-sibling  avia-align-center '  itemprop=\"image\" itemscope=\"itemscope\" itemtype=\"https:\/\/schema.org\/ImageObject\"  ><div class='avia-image-container-inner'><div class='avia-image-overlay-wrap'><img decoding=\"async\" class='wp-image-56795 avia-img-lazy-loading-not-56795 avia_image' src=\"https:\/\/radiorevelacionfm.cl\/wp-content\/uploads\/2025\/07\/paes-regular-1_optimized-1.jpg\" alt='' title='paes-regular-(1)_optimized (1)' height=\"600\" width=\"900\"  itemprop=\"thumbnailUrl\" srcset=\"https:\/\/radiorevelacionfm.cl\/wp-content\/uploads\/2025\/07\/paes-regular-1_optimized-1.jpg 900w, https:\/\/radiorevelacionfm.cl\/wp-content\/uploads\/2025\/07\/paes-regular-1_optimized-1-300x200.jpg 300w, https:\/\/radiorevelacionfm.cl\/wp-content\/uploads\/2025\/07\/paes-regular-1_optimized-1-768x512.jpg 768w, https:\/\/radiorevelacionfm.cl\/wp-content\/uploads\/2025\/07\/paes-regular-1_optimized-1-705x470.jpg 705w, https:\/\/radiorevelacionfm.cl\/wp-content\/uploads\/2025\/07\/paes-regular-1_optimized-1-450x300.jpg 450w, https:\/\/radiorevelacionfm.cl\/wp-content\/uploads\/2025\/07\/paes-regular-1_optimized-1-600x400.jpg 600w\" sizes=\"(max-width: 900px) 100vw, 900px\" \/><\/div><\/div><\/div><\/div><div class=\"flex_column av_one_full  flex_column_div av-zero-column-padding first  avia-builder-el-2  el_after_av_one_full  el_before_av_one_full  column-top-margin\" style='border-radius:0px; '><section class=\"av_textblock_section \"  itemscope=\"itemscope\" itemtype=\"https:\/\/schema.org\/BlogPosting\" itemprop=\"blogPost\" ><div class='avia_textblock  '   itemprop=\"text\" ><p style=\"text-align: center;\"><span style=\"font-size: 18pt;\"><b>Hasta el mi\u00e9rcoles 23 hay plazo para inscribirse para rendir la PAES Regular\u00a0<\/b>\u00a0<\/span><\/p>\n<div id=\"gtx-trans\" style=\"position: absolute; left: -50px; top: 4.31534px;\">\n<div class=\"gtx-trans-icon\"><\/div>\n<\/div>\n<\/div><\/section><\/div><div class=\"flex_column av_one_full  flex_column_div av-zero-column-padding first  avia-builder-el-4  el_after_av_one_full  el_before_av_hr  column-top-margin\" style='border-radius:0px; '><section class=\"av_textblock_section \"  itemscope=\"itemscope\" itemtype=\"https:\/\/schema.org\/BlogPosting\" itemprop=\"blogPost\" ><div class='avia_textblock  '   itemprop=\"text\" ><p class=\"v1MsoNormal\" style=\"text-align: justify;\"><em>Las personas interesadas en rendir la PAES Regular pueden inscribirse en\u00a0<u><a href=\"https:\/\/demre.cl\/\" target=\"_blank\" rel=\"noopener noreferrer\">demre.cl<\/a><\/u>\u00a0y en\u00a0<u><a href=\"https:\/\/acceso.mineduc.cl\/\" target=\"_blank\" rel=\"noopener noreferrer\">acceso.mineduc.cl.<\/a><\/u>\u00a0\u00a0Las pruebas se aplicar\u00e1n el 1, 2 y 3 de diciembre de 2025. \u00a0<\/em><\/p>\n<p class=\"v1MsoNormal\" style=\"text-align: justify;\">Este\u00a0<b>mi\u00e9rcoles 23 de julio a las 13:00 horas<\/b>\u00a0finalizar\u00e1 el periodo de inscripci\u00f3n para rendir las pruebas que se aplicar\u00e1n el lunes 1, martes 2 y mi\u00e9rcoles 3 de diciembre de este a\u00f1o, en m\u00e1s de 200 sedes a lo largo de Chile.<\/p>\n<p class=\"v1MsoNormal\" style=\"text-align: justify;\">En la etapa de inscripci\u00f3n, que inici\u00f3 el pasado 2 de junio, pueden participar todas y todos quienes est\u00e9n cursando 4\u00ba medio y quienes hayan egresado de ense\u00f1anza media el a\u00f1o pasado o en a\u00f1os anteriores. Para hacerlo, deben ingresar al portal disponible en\u00a0<u><a href=\"https:\/\/demre.cl\/\" target=\"_blank\" rel=\"noopener noreferrer\">demre.cl<\/a><\/u>\u00a0y en\u00a0<u><a href=\"https:\/\/acceso.mineduc.cl\/\" target=\"_blank\" rel=\"noopener noreferrer\">acceso.mineduc.cl<\/a><\/u>, completar el formulario y descargar su tarjeta de identificaci\u00f3n.<\/p>\n<p class=\"v1MsoNormal\" style=\"text-align: justify;\">V\u00edctor Orellana, subsecretario de Educaci\u00f3n Superior, invit\u00f3 a las personas que deseen rendir la PAES a no dejar la inscripci\u00f3n para \u00faltima hora: \u00abes importante que todas y todos quienes tengan pensado el pr\u00f3ximo a\u00f1o comenzar a estudiar una carrera, alcancen a inscribirse para rendir las pruebas en diciembre. Nos hemos orientado a fortalecer ejes centrales como lo son la equidad y la inclusi\u00f3n. Este a\u00f1o contamos con m\u00e1s sedes justamente para garantizar un mejor acceso a todas las personas, sin importar si viven en una capital regional, una localidad peque\u00f1a o en una regi\u00f3n extrema\u00bb.<\/p>\n<p class=\"v1MsoNormal\" style=\"text-align: justify;\">Por su parte,<b>\u00a0<\/b>Leonor Varas, directora del DEMRE de la Universidad de Chile, destac\u00f3 que este a\u00f1o hay dos sedes de rendici\u00f3n nuevas. \u00abBulnes, en la Regi\u00f3n de \u00d1uble, y Cunco, en La Araucan\u00eda, se suman a la red de comunas y localidades donde las y los j\u00f3venes pueden dar las pruebas. La invitaci\u00f3n es a inscribirse con tiempo, para que elijan bien la sede donde quieren rendir y las pruebas que les interesan. Debemos recordar que, despu\u00e9s de cerrado el periodo de inscripci\u00f3n, no se pueden cambiar ni agregar pruebas a las ya inscritas\u00bb, remarc\u00f3.<\/p>\n<p class=\"v1MsoNormal\" style=\"text-align: justify;\"><b>Beca PAES y precios de la inscripci\u00f3n<\/b><\/p>\n<p class=\"v1MsoNormal\" style=\"text-align: justify;\">Quienes actualmente est\u00e9n cursando 4\u00ba medio en establecimientos municipales, de Servicios Locales de Educaci\u00f3n P\u00fablica (SLEP), de administraci\u00f3n delegada y particulares subvencionados cuentan con beca PAES y, por lo tanto, no pagan el arancel de inscripci\u00f3n. Lo mismo rige para estudiantes de colegios particulares pagados que acrediten situaci\u00f3n socioecon\u00f3mica vulnerable ante el MINEDUC.<\/p>\n<p class=\"v1MsoNormal\" style=\"text-align: justify;\">Quienes est\u00e1n en 4\u00b0 medio deben inscribir las dos pruebas obligatorias (Competencia Lectora y Competencia Matem\u00e1tica 1, M1), las que vendr\u00e1n marcadas al ingresar al portal de inscripci\u00f3n. A estas deben sumar, al menos, una prueba electiva (Ciencias y\/o Historia y Ciencias Sociales). Si la carrera de su inter\u00e9s lo solicita, tambi\u00e9n deber\u00e1n inscribir la PAES de Competencia Matem\u00e1tica 2 (M2). Las y los egresados de ense\u00f1anza media en a\u00f1os anteriores pueden seleccionar entre una y cinco pruebas. El arancel a pagar depender\u00e1 de la cantidad que inscriban:<\/p>\n<ul style=\"text-align: justify;\" type=\"disc\">\n<li class=\"v1MsoNormal\">1 prueba: $ 16.650.<\/li>\n<li class=\"v1MsoNormal\">2 pruebas: $ 30.475.<\/li>\n<li class=\"v1MsoNormal\">3 pruebas o m\u00e1s: $ 44.300.<\/li>\n<\/ul>\n<p class=\"v1MsoNormal\" style=\"text-align: justify;\">Al igual que en a\u00f1os anteriores, al inscribir la PAES de Competencia Matem\u00e1tica 1 (M1), se puede inscribir sin costo la PAES de Competencia Matem\u00e1tica 2 (M2), y viceversa. Para hacerlo efectivo, las y los postulantes deben seleccionar ambas pruebas en el portal de inscripci\u00f3n, ya que no se agregan autom\u00e1ticamente.<\/p>\n<p class=\"v1MsoNormal\" style=\"text-align: justify;\"><b>Fechas del proceso de admisi\u00f3n 2026<\/b><\/p>\n<ul style=\"text-align: justify;\" type=\"disc\">\n<li class=\"v1MsoNormal\">25 de septiembre de 2025: publicaci\u00f3n de la oferta definitiva de carreras, vacantes y ponderaciones para la admisi\u00f3n 2026.<\/li>\n<li class=\"v1MsoNormal\">\u200e8 de octubre de 2025 (09:00 horas): publicaci\u00f3n del simulador de postulaciones.<\/li>\n<li class=\"v1MsoNormal\">1, 2 y 3 de diciembre de 2025: aplicaci\u00f3n de la PAES Regular, admisi\u00f3n 2026.<\/li>\n<li class=\"v1MsoNormal\">5 de enero de 2026 (08:00 horas): entrega de resultados de la PAES Regular, admisi\u00f3n 2026.<\/li>\n<li class=\"v1MsoNormal\">5 de enero de 2026 (09:00 horas): inicio etapa de postulaci\u00f3n a las universidades, admisi\u00f3n 2026.<\/li>\n<li class=\"v1MsoNormal\">8 de enero de 2026 (13:00 horas): t\u00e9rmino etapa de postulaci\u00f3n a las universidades, admisi\u00f3n 2026.<\/li>\n<li class=\"v1MsoNormal\">19 de enero de 2026 (12:00 horas): entrega de resultados del proceso de selecci\u00f3n, admisi\u00f3n 2026.<\/li>\n<li class=\"v1MsoNormal\">20 al 22 de enero de 2026: primera etapa de matr\u00edcula, admisi\u00f3n 2026.<\/li>\n<li class=\"v1MsoNormal\">23 al 29 de enero de 2026: segunda etapa de matr\u00edcula, admisi\u00f3n 2026.<\/li>\n<\/ul>\n<\/div><\/section><\/div><div  style='height:50px' class='hr hr-invisible   avia-builder-el-6  el_after_av_one_full  el_before_av_social_share '><span class='hr-inner ' ><span class='hr-inner-style'><\/span><\/span><\/div><\/p>\n<div  class='av-social-sharing-box  avia-builder-el-7  el_after_av_hr  el_before_av_hr  '><div class='av-share-box'><h5 class='av-share-link-description av-no-toc '>Compartir esta noticia<\/h5><ul class='av-share-box-list noLightbox'><li class='av-share-link av-social-link-facebook' ><a target=\"_blank\" aria-label=\"Compartir en Facebook\" href='https:\/\/www.facebook.com\/sharer.php?u=https:\/\/radiorevelacionfm.cl\/?p=56794&#038;t=Hasta%20el%20mi%C3%A9rcoles%2023%20hay%20plazo%20para%20inscribirse%20para%20rendir%20la%20PAES%20Regular' aria-hidden='false' data-av_icon='\ue8f3' data-av_iconfont='entypo-fontello' title='' data-avia-related-tooltip='Compartir en Facebook' rel=\"noopener\"><span class='avia_hidden_link_text'>Compartir en Facebook<\/span><\/a><\/li><li class='av-share-link av-social-link-twitter' ><a target=\"_blank\" aria-label=\"Compartir en Twitter\" href='https:\/\/twitter.com\/share?text=Hasta%20el%20mi%C3%A9rcoles%2023%20hay%20plazo%20para%20inscribirse%20para%20rendir%20la%20PAES%20Regular&#038;url=https:\/\/radiorevelacionfm.cl\/?p=56794' aria-hidden='false' data-av_icon='\ue8f1' data-av_iconfont='entypo-fontello' title='' data-avia-related-tooltip='Compartir en Twitter' rel=\"noopener\"><span class='avia_hidden_link_text'>Compartir en Twitter<\/span><\/a><\/li><li class='av-share-link av-social-link-whatsapp' ><a target=\"_blank\" aria-label=\"Compartir en Whatsapp\" href='https:\/\/api.whatsapp.com\/send?text=https:\/\/radiorevelacionfm.cl\/?p=56794' aria-hidden='false' data-av_icon='\uf232' data-av_iconfont='entypo-fontello' title='' data-avia-related-tooltip='Compartir en Whatsapp' rel=\"noopener\"><span class='avia_hidden_link_text'>Compartir en Whatsapp<\/span><\/a><\/li><li class='av-share-link av-social-link-linkedin' ><a target=\"_blank\" aria-label=\"Compartir en LinkedIn\" href='https:\/\/linkedin.com\/shareArticle?mini=true&#038;title=Hasta%20el%20mi%C3%A9rcoles%2023%20hay%20plazo%20para%20inscribirse%20para%20rendir%20la%20PAES%20Regular&#038;url=https:\/\/radiorevelacionfm.cl\/?p=56794' aria-hidden='false' data-av_icon='\ue8fc' data-av_iconfont='entypo-fontello' title='' data-avia-related-tooltip='Compartir en LinkedIn' rel=\"noopener\"><span class='avia_hidden_link_text'>Compartir en LinkedIn<\/span><\/a><\/li><li class='av-share-link av-social-link-mail' ><a  aria-label=\"Compartir por correo\" href='mailto:?subject=Hasta%20el%20mi%C3%A9rcoles%2023%20hay%20plazo%20para%20inscribirse%20para%20rendir%20la%20PAES%20Regular&#038;body=https:\/\/radiorevelacionfm.cl\/?p=56794' aria-hidden='false' data-av_icon='\ue805' data-av_iconfont='entypo-fontello' title='' data-avia-related-tooltip='Compartir por correo'><span class='avia_hidden_link_text'>Compartir por correo<\/span><\/a><\/li><\/ul><\/div><\/div>\n<div  style='height:50px' class='hr hr-invisible   avia-builder-el-8  el_after_av_social_share  el_before_av_comments_list '><span class='hr-inner ' ><span class='hr-inner-style'><\/span><\/span><\/div>\n<div  class='av-buildercomment  av-blog-meta-html-info-disabled av-blog-meta-tag-disabled  '><\/div>\n","protected":false},"excerpt":{"rendered":"","protected":false},"author":1,"featured_media":56795,"comment_status":"closed","ping_status":"closed","sticky":false,"template":"","format":"standard","meta":{"footnotes":""},"categories":[49],"tags":[],"class_list":["post-56794","post","type-post","status-publish","format-standard","has-post-thumbnail","hentry","category-educacion"],"jetpack_featured_media_url":"https:\/\/radiorevelacionfm.cl\/wp-content\/uploads\/2025\/07\/paes-regular-1_optimized-1.jpg","_links":{"self":[{"href":"https:\/\/radiorevelacionfm.cl\/index.php?rest_route=\/wp\/v2\/posts\/56794","targetHints":{"allow":["GET"]}}],"collection":[{"href":"https:\/\/radiorevelacionfm.cl\/index.php?rest_route=\/wp\/v2\/posts"}],"about":[{"href":"https:\/\/radiorevelacionfm.cl\/index.php?rest_route=\/wp\/v2\/types\/post"}],"author":[{"embeddable":true,"href":"https:\/\/radiorevelacionfm.cl\/index.php?rest_route=\/wp\/v2\/users\/1"}],"replies":[{"embeddable":true,"href":"https:\/\/radiorevelacionfm.cl\/index.php?rest_route=%2Fwp%2Fv2%2Fcomments&post=56794"}],"version-history":[{"count":2,"href":"https:\/\/radiorevelacionfm.cl\/index.php?rest_route=\/wp\/v2\/posts\/56794\/revisions"}],"predecessor-version":[{"id":56807,"href":"https:\/\/radiorevelacionfm.cl\/index.php?rest_route=\/wp\/v2\/posts\/56794\/revisions\/56807"}],"wp:featuredmedia":[{"embeddable":true,"href":"https:\/\/radiorevelacionfm.cl\/index.php?rest_route=\/wp\/v2\/media\/56795"}],"wp:attachment":[{"href":"https:\/\/radiorevelacionfm.cl\/index.php?rest_route=%2Fwp%2Fv2%2Fmedia&parent=56794"}],"wp:term":[{"taxonomy":"category","embeddable":true,"href":"https:\/\/radiorevelacionfm.cl\/index.php?rest_route=%2Fwp%2Fv2%2Fcategories&post=56794"},{"taxonomy":"post_tag","embeddable":true,"href":"https:\/\/radiorevelacionfm.cl\/index.php?rest_route=%2Fwp%2Fv2%2Ftags&post=56794"}],"curies":[{"name":"wp","href":"https:\/\/api.w.org\/{rel}","templated":true}]}}