{"id":56788,"date":"2025-07-22T11:22:10","date_gmt":"2025-07-22T14:22:10","guid":{"rendered":"https:\/\/radiorevelacionfm.cl\/?p=56788"},"modified":"2025-07-22T11:22:10","modified_gmt":"2025-07-22T14:22:10","slug":"inscribete-al-proceso-de-formacion-teatral-comunitaria-en-coyhaique-convocatoria-abierta-a-clases-gratuitas-de-teatro-testimonial-con-identidad-barrial","status":"publish","type":"post","link":"https:\/\/radiorevelacionfm.cl\/?p=56788","title":{"rendered":"\u00a1Inscr\u00edbete al proceso de formaci\u00f3n teatral comunitaria en Coyhaique! Convocatoria abierta a clases gratuitas de teatro testimonial con identidad barrial"},"content":{"rendered":"<div class=\"flex_column av_one_full  flex_column_div av-zero-column-padding first  avia-builder-el-0  el_before_av_one_full  avia-builder-el-first  \" style='border-radius:0px; '><div  class='avia-image-container  av-styling-    avia-builder-el-1  avia-builder-el-no-sibling  avia-align-center '  itemprop=\"image\" itemscope=\"itemscope\" itemtype=\"https:\/\/schema.org\/ImageObject\"  ><div class='avia-image-container-inner'><div class='avia-image-overlay-wrap'><img decoding=\"async\" class='wp-image-56789 avia-img-lazy-loading-not-56789 avia_image' src=\"https:\/\/radiorevelacionfm.cl\/wp-content\/uploads\/2025\/07\/Formacion-2-1.jpg\" alt='' title='Formaci\u00f3n 2 (1)' height=\"600\" width=\"899\"  itemprop=\"thumbnailUrl\" srcset=\"https:\/\/radiorevelacionfm.cl\/wp-content\/uploads\/2025\/07\/Formacion-2-1.jpg 899w, https:\/\/radiorevelacionfm.cl\/wp-content\/uploads\/2025\/07\/Formacion-2-1-300x200.jpg 300w, https:\/\/radiorevelacionfm.cl\/wp-content\/uploads\/2025\/07\/Formacion-2-1-768x513.jpg 768w, https:\/\/radiorevelacionfm.cl\/wp-content\/uploads\/2025\/07\/Formacion-2-1-705x471.jpg 705w, https:\/\/radiorevelacionfm.cl\/wp-content\/uploads\/2025\/07\/Formacion-2-1-450x300.jpg 450w, https:\/\/radiorevelacionfm.cl\/wp-content\/uploads\/2025\/07\/Formacion-2-1-600x400.jpg 600w\" sizes=\"(max-width: 899px) 100vw, 899px\" \/><\/div><\/div><\/div><\/div><div class=\"flex_column av_one_full  flex_column_div av-zero-column-padding first  avia-builder-el-2  el_after_av_one_full  el_before_av_one_full  column-top-margin\" style='border-radius:0px; '><section class=\"av_textblock_section \"  itemscope=\"itemscope\" itemtype=\"https:\/\/schema.org\/BlogPosting\" itemprop=\"blogPost\" ><div class='avia_textblock  '   itemprop=\"text\" ><p style=\"text-align: center;\"><strong><span style=\"font-size: 18pt;\">\u00a1Inscr\u00edbete al proceso de formaci\u00f3n teatral comunitaria en Coyhaique! Convocatoria abierta a clases gratuitas de teatro testimonial con identidad barrial<\/span><\/strong><\/p>\n<div id=\"gtx-trans\" style=\"position: absolute; left: -50px; top: 4.31534px;\">\n<div class=\"gtx-trans-icon\"><\/div>\n<\/div>\n<\/div><\/section><\/div><div class=\"flex_column av_one_full  flex_column_div av-zero-column-padding first  avia-builder-el-4  el_after_av_one_full  el_before_av_hr  column-top-margin\" style='border-radius:0px; '><section class=\"av_textblock_section \"  itemscope=\"itemscope\" itemtype=\"https:\/\/schema.org\/BlogPosting\" itemprop=\"blogPost\" ><div class='avia_textblock  '   itemprop=\"text\" ><p style=\"text-align: justify;\">Ya est\u00e1n abiertas las inscripciones para participar en el proyecto <strong>\u201cFormaci\u00f3n Teatral Comunitaria, Escena Testimonial\u201d<\/strong>, una experiencia esc\u00e9nica y formativa dirigida a j\u00f3venes y adultos de Coyhaique que invita a desarrollar habilidades actorales, expresivas y corporales, dando vida a un montaje teatral construido colectivamente a partir de las memorias y voces del territorio.<\/p>\n<p style=\"text-align: justify;\">Las clases son completamente gratuitas y no requieren experiencia previa, solo el compromiso de asistir de manera activa a todas las sesiones presenciales, las cuales se realizar\u00e1n <strong>todos los s\u00e1bados, entre las 10:00 y las 13:00 horas<\/strong>, desde el <strong>9 de agosto hasta diciembre<\/strong>, en la <strong>sala de Teatro Austral<\/strong>, ubicada en <strong>Los Ma\u00f1\u00edos 816, Coyhaique<\/strong> y que adem\u00e1s contempla presentaciones del montaje teatral, programado para el mes de enero 2026, (fecha que ser\u00e1 acordada entre los participantes)<\/p>\n<p style=\"text-align: justify;\">Por su parte, el proceso formativo estar\u00e1 a cargo de los actores y docentes: <strong>Dami\u00e1n Ant\u00edguez<\/strong> (fundador de la Compa\u00f1\u00eda Vuelo Teatro) y <strong>Christian Lira<\/strong> (actor regional con trayectoria en la Compa\u00f1\u00eda Teatro Huevo), mientras que la <strong>direcci\u00f3n pedag\u00f3gica<\/strong> ser\u00e1 liderada por <strong>Mar\u00eda Jos\u00e9 Vivero<\/strong>, pedagoga teatral y cofundadora de Teatro Austral, con s\u00f3lida experiencia en proyectos de vinculaci\u00f3n art\u00edstica en el territorio.<\/p>\n<p style=\"text-align: justify;\">La iniciativa culminar\u00e1 con una <strong>muestra final abierta a la comunidad<\/strong>, protagonizada por un elenco ciudadano que presentar\u00e1 una obra colectiva basada en relatos e identidades locales, contenidos que \u00a0ser\u00e1n recogidos a trav\u00e9s de conversatorios con vecinos y vecinas de los sectores <strong>Los Arrayanes, Feria Las Quintas, Ampliaci\u00f3n Bernardo O\u2019Higgins y V\u00edctor Domingo Silva<\/strong>, facilitados por la <strong>coach y periodista Claudia Molina<\/strong>, y sistematizados por la <strong>antrop\u00f3loga Viviana Fuentes<\/strong>.<\/p>\n<p style=\"text-align: justify;\">Cabe destacar que este proyecto es posible gracias al <strong>Fondo Regional de Desarrollo Regional (FNDR) del 8%<\/strong>, presentado por la <strong>Asociaci\u00f3n Cultural y Social La Casa del Arte<\/strong>, organizaci\u00f3n que promueve procesos culturales con enfoque comunitario.<\/p>\n<p style=\"text-align: justify;\"><em>\u201cEste proyecto es una invitaci\u00f3n a reconocernos desde nuestras historias. A trav\u00e9s del teatro, abrimos un espacio para mirar el territorio con otros ojos, para encontrarnos, escucharnos y crear algo colectivo y profundo. No es solo formaci\u00f3n art\u00edstica; es tambi\u00e9n una radiograf\u00eda emocional y cultural de quienes habitamos Coyhaique\u201d<\/em>, se\u00f1ala <strong>Cecilia Barril<\/strong>, presidenta de la Agrupaci\u00f3n Cultural La Casa del Arte.<\/p>\n<p style=\"text-align: justify;\"><strong>Las personas interesadas en participar deben completar el formulario de inscripci\u00f3n disponible en el siguiente enlace:<\/strong> <a href=\"https:\/\/linktr.ee\/_lacasadelarte\">https:\/\/linktr.ee\/_lacasadelarte<\/a> \u00a0<strong>e informarse a trav\u00e9s del Instagram @_lacasadelarte de las diversas etapas del proceso.<\/strong><\/p>\n<p style=\"text-align: justify;\">Finalmente, se informa que la convocatoria estar\u00e1 abierta hasta completar los cupos disponibles, dando prioridad a quienes residan en sectores cercanos al espacio formativo y cuenten con una disposici\u00f3n real a participar activamente durante todo el proceso.<\/p>\n<\/div><\/section><\/div><div  style='height:50px' class='hr hr-invisible   avia-builder-el-6  el_after_av_one_full  el_before_av_social_share '><span class='hr-inner ' ><span class='hr-inner-style'><\/span><\/span><\/div><\/p>\n<div  class='av-social-sharing-box  avia-builder-el-7  el_after_av_hr  el_before_av_hr  '><div class='av-share-box'><h5 class='av-share-link-description av-no-toc '>Compartir esta noticia<\/h5><ul class='av-share-box-list noLightbox'><li class='av-share-link av-social-link-facebook' ><a target=\"_blank\" aria-label=\"Compartir en Facebook\" href='https:\/\/www.facebook.com\/sharer.php?u=https:\/\/radiorevelacionfm.cl\/?p=56788&#038;t=%C2%A1Inscr%C3%ADbete%20al%20proceso%20de%20formaci%C3%B3n%20teatral%20comunitaria%20en%20Coyhaique%21%20Convocatoria%20abierta%20a%20clases%20gratuitas%20de%20teatro%20testimonial%20con%20identidad%20barrial' aria-hidden='false' data-av_icon='\ue8f3' data-av_iconfont='entypo-fontello' title='' data-avia-related-tooltip='Compartir en Facebook' rel=\"noopener\"><span class='avia_hidden_link_text'>Compartir en Facebook<\/span><\/a><\/li><li class='av-share-link av-social-link-twitter' ><a target=\"_blank\" aria-label=\"Compartir en Twitter\" href='https:\/\/twitter.com\/share?text=%C2%A1Inscr%C3%ADbete%20al%20proceso%20de%20formaci%C3%B3n%20teatral%20comunitaria%20en%20Coyhaique%21%20Convocatoria%20abierta%20a%20clases%20gratuitas%20de%20teatro%20testimonial%20con%20identidad%20barrial&#038;url=https:\/\/radiorevelacionfm.cl\/?p=56788' aria-hidden='false' data-av_icon='\ue8f1' data-av_iconfont='entypo-fontello' title='' data-avia-related-tooltip='Compartir en Twitter' rel=\"noopener\"><span class='avia_hidden_link_text'>Compartir en Twitter<\/span><\/a><\/li><li class='av-share-link av-social-link-whatsapp' ><a target=\"_blank\" aria-label=\"Compartir en Whatsapp\" href='https:\/\/api.whatsapp.com\/send?text=https:\/\/radiorevelacionfm.cl\/?p=56788' aria-hidden='false' data-av_icon='\uf232' data-av_iconfont='entypo-fontello' title='' data-avia-related-tooltip='Compartir en Whatsapp' rel=\"noopener\"><span class='avia_hidden_link_text'>Compartir en Whatsapp<\/span><\/a><\/li><li class='av-share-link av-social-link-linkedin' ><a target=\"_blank\" aria-label=\"Compartir en LinkedIn\" href='https:\/\/linkedin.com\/shareArticle?mini=true&#038;title=%C2%A1Inscr%C3%ADbete%20al%20proceso%20de%20formaci%C3%B3n%20teatral%20comunitaria%20en%20Coyhaique%21%20Convocatoria%20abierta%20a%20clases%20gratuitas%20de%20teatro%20testimonial%20con%20identidad%20barrial&#038;url=https:\/\/radiorevelacionfm.cl\/?p=56788' aria-hidden='false' data-av_icon='\ue8fc' data-av_iconfont='entypo-fontello' title='' data-avia-related-tooltip='Compartir en LinkedIn' rel=\"noopener\"><span class='avia_hidden_link_text'>Compartir en LinkedIn<\/span><\/a><\/li><li class='av-share-link av-social-link-mail' ><a  aria-label=\"Compartir por correo\" href='mailto:?subject=%C2%A1Inscr%C3%ADbete%20al%20proceso%20de%20formaci%C3%B3n%20teatral%20comunitaria%20en%20Coyhaique%21%20Convocatoria%20abierta%20a%20clases%20gratuitas%20de%20teatro%20testimonial%20con%20identidad%20barrial&#038;body=https:\/\/radiorevelacionfm.cl\/?p=56788' aria-hidden='false' data-av_icon='\ue805' data-av_iconfont='entypo-fontello' title='' data-avia-related-tooltip='Compartir por correo'><span class='avia_hidden_link_text'>Compartir por correo<\/span><\/a><\/li><\/ul><\/div><\/div>\n<div  style='height:50px' class='hr hr-invisible   avia-builder-el-8  el_after_av_social_share  el_before_av_comments_list '><span class='hr-inner ' ><span class='hr-inner-style'><\/span><\/span><\/div>\n<div  class='av-buildercomment  av-blog-meta-html-info-disabled av-blog-meta-tag-disabled  '><\/div>\n","protected":false},"excerpt":{"rendered":"","protected":false},"author":1,"featured_media":56789,"comment_status":"closed","ping_status":"closed","sticky":false,"template":"","format":"standard","meta":{"footnotes":""},"categories":[52],"tags":[],"class_list":["post-56788","post","type-post","status-publish","format-standard","has-post-thumbnail","hentry","category-cultura"],"jetpack_featured_media_url":"https:\/\/radiorevelacionfm.cl\/wp-content\/uploads\/2025\/07\/Formacion-2-1.jpg","_links":{"self":[{"href":"https:\/\/radiorevelacionfm.cl\/index.php?rest_route=\/wp\/v2\/posts\/56788","targetHints":{"allow":["GET"]}}],"collection":[{"href":"https:\/\/radiorevelacionfm.cl\/index.php?rest_route=\/wp\/v2\/posts"}],"about":[{"href":"https:\/\/radiorevelacionfm.cl\/index.php?rest_route=\/wp\/v2\/types\/post"}],"author":[{"embeddable":true,"href":"https:\/\/radiorevelacionfm.cl\/index.php?rest_route=\/wp\/v2\/users\/1"}],"replies":[{"embeddable":true,"href":"https:\/\/radiorevelacionfm.cl\/index.php?rest_route=%2Fwp%2Fv2%2Fcomments&post=56788"}],"version-history":[{"count":2,"href":"https:\/\/radiorevelacionfm.cl\/index.php?rest_route=\/wp\/v2\/posts\/56788\/revisions"}],"predecessor-version":[{"id":56793,"href":"https:\/\/radiorevelacionfm.cl\/index.php?rest_route=\/wp\/v2\/posts\/56788\/revisions\/56793"}],"wp:featuredmedia":[{"embeddable":true,"href":"https:\/\/radiorevelacionfm.cl\/index.php?rest_route=\/wp\/v2\/media\/56789"}],"wp:attachment":[{"href":"https:\/\/radiorevelacionfm.cl\/index.php?rest_route=%2Fwp%2Fv2%2Fmedia&parent=56788"}],"wp:term":[{"taxonomy":"category","embeddable":true,"href":"https:\/\/radiorevelacionfm.cl\/index.php?rest_route=%2Fwp%2Fv2%2Fcategories&post=56788"},{"taxonomy":"post_tag","embeddable":true,"href":"https:\/\/radiorevelacionfm.cl\/index.php?rest_route=%2Fwp%2Fv2%2Ftags&post=56788"}],"curies":[{"name":"wp","href":"https:\/\/api.w.org\/{rel}","templated":true}]}}