{"id":56785,"date":"2025-07-22T09:54:22","date_gmt":"2025-07-22T12:54:22","guid":{"rendered":"https:\/\/radiorevelacionfm.cl\/?p=56785"},"modified":"2025-07-22T09:54:22","modified_gmt":"2025-07-22T12:54:22","slug":"seremi-del-mop-aseguro-estamos-construyendo-el-camino-la-tapera-lago-verde-para-conectar-via-terrestre-a-comunidades-y-disminuir-sus-tiempos-de-viaje","status":"publish","type":"post","link":"https:\/\/radiorevelacionfm.cl\/?p=56785","title":{"rendered":"Seremi del MOP asegur\u00f3: \u201cEstamos construyendo el camino La Tapera-Lago Verde para conectar v\u00eda terrestre a comunidades y disminuir sus tiempos de viaje\u201d"},"content":{"rendered":"<div class=\"flex_column av_one_full  flex_column_div av-zero-column-padding first  avia-builder-el-0  el_before_av_one_full  avia-builder-el-first  \" style='border-radius:0px; '><div  class='avia-image-container  av-styling-    avia-builder-el-1  avia-builder-el-no-sibling  avia-align-center '  itemprop=\"image\" itemscope=\"itemscope\" itemtype=\"https:\/\/schema.org\/ImageObject\"  ><div class='avia-image-container-inner'><div class='avia-image-overlay-wrap'><img decoding=\"async\" class='wp-image-56786 avia-img-lazy-loading-not-56786 avia_image' src=\"https:\/\/radiorevelacionfm.cl\/wp-content\/uploads\/2025\/07\/CAMINOLAGOVERDE-LATAPERA-3-1-1.jpg\" alt='' title='CAMINOLAGOVERDE-LATAPERA-3 (1) (1)' height=\"600\" width=\"800\"  itemprop=\"thumbnailUrl\" srcset=\"https:\/\/radiorevelacionfm.cl\/wp-content\/uploads\/2025\/07\/CAMINOLAGOVERDE-LATAPERA-3-1-1.jpg 800w, https:\/\/radiorevelacionfm.cl\/wp-content\/uploads\/2025\/07\/CAMINOLAGOVERDE-LATAPERA-3-1-1-300x225.jpg 300w, https:\/\/radiorevelacionfm.cl\/wp-content\/uploads\/2025\/07\/CAMINOLAGOVERDE-LATAPERA-3-1-1-768x576.jpg 768w, https:\/\/radiorevelacionfm.cl\/wp-content\/uploads\/2025\/07\/CAMINOLAGOVERDE-LATAPERA-3-1-1-705x529.jpg 705w, https:\/\/radiorevelacionfm.cl\/wp-content\/uploads\/2025\/07\/CAMINOLAGOVERDE-LATAPERA-3-1-1-450x338.jpg 450w, https:\/\/radiorevelacionfm.cl\/wp-content\/uploads\/2025\/07\/CAMINOLAGOVERDE-LATAPERA-3-1-1-600x450.jpg 600w\" sizes=\"(max-width: 800px) 100vw, 800px\" \/><\/div><\/div><\/div><\/div><div class=\"flex_column av_one_full  flex_column_div av-zero-column-padding first  avia-builder-el-2  el_after_av_one_full  el_before_av_one_full  column-top-margin\" style='border-radius:0px; '><section class=\"av_textblock_section \"  itemscope=\"itemscope\" itemtype=\"https:\/\/schema.org\/BlogPosting\" itemprop=\"blogPost\" ><div class='avia_textblock  '   itemprop=\"text\" ><p style=\"text-align: center;\"><strong><span style=\"font-size: 18pt;\">Seremi del MOP asegur\u00f3: \u201cEstamos construyendo el camino La Tapera-Lago Verde para conectar v\u00eda terrestre a comunidades y disminuir sus tiempos de viaje\u201d<\/span><\/strong><\/p>\n<div id=\"gtx-trans\" style=\"position: absolute; left: -50px; top: 4.31534px;\">\n<div class=\"gtx-trans-icon\"><\/div>\n<\/div>\n<\/div><\/section><\/div><div class=\"flex_column av_one_full  flex_column_div av-zero-column-padding first  avia-builder-el-4  el_after_av_one_full  el_before_av_hr  column-top-margin\" style='border-radius:0px; '><section class=\"av_textblock_section \"  itemscope=\"itemscope\" itemtype=\"https:\/\/schema.org\/BlogPosting\" itemprop=\"blogPost\" ><div class='avia_textblock  '   itemprop=\"text\" ><p style=\"text-align: justify;\">Villa La Tapera forma parte de la comuna de Lago Verde, y su din\u00e1mica de desplazamiento fluye desde Villa La Tapera hacia Lago Verde, teniendo sus pobladores que recorrer una longitud de 260 km aproximadamente desde esta Villa y sus alrededores por la Ruta X\u201325 hasta la Ruta 7, luego por \u00e9sta conectarse y viajar hacia el norte hasta llegar a la localidad de La Junta para finalmente utilizar la Ruta X\u201313 hasta llegar a Lago Verde.<\/p>\n<p style=\"text-align: justify;\">De esta forma, todos los d\u00edas la comunidad se conecta v\u00eda terrestre, situaci\u00f3n que el Ministerio de Obras P\u00fablicas est\u00e1 cambiando mediante la ejecuci\u00f3n de un convenio con el Cuerpo Militar del Trabajo, que considera la ejecuci\u00f3n de este primer tramo, el que ha permitido avanzar en la apertura de este nuevo camino, que fue recientemente visitado por la Secretaria Regional Ministerial de Obras P\u00fablicas, Paloma Jara, constatando en la actualidad un 65% de avance en su ejecuci\u00f3n.<\/p>\n<p style=\"text-align: justify;\">\u201cEl camino que va a unir Villa La Tapera con Lago Verde, es un camino de gran importancia para esta comuna que va a dar por fin conectividad intercomunal. Es s\u00faper importante este camino porque ha sido mandatado por el Ministerio de Obras P\u00fablicas a trav\u00e9s de la Direcci\u00f3n de Vialidad al Cuerpo Militar del Trabajo. Un trabajo que consolida as\u00ed un Convenio que alcanza los 79 kil\u00f3metros en total, pero que estamos partiendo con 12 km, rest\u00e1ndonos solo uno para terminar esta primera parte. Adem\u00e1s, en este tramo hemos visto la construcci\u00f3n del puente modular sobre el r\u00edo C\u00e1ceres, una inversi\u00f3n que alcanz\u00f3 los 2 mil millones. En total, esta inversi\u00f3n ser\u00e1 de aproximadamente 65 mil millones, que nos permitir\u00e1 mejorar la conectividad de todas las vecinas y vecinos de Lago Verde. El compromiso del Ministerio de Obras P\u00fablicas del Gobierno, presidente Boric, es avanzar en la conectividad hasta los lugares m\u00e1s australes y m\u00e1s alejados de nuestro pa\u00eds. Es por eso que este contrato, conjuntamente con el de lago Brown, son de gran importancia y vamos a priorizarlo durante este a\u00f1o para que exista una inversi\u00f3n durante el 2026\u201d, dijo la Seremi del MOP.<\/p>\n<p style=\"text-align: justify;\">Este camino permitir\u00e1 afianzar la soberan\u00eda nacional, creando un acceso m\u00e1s expedito entre ambas localidades, reduciendo de 260 km que se tiene en la actualidad a 79 km al t\u00e9rmino de la construcci\u00f3n de todas sus etapas, estim\u00e1ndose una disminuci\u00f3n en tiempo de viaje de alrededor de 3 horas.<\/p>\n<p style=\"text-align: justify;\">La Ruta se est\u00e1 desarrollando en un sector monta\u00f1oso, con trazado sinuoso y con pendientes, y en su trayecto atraviesa varios r\u00edos y esteros. La nueva v\u00eda de carpeta granular, contar\u00e1 con una calzada de seis metros de ancho y se encuentra dise\u00f1ada para una velocidad de 40 a 50 km\/h. Los trabajos consideran tambi\u00e9n, obras de saneamiento y de seguridad vial, el despeje y limpieza de la faja, movimientos de tierra y colocaci\u00f3n de pedraplenes. Actualmente, tiene instalado un puente modular tipo mecano sobre el R\u00edo C\u00e1ceres, de 60 m de longitud, el que cuenta con una calzada \u00fatil de 4,2 m y una capacidad de carga de 40 toneladas, con lo que se busca fortalecer la conectividad de pobladores cercanos a Villa La Tapera.<\/p>\n<\/div><\/section><\/div><div  style='height:50px' class='hr hr-invisible   avia-builder-el-6  el_after_av_one_full  el_before_av_social_share '><span class='hr-inner ' ><span class='hr-inner-style'><\/span><\/span><\/div><\/p>\n<div  class='av-social-sharing-box  avia-builder-el-7  el_after_av_hr  el_before_av_hr  '><div class='av-share-box'><h5 class='av-share-link-description av-no-toc '>Compartir esta noticia<\/h5><ul class='av-share-box-list noLightbox'><li class='av-share-link av-social-link-facebook' ><a target=\"_blank\" aria-label=\"Compartir en Facebook\" href='https:\/\/www.facebook.com\/sharer.php?u=https:\/\/radiorevelacionfm.cl\/?p=56785&#038;t=Seremi%20del%20MOP%20asegur%C3%B3%3A%20%E2%80%9CEstamos%20construyendo%20el%20camino%20La%20Tapera-Lago%20Verde%20para%20conectar%20v%C3%ADa%20terrestre%20a%20comunidades%20y%20disminuir%20sus%20tiempos%20de%20viaje%E2%80%9D' aria-hidden='false' data-av_icon='\ue8f3' data-av_iconfont='entypo-fontello' title='' data-avia-related-tooltip='Compartir en Facebook' rel=\"noopener\"><span class='avia_hidden_link_text'>Compartir en Facebook<\/span><\/a><\/li><li class='av-share-link av-social-link-twitter' ><a target=\"_blank\" aria-label=\"Compartir en Twitter\" href='https:\/\/twitter.com\/share?text=Seremi%20del%20MOP%20asegur%C3%B3%3A%20%E2%80%9CEstamos%20construyendo%20el%20camino%20La%20Tapera-Lago%20Verde%20para%20conectar%20v%C3%ADa%20terrestre%20a%20comunidades%20y%20disminuir%20sus%20tiempos%20de%20viaje%E2%80%9D&#038;url=https:\/\/radiorevelacionfm.cl\/?p=56785' aria-hidden='false' data-av_icon='\ue8f1' data-av_iconfont='entypo-fontello' title='' data-avia-related-tooltip='Compartir en Twitter' rel=\"noopener\"><span class='avia_hidden_link_text'>Compartir en Twitter<\/span><\/a><\/li><li class='av-share-link av-social-link-whatsapp' ><a target=\"_blank\" aria-label=\"Compartir en Whatsapp\" href='https:\/\/api.whatsapp.com\/send?text=https:\/\/radiorevelacionfm.cl\/?p=56785' aria-hidden='false' data-av_icon='\uf232' data-av_iconfont='entypo-fontello' title='' data-avia-related-tooltip='Compartir en Whatsapp' rel=\"noopener\"><span class='avia_hidden_link_text'>Compartir en Whatsapp<\/span><\/a><\/li><li class='av-share-link av-social-link-linkedin' ><a target=\"_blank\" aria-label=\"Compartir en LinkedIn\" href='https:\/\/linkedin.com\/shareArticle?mini=true&#038;title=Seremi%20del%20MOP%20asegur%C3%B3%3A%20%E2%80%9CEstamos%20construyendo%20el%20camino%20La%20Tapera-Lago%20Verde%20para%20conectar%20v%C3%ADa%20terrestre%20a%20comunidades%20y%20disminuir%20sus%20tiempos%20de%20viaje%E2%80%9D&#038;url=https:\/\/radiorevelacionfm.cl\/?p=56785' aria-hidden='false' data-av_icon='\ue8fc' data-av_iconfont='entypo-fontello' title='' data-avia-related-tooltip='Compartir en LinkedIn' rel=\"noopener\"><span class='avia_hidden_link_text'>Compartir en LinkedIn<\/span><\/a><\/li><li class='av-share-link av-social-link-mail' ><a  aria-label=\"Compartir por correo\" href='mailto:?subject=Seremi%20del%20MOP%20asegur%C3%B3%3A%20%E2%80%9CEstamos%20construyendo%20el%20camino%20La%20Tapera-Lago%20Verde%20para%20conectar%20v%C3%ADa%20terrestre%20a%20comunidades%20y%20disminuir%20sus%20tiempos%20de%20viaje%E2%80%9D&#038;body=https:\/\/radiorevelacionfm.cl\/?p=56785' aria-hidden='false' data-av_icon='\ue805' data-av_iconfont='entypo-fontello' title='' data-avia-related-tooltip='Compartir por correo'><span class='avia_hidden_link_text'>Compartir por correo<\/span><\/a><\/li><\/ul><\/div><\/div>\n<div  style='height:50px' class='hr hr-invisible   avia-builder-el-8  el_after_av_social_share  el_before_av_comments_list '><span class='hr-inner ' ><span class='hr-inner-style'><\/span><\/span><\/div>\n<div  class='av-buildercomment  av-blog-meta-html-info-disabled av-blog-meta-tag-disabled  '><\/div>\n","protected":false},"excerpt":{"rendered":"","protected":false},"author":1,"featured_media":56786,"comment_status":"closed","ping_status":"closed","sticky":false,"template":"","format":"standard","meta":{"footnotes":""},"categories":[38],"tags":[],"class_list":["post-56785","post","type-post","status-publish","format-standard","has-post-thumbnail","hentry","category-regional"],"jetpack_featured_media_url":"https:\/\/radiorevelacionfm.cl\/wp-content\/uploads\/2025\/07\/CAMINOLAGOVERDE-LATAPERA-3-1-1.jpg","_links":{"self":[{"href":"https:\/\/radiorevelacionfm.cl\/index.php?rest_route=\/wp\/v2\/posts\/56785","targetHints":{"allow":["GET"]}}],"collection":[{"href":"https:\/\/radiorevelacionfm.cl\/index.php?rest_route=\/wp\/v2\/posts"}],"about":[{"href":"https:\/\/radiorevelacionfm.cl\/index.php?rest_route=\/wp\/v2\/types\/post"}],"author":[{"embeddable":true,"href":"https:\/\/radiorevelacionfm.cl\/index.php?rest_route=\/wp\/v2\/users\/1"}],"replies":[{"embeddable":true,"href":"https:\/\/radiorevelacionfm.cl\/index.php?rest_route=%2Fwp%2Fv2%2Fcomments&post=56785"}],"version-history":[{"count":2,"href":"https:\/\/radiorevelacionfm.cl\/index.php?rest_route=\/wp\/v2\/posts\/56785\/revisions"}],"predecessor-version":[{"id":56791,"href":"https:\/\/radiorevelacionfm.cl\/index.php?rest_route=\/wp\/v2\/posts\/56785\/revisions\/56791"}],"wp:featuredmedia":[{"embeddable":true,"href":"https:\/\/radiorevelacionfm.cl\/index.php?rest_route=\/wp\/v2\/media\/56786"}],"wp:attachment":[{"href":"https:\/\/radiorevelacionfm.cl\/index.php?rest_route=%2Fwp%2Fv2%2Fmedia&parent=56785"}],"wp:term":[{"taxonomy":"category","embeddable":true,"href":"https:\/\/radiorevelacionfm.cl\/index.php?rest_route=%2Fwp%2Fv2%2Fcategories&post=56785"},{"taxonomy":"post_tag","embeddable":true,"href":"https:\/\/radiorevelacionfm.cl\/index.php?rest_route=%2Fwp%2Fv2%2Ftags&post=56785"}],"curies":[{"name":"wp","href":"https:\/\/api.w.org\/{rel}","templated":true}]}}