{"id":56782,"date":"2025-07-21T20:39:42","date_gmt":"2025-07-21T23:39:42","guid":{"rendered":"https:\/\/radiorevelacionfm.cl\/?p=56782"},"modified":"2025-07-21T20:39:42","modified_gmt":"2025-07-21T23:39:42","slug":"retorna-el-frio-a-la-region-de-aysen-hasta-14-grados-se-pronostican-para-esta-semana","status":"publish","type":"post","link":"https:\/\/radiorevelacionfm.cl\/?p=56782","title":{"rendered":"Retorna el fr\u00edo a la regi\u00f3n de Ays\u00e9n: Hasta -14 grados se pronostican para esta semana"},"content":{"rendered":"<div class=\"flex_column av_one_full  flex_column_div av-zero-column-padding first  avia-builder-el-0  el_before_av_one_full  avia-builder-el-first  \" style='border-radius:0px; '><div  class='avia-image-container  av-styling-    avia-builder-el-1  avia-builder-el-no-sibling  avia-align-center '  itemprop=\"image\" itemscope=\"itemscope\" itemtype=\"https:\/\/schema.org\/ImageObject\"  ><div class='avia-image-container-inner'><div class='avia-image-overlay-wrap'><img decoding=\"async\" class='wp-image-43984 avia-img-lazy-loading-not-43984 avia_image' src=\"https:\/\/radiorevelacionfm.cl\/wp-content\/uploads\/2024\/07\/Escarcha1-1.jpg\" alt='' title='Escarcha(1) (1)' height=\"600\" width=\"893\"  itemprop=\"thumbnailUrl\" srcset=\"https:\/\/radiorevelacionfm.cl\/wp-content\/uploads\/2024\/07\/Escarcha1-1.jpg 893w, https:\/\/radiorevelacionfm.cl\/wp-content\/uploads\/2024\/07\/Escarcha1-1-300x202.jpg 300w, https:\/\/radiorevelacionfm.cl\/wp-content\/uploads\/2024\/07\/Escarcha1-1-768x516.jpg 768w, https:\/\/radiorevelacionfm.cl\/wp-content\/uploads\/2024\/07\/Escarcha1-1-705x474.jpg 705w, https:\/\/radiorevelacionfm.cl\/wp-content\/uploads\/2024\/07\/Escarcha1-1-450x302.jpg 450w, https:\/\/radiorevelacionfm.cl\/wp-content\/uploads\/2024\/07\/Escarcha1-1-600x403.jpg 600w\" sizes=\"(max-width: 893px) 100vw, 893px\" \/><\/div><\/div><\/div><\/div><div class=\"flex_column av_one_full  flex_column_div av-zero-column-padding first  avia-builder-el-2  el_after_av_one_full  el_before_av_one_full  column-top-margin\" style='border-radius:0px; '><section class=\"av_textblock_section \"  itemscope=\"itemscope\" itemtype=\"https:\/\/schema.org\/BlogPosting\" itemprop=\"blogPost\" ><div class='avia_textblock  '   itemprop=\"text\" ><p style=\"text-align: center;\"><strong><span style=\"font-size: 18pt;\">Retorna el fr\u00edo a la regi\u00f3n de Ays\u00e9n: Hasta -14 grados se pronostican para esta semana<\/span><\/strong><\/p>\n<div id=\"gtx-trans\" style=\"position: absolute; left: -50px; top: 4.31534px;\">\n<div class=\"gtx-trans-icon\"><\/div>\n<\/div>\n<\/div><\/section><\/div><div class=\"flex_column av_one_full  flex_column_div av-zero-column-padding first  avia-builder-el-4  el_after_av_one_full  el_before_av_hr  column-top-margin\" style='border-radius:0px; '><section class=\"av_textblock_section \"  itemscope=\"itemscope\" itemtype=\"https:\/\/schema.org\/BlogPosting\" itemprop=\"blogPost\" ><div class='avia_textblock  '   itemprop=\"text\" ><p style=\"text-align: justify;\">Entre el martes 22 y s\u00e1bado 26 de julio, se espera para la regi\u00f3n de Ays\u00e9n: ausencia de precipitaciones en casi la totalidad de la regi\u00f3n durante el d\u00eda martes; ausencia de precipitaciones en casi la totalidad de la regi\u00f3n durante el d\u00eda mi\u00e9rcoles, a excepci\u00f3n de posibles precipitaciones muy d\u00e9biles en torno al litoral interior norte durante la noche; precipitaciones normales en el centro y norte de la regi\u00f3n durante el d\u00eda jueves, con precipitaciones d\u00e9biles a muy d\u00e9biles al sur; precipitaciones muy d\u00e9biles en gran parte de la regi\u00f3n durante el d\u00eda viernes, con ausencia de \u00e9stas hacia el sur; ausencia de precipitaciones en casi la totalidad de la regi\u00f3n durante el d\u00eda s\u00e1bado<\/p>\n<p style=\"text-align: justify;\">Los montos m\u00e1ximos de precipitaci\u00f3n diaria pronosticados est\u00e1n entre los 20-40 mm para el litoral interior de la regi\u00f3n (Puerto Ra\u00fal Mar\u00edn-Puerto Ays\u00e9n) durante el d\u00eda jueves 24. Las precipitaciones esperadas a partir del mi\u00e9rcoles en la noche est\u00e1n asociadas al paso de un cicl\u00f3n extratropical por el norte de la regi\u00f3n. Posteriormente, una alta presi\u00f3n migratoria cruzando por el extremo sur del continente favorecer\u00eda la ausencia de precipitaciones durante el s\u00e1bado, adem\u00e1s del transporte de aire fr\u00edo hacia la regi\u00f3n.<\/p>\n<p style=\"text-align: justify;\">En cu\u00e1nto a las temperaturas, la m\u00ednima se mantendr\u00e1 en general por debajo de los 0\u00b0C (o muy cercana) en la mayor\u00eda de localidades durante los pr\u00f3ximos d\u00edas. Las temperaturas m\u00ednimas m\u00e1s bajas a nivel regional podr\u00edan estar entre los -14\u00b0C a -8\u00b0C en algunas localidades del centro y sur de la regi\u00f3n, principalmente durante los d\u00edas viernes y s\u00e1bado.<\/p>\n<p style=\"text-align: justify;\">Por otro lado, la temperatura m\u00e1xima se mantendr\u00eda en general por debajo de los 7\u00b0C en la mayor\u00eda de localidades durante el periodo analizado, a excepci\u00f3n de los d\u00edas mi\u00e9rcoles y jueves en localidades m\u00e1s costeras. A excepci\u00f3n de algunas zonas del centro y norte de la regi\u00f3n durante mi\u00e9rcoles y jueves, la altura promedio de la isoterma 0\u00b0C se mantendr\u00e1 muy baja durante este periodo, en general a nivel de superficie o muy cercana a esta. Debido a esto, se esperan precipitaciones s\u00f3lidas (nieve y aguanieve) en gran parte de la regi\u00f3n durante los d\u00edas jueves y viernes.<\/p>\n<p style=\"text-align: justify;\">Respecto al viento, en general su magnitud pro- medio diaria se espera que sea relativamente d\u00e9bil, menor a 10 km\/h, en la mayor\u00eda de localidades durante los pr\u00f3ximos d\u00edas, a excepci\u00f3n de los d\u00edas jueves y viernes en algunas localidades costeras.<\/p>\n<p style=\"text-align: justify;\">Por otro lado, las r\u00e1fagas m\u00e1ximas esperadas estar\u00edan entre los 40-60 km\/h durante ambos d\u00edas. La direcci\u00f3n predominante del viento ser\u00e1 del oeste\/noroeste en la regi\u00f3n hasta el mi\u00e9rcoles y posteriormente del este\/sureste hasta el d\u00eda s\u00e1bado.<\/p>\n<\/div><\/section><\/div><div  style='height:50px' class='hr hr-invisible   avia-builder-el-6  el_after_av_one_full  el_before_av_social_share '><span class='hr-inner ' ><span class='hr-inner-style'><\/span><\/span><\/div><\/p>\n<div  class='av-social-sharing-box  avia-builder-el-7  el_after_av_hr  el_before_av_hr  '><div class='av-share-box'><h5 class='av-share-link-description av-no-toc '>Compartir esta noticia<\/h5><ul class='av-share-box-list noLightbox'><li class='av-share-link av-social-link-facebook' ><a target=\"_blank\" aria-label=\"Compartir en Facebook\" href='https:\/\/www.facebook.com\/sharer.php?u=https:\/\/radiorevelacionfm.cl\/?p=56782&#038;t=Retorna%20el%20fr%C3%ADo%20a%20la%20regi%C3%B3n%20de%20Ays%C3%A9n%3A%20Hasta%20-14%20grados%20se%20pronostican%20para%20esta%20semana' aria-hidden='false' data-av_icon='\ue8f3' data-av_iconfont='entypo-fontello' title='' data-avia-related-tooltip='Compartir en Facebook' rel=\"noopener\"><span class='avia_hidden_link_text'>Compartir en Facebook<\/span><\/a><\/li><li class='av-share-link av-social-link-twitter' ><a target=\"_blank\" aria-label=\"Compartir en Twitter\" href='https:\/\/twitter.com\/share?text=Retorna%20el%20fr%C3%ADo%20a%20la%20regi%C3%B3n%20de%20Ays%C3%A9n%3A%20Hasta%20-14%20grados%20se%20pronostican%20para%20esta%20semana&#038;url=https:\/\/radiorevelacionfm.cl\/?p=56782' aria-hidden='false' data-av_icon='\ue8f1' data-av_iconfont='entypo-fontello' title='' data-avia-related-tooltip='Compartir en Twitter' rel=\"noopener\"><span class='avia_hidden_link_text'>Compartir en Twitter<\/span><\/a><\/li><li class='av-share-link av-social-link-whatsapp' ><a target=\"_blank\" aria-label=\"Compartir en Whatsapp\" href='https:\/\/api.whatsapp.com\/send?text=https:\/\/radiorevelacionfm.cl\/?p=56782' aria-hidden='false' data-av_icon='\uf232' data-av_iconfont='entypo-fontello' title='' data-avia-related-tooltip='Compartir en Whatsapp' rel=\"noopener\"><span class='avia_hidden_link_text'>Compartir en Whatsapp<\/span><\/a><\/li><li class='av-share-link av-social-link-linkedin' ><a target=\"_blank\" aria-label=\"Compartir en LinkedIn\" href='https:\/\/linkedin.com\/shareArticle?mini=true&#038;title=Retorna%20el%20fr%C3%ADo%20a%20la%20regi%C3%B3n%20de%20Ays%C3%A9n%3A%20Hasta%20-14%20grados%20se%20pronostican%20para%20esta%20semana&#038;url=https:\/\/radiorevelacionfm.cl\/?p=56782' aria-hidden='false' data-av_icon='\ue8fc' data-av_iconfont='entypo-fontello' title='' data-avia-related-tooltip='Compartir en LinkedIn' rel=\"noopener\"><span class='avia_hidden_link_text'>Compartir en LinkedIn<\/span><\/a><\/li><li class='av-share-link av-social-link-mail' ><a  aria-label=\"Compartir por correo\" href='mailto:?subject=Retorna%20el%20fr%C3%ADo%20a%20la%20regi%C3%B3n%20de%20Ays%C3%A9n%3A%20Hasta%20-14%20grados%20se%20pronostican%20para%20esta%20semana&#038;body=https:\/\/radiorevelacionfm.cl\/?p=56782' aria-hidden='false' data-av_icon='\ue805' data-av_iconfont='entypo-fontello' title='' data-avia-related-tooltip='Compartir por correo'><span class='avia_hidden_link_text'>Compartir por correo<\/span><\/a><\/li><\/ul><\/div><\/div>\n<div  style='height:50px' class='hr hr-invisible   avia-builder-el-8  el_after_av_social_share  el_before_av_comments_list '><span class='hr-inner ' ><span class='hr-inner-style'><\/span><\/span><\/div>\n<div  class='av-buildercomment  av-blog-meta-html-info-disabled av-blog-meta-tag-disabled  '><\/div>\n","protected":false},"excerpt":{"rendered":"","protected":false},"author":1,"featured_media":43984,"comment_status":"closed","ping_status":"closed","sticky":false,"template":"","format":"standard","meta":{"footnotes":""},"categories":[38],"tags":[],"class_list":["post-56782","post","type-post","status-publish","format-standard","has-post-thumbnail","hentry","category-regional"],"jetpack_featured_media_url":"https:\/\/radiorevelacionfm.cl\/wp-content\/uploads\/2024\/07\/Escarcha1-1.jpg","_links":{"self":[{"href":"https:\/\/radiorevelacionfm.cl\/index.php?rest_route=\/wp\/v2\/posts\/56782","targetHints":{"allow":["GET"]}}],"collection":[{"href":"https:\/\/radiorevelacionfm.cl\/index.php?rest_route=\/wp\/v2\/posts"}],"about":[{"href":"https:\/\/radiorevelacionfm.cl\/index.php?rest_route=\/wp\/v2\/types\/post"}],"author":[{"embeddable":true,"href":"https:\/\/radiorevelacionfm.cl\/index.php?rest_route=\/wp\/v2\/users\/1"}],"replies":[{"embeddable":true,"href":"https:\/\/radiorevelacionfm.cl\/index.php?rest_route=%2Fwp%2Fv2%2Fcomments&post=56782"}],"version-history":[{"count":2,"href":"https:\/\/radiorevelacionfm.cl\/index.php?rest_route=\/wp\/v2\/posts\/56782\/revisions"}],"predecessor-version":[{"id":56784,"href":"https:\/\/radiorevelacionfm.cl\/index.php?rest_route=\/wp\/v2\/posts\/56782\/revisions\/56784"}],"wp:featuredmedia":[{"embeddable":true,"href":"https:\/\/radiorevelacionfm.cl\/index.php?rest_route=\/wp\/v2\/media\/43984"}],"wp:attachment":[{"href":"https:\/\/radiorevelacionfm.cl\/index.php?rest_route=%2Fwp%2Fv2%2Fmedia&parent=56782"}],"wp:term":[{"taxonomy":"category","embeddable":true,"href":"https:\/\/radiorevelacionfm.cl\/index.php?rest_route=%2Fwp%2Fv2%2Fcategories&post=56782"},{"taxonomy":"post_tag","embeddable":true,"href":"https:\/\/radiorevelacionfm.cl\/index.php?rest_route=%2Fwp%2Fv2%2Ftags&post=56782"}],"curies":[{"name":"wp","href":"https:\/\/api.w.org\/{rel}","templated":true}]}}