{"id":5678,"date":"2021-06-26T16:34:07","date_gmt":"2021-06-26T19:34:07","guid":{"rendered":"https:\/\/radiorevelacionfm.cl\/?p=5678"},"modified":"2021-06-26T16:34:07","modified_gmt":"2021-06-26T19:34:07","slug":"con-novedades-abrio-primer-llamado-para-postulacion-a-subsidios-de-mejoramiento-termico-del-pda","status":"publish","type":"post","link":"https:\/\/radiorevelacionfm.cl\/?p=5678","title":{"rendered":"Con novedades abri\u00f3 primer llamado para postulaci\u00f3n a Subsidios de Mejoramiento T\u00e9rmico del PDA"},"content":{"rendered":"<div class=\"flex_column av_one_full  flex_column_div av-zero-column-padding first  avia-builder-el-0  el_before_av_one_full  avia-builder-el-first  \" style='border-radius:0px; '><div  class='avia-image-container  av-styling-    avia-builder-el-1  avia-builder-el-no-sibling  avia-align-center '  itemprop=\"image\" itemscope=\"itemscope\" itemtype=\"https:\/\/schema.org\/ImageObject\"  ><div class='avia-image-container-inner'><div class='avia-image-overlay-wrap'><img decoding=\"async\" class='wp-image-0 avia-img-lazy-loading-not-0 avia_image' src=\"https:\/\/radiorevelacionfm.cl\/wp-content\/uploads\/2021\/06\/foto-casa-termico-pda-2021-1_optimized.jpg\" alt='' title=''   itemprop=\"thumbnailUrl\"  \/><\/div><\/div><\/div><\/div><div class=\"flex_column av_one_full  flex_column_div av-zero-column-padding first  avia-builder-el-2  el_after_av_one_full  el_before_av_one_full  column-top-margin\" style='border-radius:0px; '><section class=\"av_textblock_section \"  itemscope=\"itemscope\" itemtype=\"https:\/\/schema.org\/BlogPosting\" itemprop=\"blogPost\" ><div class='avia_textblock  '   itemprop=\"text\" ><p style=\"text-align: center;\"><strong><span style=\"font-size: 18pt;\">Con novedades abri\u00f3 primer llamado para postulaci\u00f3n a Subsidios de Mejoramiento T\u00e9rmico del PDA<\/span><\/strong><\/p>\n<div id=\"gtx-trans\" style=\"position: absolute; left: -50px; top: 4.31534px;\">\n<div class=\"gtx-trans-icon\"><\/div>\n<\/div>\n<\/div><\/section><\/div><div class=\"flex_column av_one_full  flex_column_div av-zero-column-padding first  avia-builder-el-4  el_after_av_one_full  el_before_av_hr  column-top-margin\" style='border-radius:0px; '><section class=\"av_textblock_section \"  itemscope=\"itemscope\" itemtype=\"https:\/\/schema.org\/BlogPosting\" itemprop=\"blogPost\" ><div class='avia_textblock  '   itemprop=\"text\" ><p style=\"text-align: justify;\">Con positivas e interesantes novedades, entre ellas la incorporaci\u00f3n de un calefactor para los hogares seleccionados, el Ministerio de Vivienda y Urbanismo (MINVU) lanz\u00f3 ayer su primer llamado regional del a\u00f1o 2021 para los subsidios de mejoramiento t\u00e9rmico que se entregan en el marco del Plan de Descontaminaci\u00f3n Atmosf\u00e9rica (PDA) de Coyhaique.<\/p>\n<p style=\"text-align: justify;\">El importante anuncio fue realizado este viernes por el Seremi de Vivienda, Diego Silva, acompa\u00f1ado por los Seremis de Medio Ambiente, M\u00f3nica Sald\u00edas y de Energ\u00eda, Juan Luis Amen\u00e1bar, adem\u00e1s de los consejeros Ra\u00fal Rudolphi y Rocco Martiniello, esto en el marco de la visita a una vivienda que est\u00e1 siendo intervenida por la empresa \u201cCoyhaique Construcci\u00f3n y Dise\u00f1o\u201d en el sector c\u00e9ntrico de la capital regional.<\/p>\n<p style=\"text-align: justify;\">Tras conocer el avance en la obra, el Seremi Diego Silva, destac\u00f3 las principales novedades que trae la apertura del proceso de postulaciones para el presente a\u00f1o. \u201cMuy contentos, porque no solo vamos a revestir la vivienda t\u00e9rmicamente, ya que ahora estamos anunciando que tambi\u00e9n le agregamos un calefactor, tanto para este llamado como para los que vengan. Estamos dejando el precedente dado la buena pega que ha hecho el Serviu, la Seremi de Vivienda y tambi\u00e9n las Entidades Patrocinantes y las constructoras, a quienes tambi\u00e9n les mando un agradecimiento. As\u00ed que, como ha dicho nuestro Ministro Felipe Ward, ahora la invitaci\u00f3n es a que postulen, ya que estos beneficios est\u00e1n enfocados en mejorar cada d\u00eda m\u00e1s la vida de nuestra gente\u201d, precis\u00f3.<\/p>\n<p style=\"text-align: justify;\">La propietaria de la vivienda visitada, Yanet Carre\u00f1o, se mostr\u00f3 feliz con el resultado del\u00a0 mejoramiento que se est\u00e1 realizando en su casa, lo cual era un antiguo anhelo de la familia. \u201cEstamos s\u00faper contentos, tanto Serviu como la empresa que hizo todo el revestimiento se han portado muy bien, trabajan muy bien y tienen un equipo humano espectacular, as\u00ed que estamos muy contentos de todos los trabajos que se hicieron. Se siente la diferencia, antes ten\u00edamos una cocina a le\u00f1a que con todo esto se elimin\u00f3, as\u00ed que estamos con las estufas a parafina y es s\u00faper recomendable\u201d, afirm\u00f3.<\/p>\n<p style=\"text-align: justify;\">El Consejero Ra\u00fal Rudolphi destac\u00f3 el trabajo que han venido haciendo desde el Gobierno regional para acelerar la ejecuci\u00f3n de estos proyectos. \u201cHemos ido buscando alternativas de c\u00f3mo mejorar, tuvimos una experiencia piloto donde se trabaj\u00f3 en viviendas nuevas con calefactores, pero hoy yo creo que hemos encontrado una tremenda soluci\u00f3n y una gran oportunidad para quienes quieren aislar su vivienda, generar mejor eficiencia energ\u00e9tica, pero adem\u00e1s incorporando un nuevo dispositivo de calefacci\u00f3n con los mismos recursos entregado por el Minvu y creo que esa es la soluci\u00f3n que mejor se ajusta a las necesidades que tienen las familias de Coyhaique\u201d, puntualiz\u00f3.<\/p>\n<p style=\"text-align: justify;\"><strong>El Llamado<\/strong><\/p>\n<p style=\"text-align: justify;\">El llamado especial regional para los subsidios t\u00e9rmicos del PDA 2021 contar\u00e1 con varios cierres de postulaci\u00f3n durante el a\u00f1o, por lo que las autoridades invitaron a los interesados a informarse y tomar contacto con una de las m\u00e1s de 40 entidades patrocinantes de la regi\u00f3n que est\u00e1n inscritas en el Minvu, las que asesoran a la familia, elaboran los proyectos y los ingresan al Serviu para su postulaci\u00f3n.<\/p>\n<p style=\"text-align: justify;\">Cabe destacar que el monto inicial para este llamado bordea los 7 mil 400 millones de pesos, lo que podr\u00eda aumentar, al igual que el n\u00famero de potenciales beneficiarios, que en principio de estima que podr\u00eda superar las 700 familias.<\/p>\n<p style=\"text-align: justify;\">Finalmente el Seremi de Vivienda destac\u00f3 que con estos cientos de proyectos se mejora la vida de las familias, pero adem\u00e1s se incentiva la econom\u00eda local, se apoya a las medianas y peque\u00f1as empresas, se generan puestos de trabajo y se confirma que el Minvu est\u00e1 en el Coraz\u00f3n de la Recuperaci\u00f3n econ\u00f3mica y social que impulsa el Gobierno en el contexto de la actual pandemia por Covid 19.<\/p>\n<\/div><\/section><\/div><div  style='height:50px' class='hr hr-invisible   avia-builder-el-6  el_after_av_one_full  el_before_av_social_share '><span class='hr-inner ' ><span class='hr-inner-style'><\/span><\/span><\/div><\/p>\n<div  class='av-social-sharing-box  avia-builder-el-7  el_after_av_hr  el_before_av_hr  '><div class='av-share-box'><h5 class='av-share-link-description av-no-toc '>Compartir esta noticia<\/h5><ul class='av-share-box-list noLightbox'><li class='av-share-link av-social-link-facebook' ><a target=\"_blank\" aria-label=\"Compartir en Facebook\" href='https:\/\/www.facebook.com\/sharer.php?u=https:\/\/radiorevelacionfm.cl\/?p=5678&#038;t=Con%20novedades%20abri%C3%B3%20primer%20llamado%20para%20postulaci%C3%B3n%20a%20Subsidios%20de%20Mejoramiento%20T%C3%A9rmico%20del%20PDA' aria-hidden='false' data-av_icon='\ue8f3' data-av_iconfont='entypo-fontello' title='' data-avia-related-tooltip='Compartir en Facebook' rel=\"noopener\"><span class='avia_hidden_link_text'>Compartir en Facebook<\/span><\/a><\/li><li class='av-share-link av-social-link-twitter' ><a target=\"_blank\" aria-label=\"Compartir en Twitter\" href='https:\/\/twitter.com\/share?text=Con%20novedades%20abri%C3%B3%20primer%20llamado%20para%20postulaci%C3%B3n%20a%20Subsidios%20de%20Mejoramiento%20T%C3%A9rmico%20del%20PDA&#038;url=https:\/\/radiorevelacionfm.cl\/?p=5678' aria-hidden='false' data-av_icon='\ue8f1' data-av_iconfont='entypo-fontello' title='' data-avia-related-tooltip='Compartir en Twitter' rel=\"noopener\"><span class='avia_hidden_link_text'>Compartir en Twitter<\/span><\/a><\/li><li class='av-share-link av-social-link-whatsapp' ><a target=\"_blank\" aria-label=\"Compartir en Whatsapp\" href='https:\/\/api.whatsapp.com\/send?text=https:\/\/radiorevelacionfm.cl\/?p=5678' aria-hidden='false' data-av_icon='\uf232' data-av_iconfont='entypo-fontello' title='' data-avia-related-tooltip='Compartir en Whatsapp' rel=\"noopener\"><span class='avia_hidden_link_text'>Compartir en Whatsapp<\/span><\/a><\/li><li class='av-share-link av-social-link-linkedin' ><a target=\"_blank\" aria-label=\"Compartir en LinkedIn\" href='https:\/\/linkedin.com\/shareArticle?mini=true&#038;title=Con%20novedades%20abri%C3%B3%20primer%20llamado%20para%20postulaci%C3%B3n%20a%20Subsidios%20de%20Mejoramiento%20T%C3%A9rmico%20del%20PDA&#038;url=https:\/\/radiorevelacionfm.cl\/?p=5678' aria-hidden='false' data-av_icon='\ue8fc' data-av_iconfont='entypo-fontello' title='' data-avia-related-tooltip='Compartir en LinkedIn' rel=\"noopener\"><span class='avia_hidden_link_text'>Compartir en LinkedIn<\/span><\/a><\/li><li class='av-share-link av-social-link-mail' ><a  aria-label=\"Compartir por correo\" href='mailto:?subject=Con%20novedades%20abri%C3%B3%20primer%20llamado%20para%20postulaci%C3%B3n%20a%20Subsidios%20de%20Mejoramiento%20T%C3%A9rmico%20del%20PDA&#038;body=https:\/\/radiorevelacionfm.cl\/?p=5678' aria-hidden='false' data-av_icon='\ue805' data-av_iconfont='entypo-fontello' title='' data-avia-related-tooltip='Compartir por correo'><span class='avia_hidden_link_text'>Compartir por correo<\/span><\/a><\/li><\/ul><\/div><\/div>\n<div  style='height:50px' class='hr hr-invisible   avia-builder-el-8  el_after_av_social_share  el_before_av_comments_list '><span class='hr-inner ' ><span class='hr-inner-style'><\/span><\/span><\/div>\n<div  class='av-buildercomment  av-blog-meta-html-info-disabled av-blog-meta-tag-disabled  '><\/div>\n","protected":false},"excerpt":{"rendered":"","protected":false},"author":1,"featured_media":0,"comment_status":"open","ping_status":"open","sticky":false,"template":"","format":"standard","meta":{"footnotes":""},"categories":[57],"tags":[],"class_list":["post-5678","post","type-post","status-publish","format-standard","hentry","category-vivienda"],"jetpack_featured_media_url":"","_links":{"self":[{"href":"https:\/\/radiorevelacionfm.cl\/index.php?rest_route=\/wp\/v2\/posts\/5678","targetHints":{"allow":["GET"]}}],"collection":[{"href":"https:\/\/radiorevelacionfm.cl\/index.php?rest_route=\/wp\/v2\/posts"}],"about":[{"href":"https:\/\/radiorevelacionfm.cl\/index.php?rest_route=\/wp\/v2\/types\/post"}],"author":[{"embeddable":true,"href":"https:\/\/radiorevelacionfm.cl\/index.php?rest_route=\/wp\/v2\/users\/1"}],"replies":[{"embeddable":true,"href":"https:\/\/radiorevelacionfm.cl\/index.php?rest_route=%2Fwp%2Fv2%2Fcomments&post=5678"}],"version-history":[{"count":1,"href":"https:\/\/radiorevelacionfm.cl\/index.php?rest_route=\/wp\/v2\/posts\/5678\/revisions"}],"predecessor-version":[{"id":5680,"href":"https:\/\/radiorevelacionfm.cl\/index.php?rest_route=\/wp\/v2\/posts\/5678\/revisions\/5680"}],"wp:attachment":[{"href":"https:\/\/radiorevelacionfm.cl\/index.php?rest_route=%2Fwp%2Fv2%2Fmedia&parent=5678"}],"wp:term":[{"taxonomy":"category","embeddable":true,"href":"https:\/\/radiorevelacionfm.cl\/index.php?rest_route=%2Fwp%2Fv2%2Fcategories&post=5678"},{"taxonomy":"post_tag","embeddable":true,"href":"https:\/\/radiorevelacionfm.cl\/index.php?rest_route=%2Fwp%2Fv2%2Ftags&post=5678"}],"curies":[{"name":"wp","href":"https:\/\/api.w.org\/{rel}","templated":true}]}}