{"id":56779,"date":"2025-07-21T20:25:46","date_gmt":"2025-07-21T23:25:46","guid":{"rendered":"https:\/\/radiorevelacionfm.cl\/?p=56779"},"modified":"2025-07-23T14:36:08","modified_gmt":"2025-07-23T17:36:08","slug":"diputado-calisto-logra-acuerdo-unanime-en-comision-de-salud-para-oficiar-a-minsal-por-altos-costos-en-traslado-que-deben-pagar-pacientes-oncologicos-de-aysen","status":"publish","type":"post","link":"https:\/\/radiorevelacionfm.cl\/?p=56779","title":{"rendered":"Diputado Calisto logra acuerdo un\u00e1nime en comisi\u00f3n de salud para oficiar a Minsal por altos costos en traslado que deben pagar pacientes oncol\u00f3gicos de Ays\u00e9n"},"content":{"rendered":"<div class=\"flex_column av_one_full  flex_column_div av-zero-column-padding first  avia-builder-el-0  el_before_av_one_full  avia-builder-el-first  \" style='border-radius:0px; '><div  class='avia-image-container  av-styling-    avia-builder-el-1  avia-builder-el-no-sibling  avia-align-center '  itemprop=\"image\" itemscope=\"itemscope\" itemtype=\"https:\/\/schema.org\/ImageObject\"  ><div class='avia-image-container-inner'><div class='avia-image-overlay-wrap'><img decoding=\"async\" class='wp-image-51165 avia-img-lazy-loading-not-51165 avia_image' src=\"https:\/\/radiorevelacionfm.cl\/wp-content\/uploads\/2025\/03\/foto-calisto-sala-congreso-1-1.jpeg\" alt='' title='foto calisto sala congreso (1) (1)' height=\"600\" width=\"900\"  itemprop=\"thumbnailUrl\" srcset=\"https:\/\/radiorevelacionfm.cl\/wp-content\/uploads\/2025\/03\/foto-calisto-sala-congreso-1-1.jpeg 900w, https:\/\/radiorevelacionfm.cl\/wp-content\/uploads\/2025\/03\/foto-calisto-sala-congreso-1-1-300x200.jpeg 300w, https:\/\/radiorevelacionfm.cl\/wp-content\/uploads\/2025\/03\/foto-calisto-sala-congreso-1-1-768x512.jpeg 768w, https:\/\/radiorevelacionfm.cl\/wp-content\/uploads\/2025\/03\/foto-calisto-sala-congreso-1-1-705x470.jpeg 705w, https:\/\/radiorevelacionfm.cl\/wp-content\/uploads\/2025\/03\/foto-calisto-sala-congreso-1-1-450x300.jpeg 450w, https:\/\/radiorevelacionfm.cl\/wp-content\/uploads\/2025\/03\/foto-calisto-sala-congreso-1-1-600x400.jpeg 600w\" sizes=\"(max-width: 900px) 100vw, 900px\" \/><\/div><\/div><\/div><\/div><div class=\"flex_column av_one_full  flex_column_div av-zero-column-padding first  avia-builder-el-2  el_after_av_one_full  el_before_av_one_full  column-top-margin\" style='border-radius:0px; '><section class=\"av_textblock_section \"  itemscope=\"itemscope\" itemtype=\"https:\/\/schema.org\/BlogPosting\" itemprop=\"blogPost\" ><div class='avia_textblock  '   itemprop=\"text\" ><p style=\"text-align: center;\"><span style=\"font-size: 18pt;\"><b>Diputado Calisto logra acuerdo un\u00e1nime en comisi\u00f3n de salud para oficiar a Minsal por altos costos en traslado que deben pagar pacientes oncol\u00f3gicos de Ays\u00e9n<\/b><\/span><\/p>\n<div id=\"gtx-trans\" style=\"position: absolute; left: -50px; top: 4.31534px;\">\n<div class=\"gtx-trans-icon\"><\/div>\n<\/div>\n<\/div><\/section><\/div><\/p>\n<div class=\"flex_column av_one_full  flex_column_div av-zero-column-padding first  avia-builder-el-4  el_after_av_one_full  el_before_av_hr  column-top-margin\" style='border-radius:0px; '><section class=\"av_textblock_section \"  itemscope=\"itemscope\" itemtype=\"https:\/\/schema.org\/BlogPosting\" itemprop=\"blogPost\" ><div class='avia_textblock  '   itemprop=\"text\" ><p style=\"text-align: justify;\">El diputado Miguel \u00c1ngel Calisto logr\u00f3 un importante acuerdo un\u00e1nime en la Comisi\u00f3n de Salud de la C\u00e1mara de Diputados, la cual decidi\u00f3 enviar un oficio de fiscalizaci\u00f3n conjunto a los Ministerios de Salud y Transporte. El objetivo es abordar la cr\u00edtica situaci\u00f3n que enfrentan los pacientes oncol\u00f3gicos de regiones extremas, como Ays\u00e9n, quienes deben trasladarse fuera de sus zonas para recibir tratamiento, incurriendo en elevados costos.<\/p>\n<p style=\"text-align: justify;\">La solicitud surge a ra\u00edz de una intervenci\u00f3n del diputado Calisto en la comisi\u00f3n, donde expuso la compleja realidad de los pacientes oncol\u00f3gicos en la Regi\u00f3n de Ays\u00e9n, respaldado por la Corporaci\u00f3n Onco Ays\u00e9n. \u00abLamentablemente, en nuestra regi\u00f3n de Ays\u00e9n tenemos altos indicadores de c\u00e1ncer, y esto se ve agravado por ser una regi\u00f3n extrema, sin suficiente resolutividad en materia de tratamiento oncol\u00f3gico,\u00bb se\u00f1al\u00f3 el diputado. \u00abEsto obliga a que todas las personas tengan que salir de la regi\u00f3n, abandonar sus casas y sus n\u00facleos familiares para poder acceder a tratamiento m\u00e9dico.\u00bb<\/p>\n<p style=\"text-align: justify;\">Calisto destac\u00f3 un problema recurrente en zonas extremas: los altos costos a\u00e9reos. Mencion\u00f3 que un pasaje de ida y vuelta desde Balmaceda a Santiago puede superar los $600.000, sin contar los gastos de estad\u00eda. A esto se suma que el GES no cubre el 100% de los gastos para los pacientes oncol\u00f3gicos, y la situaci\u00f3n es a\u00fan m\u00e1s precaria para quienes tienen ISAPRE, ya que deben costear gran parte de su tratamiento de forma particular.<\/p>\n<p style=\"text-align: justify;\">\u00abNecesitamos una visi\u00f3n estrat\u00e9gica,\u00bb enfatiz\u00f3 Calisto. \u00abPor ello, solicit\u00e9 a la comisi\u00f3n que el Ministerio de Salud pueda dialogar con el Ministerio de Transporte para que se establezca alg\u00fan convenio o mecanismo de apoyo para las personas en tratamiento oncol\u00f3gico que deben viajar fuera de su regi\u00f3n.\u00bb<\/p>\n<p style=\"text-align: justify;\">La unanimidad en el acuerdo de la comisi\u00f3n para enviar este oficio de fiscalizaci\u00f3n subraya la relevancia y urgencia del tema, demostrando un compromiso transversal para buscar soluciones a esta problem\u00e1tica que afecta a miles de chilenos en las zonas m\u00e1s apartadas del pa\u00eds. La medida busca presionar a las autoridades para que implementen pol\u00edticas que alivien la carga econ\u00f3mica y emocional de estos pacientes y sus familias.<\/p>\n<\/div><\/section><\/div>\n<div  style='height:50px' class='hr hr-invisible   avia-builder-el-6  el_after_av_one_full  el_before_av_social_share '><span class='hr-inner ' ><span class='hr-inner-style'><\/span><\/span><\/div>\n<div  class='av-social-sharing-box  avia-builder-el-7  el_after_av_hr  el_before_av_hr  '><div class='av-share-box'><h5 class='av-share-link-description av-no-toc '>Compartir esta noticia<\/h5><ul class='av-share-box-list noLightbox'><li class='av-share-link av-social-link-facebook' ><a target=\"_blank\" aria-label=\"Compartir en Facebook\" href='https:\/\/www.facebook.com\/sharer.php?u=https:\/\/radiorevelacionfm.cl\/?p=56779&#038;t=Diputado%20Calisto%20logra%20acuerdo%20un%C3%A1nime%20en%20comisi%C3%B3n%20de%20salud%20para%20oficiar%20a%20Minsal%20por%20altos%20costos%20en%20traslado%20que%20deben%20pagar%20pacientes%20oncol%C3%B3gicos%20de%20Ays%C3%A9n' aria-hidden='false' data-av_icon='\ue8f3' data-av_iconfont='entypo-fontello' title='' data-avia-related-tooltip='Compartir en Facebook' rel=\"noopener\"><span class='avia_hidden_link_text'>Compartir en Facebook<\/span><\/a><\/li><li class='av-share-link av-social-link-twitter' ><a target=\"_blank\" aria-label=\"Compartir en Twitter\" href='https:\/\/twitter.com\/share?text=Diputado%20Calisto%20logra%20acuerdo%20un%C3%A1nime%20en%20comisi%C3%B3n%20de%20salud%20para%20oficiar%20a%20Minsal%20por%20altos%20costos%20en%20traslado%20que%20deben%20pagar%20pacientes%20oncol%C3%B3gicos%20de%20Ays%C3%A9n&#038;url=https:\/\/radiorevelacionfm.cl\/?p=56779' aria-hidden='false' data-av_icon='\ue8f1' data-av_iconfont='entypo-fontello' title='' data-avia-related-tooltip='Compartir en Twitter' rel=\"noopener\"><span class='avia_hidden_link_text'>Compartir en Twitter<\/span><\/a><\/li><li class='av-share-link av-social-link-whatsapp' ><a target=\"_blank\" aria-label=\"Compartir en Whatsapp\" href='https:\/\/api.whatsapp.com\/send?text=https:\/\/radiorevelacionfm.cl\/?p=56779' aria-hidden='false' data-av_icon='\uf232' data-av_iconfont='entypo-fontello' title='' data-avia-related-tooltip='Compartir en Whatsapp' rel=\"noopener\"><span class='avia_hidden_link_text'>Compartir en Whatsapp<\/span><\/a><\/li><li class='av-share-link av-social-link-linkedin' ><a target=\"_blank\" aria-label=\"Compartir en LinkedIn\" href='https:\/\/linkedin.com\/shareArticle?mini=true&#038;title=Diputado%20Calisto%20logra%20acuerdo%20un%C3%A1nime%20en%20comisi%C3%B3n%20de%20salud%20para%20oficiar%20a%20Minsal%20por%20altos%20costos%20en%20traslado%20que%20deben%20pagar%20pacientes%20oncol%C3%B3gicos%20de%20Ays%C3%A9n&#038;url=https:\/\/radiorevelacionfm.cl\/?p=56779' aria-hidden='false' data-av_icon='\ue8fc' data-av_iconfont='entypo-fontello' title='' data-avia-related-tooltip='Compartir en LinkedIn' rel=\"noopener\"><span class='avia_hidden_link_text'>Compartir en LinkedIn<\/span><\/a><\/li><li class='av-share-link av-social-link-mail' ><a  aria-label=\"Compartir por correo\" href='mailto:?subject=Diputado%20Calisto%20logra%20acuerdo%20un%C3%A1nime%20en%20comisi%C3%B3n%20de%20salud%20para%20oficiar%20a%20Minsal%20por%20altos%20costos%20en%20traslado%20que%20deben%20pagar%20pacientes%20oncol%C3%B3gicos%20de%20Ays%C3%A9n&#038;body=https:\/\/radiorevelacionfm.cl\/?p=56779' aria-hidden='false' data-av_icon='\ue805' data-av_iconfont='entypo-fontello' title='' data-avia-related-tooltip='Compartir por correo'><span class='avia_hidden_link_text'>Compartir por correo<\/span><\/a><\/li><\/ul><\/div><\/div>\n<div  style='height:50px' class='hr hr-invisible   avia-builder-el-8  el_after_av_social_share  el_before_av_comments_list '><span class='hr-inner ' ><span class='hr-inner-style'><\/span><\/span><\/div>\n<div  class='av-buildercomment  av-blog-meta-html-info-disabled av-blog-meta-tag-disabled  '><\/div>\n","protected":false},"excerpt":{"rendered":"","protected":false},"author":1,"featured_media":51165,"comment_status":"closed","ping_status":"closed","sticky":false,"template":"","format":"standard","meta":{"footnotes":""},"categories":[35],"tags":[],"class_list":["post-56779","post","type-post","status-publish","format-standard","has-post-thumbnail","hentry","category-politica"],"jetpack_featured_media_url":"https:\/\/radiorevelacionfm.cl\/wp-content\/uploads\/2025\/03\/foto-calisto-sala-congreso-1-1.jpeg","_links":{"self":[{"href":"https:\/\/radiorevelacionfm.cl\/index.php?rest_route=\/wp\/v2\/posts\/56779","targetHints":{"allow":["GET"]}}],"collection":[{"href":"https:\/\/radiorevelacionfm.cl\/index.php?rest_route=\/wp\/v2\/posts"}],"about":[{"href":"https:\/\/radiorevelacionfm.cl\/index.php?rest_route=\/wp\/v2\/types\/post"}],"author":[{"embeddable":true,"href":"https:\/\/radiorevelacionfm.cl\/index.php?rest_route=\/wp\/v2\/users\/1"}],"replies":[{"embeddable":true,"href":"https:\/\/radiorevelacionfm.cl\/index.php?rest_route=%2Fwp%2Fv2%2Fcomments&post=56779"}],"version-history":[{"count":3,"href":"https:\/\/radiorevelacionfm.cl\/index.php?rest_route=\/wp\/v2\/posts\/56779\/revisions"}],"predecessor-version":[{"id":56854,"href":"https:\/\/radiorevelacionfm.cl\/index.php?rest_route=\/wp\/v2\/posts\/56779\/revisions\/56854"}],"wp:featuredmedia":[{"embeddable":true,"href":"https:\/\/radiorevelacionfm.cl\/index.php?rest_route=\/wp\/v2\/media\/51165"}],"wp:attachment":[{"href":"https:\/\/radiorevelacionfm.cl\/index.php?rest_route=%2Fwp%2Fv2%2Fmedia&parent=56779"}],"wp:term":[{"taxonomy":"category","embeddable":true,"href":"https:\/\/radiorevelacionfm.cl\/index.php?rest_route=%2Fwp%2Fv2%2Fcategories&post=56779"},{"taxonomy":"post_tag","embeddable":true,"href":"https:\/\/radiorevelacionfm.cl\/index.php?rest_route=%2Fwp%2Fv2%2Ftags&post=56779"}],"curies":[{"name":"wp","href":"https:\/\/api.w.org\/{rel}","templated":true}]}}