{"id":56774,"date":"2025-07-22T10:00:01","date_gmt":"2025-07-22T13:00:01","guid":{"rendered":"https:\/\/radiorevelacionfm.cl\/?p=56774"},"modified":"2025-07-22T10:00:01","modified_gmt":"2025-07-22T13:00:01","slug":"primera-mediacion-penal-juvenil-en-aysen-adolescentes-superan-conflicto-mediante-dialogo-y-empatia","status":"publish","type":"post","link":"https:\/\/radiorevelacionfm.cl\/?p=56774","title":{"rendered":"Primera mediaci\u00f3n penal juvenil en Ays\u00e9n: adolescentes superan conflicto mediante di\u00e1logo y empat\u00eda"},"content":{"rendered":"<div class=\"flex_column av_one_full  flex_column_div av-zero-column-padding first  avia-builder-el-0  el_before_av_one_full  avia-builder-el-first  \" style='border-radius:0px; '><div  class='avia-image-container  av-styling-    avia-builder-el-1  avia-builder-el-no-sibling  avia-align-center '  itemprop=\"image\" itemscope=\"itemscope\" itemtype=\"https:\/\/schema.org\/ImageObject\"  ><div class='avia-image-container-inner'><div class='avia-image-overlay-wrap'><img decoding=\"async\" class='wp-image-56775 avia-img-lazy-loading-not-56775 avia_image' src=\"https:\/\/radiorevelacionfm.cl\/wp-content\/uploads\/2025\/07\/mediaciOn-1-1_optimized-1.jpg\" alt='' title='mediaci\u00d3n-(1)-(1)_optimized (1)' height=\"600\" width=\"1136\"  itemprop=\"thumbnailUrl\" srcset=\"https:\/\/radiorevelacionfm.cl\/wp-content\/uploads\/2025\/07\/mediaciOn-1-1_optimized-1.jpg 1136w, https:\/\/radiorevelacionfm.cl\/wp-content\/uploads\/2025\/07\/mediaciOn-1-1_optimized-1-300x158.jpg 300w, https:\/\/radiorevelacionfm.cl\/wp-content\/uploads\/2025\/07\/mediaciOn-1-1_optimized-1-1030x544.jpg 1030w, https:\/\/radiorevelacionfm.cl\/wp-content\/uploads\/2025\/07\/mediaciOn-1-1_optimized-1-768x406.jpg 768w, https:\/\/radiorevelacionfm.cl\/wp-content\/uploads\/2025\/07\/mediaciOn-1-1_optimized-1-710x375.jpg 710w, https:\/\/radiorevelacionfm.cl\/wp-content\/uploads\/2025\/07\/mediaciOn-1-1_optimized-1-705x372.jpg 705w, https:\/\/radiorevelacionfm.cl\/wp-content\/uploads\/2025\/07\/mediaciOn-1-1_optimized-1-450x238.jpg 450w, https:\/\/radiorevelacionfm.cl\/wp-content\/uploads\/2025\/07\/mediaciOn-1-1_optimized-1-600x317.jpg 600w\" sizes=\"(max-width: 1136px) 100vw, 1136px\" \/><\/div><\/div><\/div><\/div><div class=\"flex_column av_one_full  flex_column_div av-zero-column-padding first  avia-builder-el-2  el_after_av_one_full  el_before_av_one_full  column-top-margin\" style='border-radius:0px; '><section class=\"av_textblock_section \"  itemscope=\"itemscope\" itemtype=\"https:\/\/schema.org\/BlogPosting\" itemprop=\"blogPost\" ><div class='avia_textblock  '   itemprop=\"text\" ><p style=\"text-align: center;\"><strong><span style=\"font-size: 18pt;\">Primera mediaci\u00f3n penal juvenil en Ays\u00e9n: adolescentes superan conflicto mediante di\u00e1logo y empat\u00eda<\/span><\/strong><\/p>\n<div id=\"gtx-trans\" style=\"position: absolute; left: -50px; top: 4.31534px;\">\n<div class=\"gtx-trans-icon\"><\/div>\n<\/div>\n<\/div><\/section><\/div><div class=\"flex_column av_one_full  flex_column_div av-zero-column-padding first  avia-builder-el-4  el_after_av_one_full  el_before_av_hr  column-top-margin\" style='border-radius:0px; '><section class=\"av_textblock_section \"  itemscope=\"itemscope\" itemtype=\"https:\/\/schema.org\/BlogPosting\" itemprop=\"blogPost\" ><div class='avia_textblock  '   itemprop=\"text\" ><p style=\"text-align: justify;\"><em>La ley 21.527 introdujo cambios institucionales y procedimentales en la Ley de Responsabilidad Penal Adolescente, para mejorar la gesti\u00f3n de las medidas y sanciones aplicadas a adolescentes infractores de ley.\u00a0<\/em><\/p>\n<p style=\"text-align: justify;\">En un hecho in\u00e9dito para la Regi\u00f3n de Ays\u00e9n, dos j\u00f3venes de 16 a\u00f1os que enfrentaron un conflicto entre s\u00ed son parte de un proceso de mediaci\u00f3n que busca resolver la situaci\u00f3n a trav\u00e9s del di\u00e1logo, la escucha activa y un compromiso de reparaci\u00f3n. Esta iniciativa forma parte de un nuevo enfoque en la justicia juvenil, que privilegia soluciones constructivas y evita la judicializaci\u00f3n innecesaria de adolescentes.<\/p>\n<p style=\"text-align: justify;\">Aunque la situaci\u00f3n fue calificada como un delito de lesiones menos graves, la aplicaci\u00f3n de este proceso restaurativo especializado permiti\u00f3 abordar el conflicto sin recurrir al sistema judicial tradicional.<\/p>\n<p style=\"text-align: justify;\">Cynthia Seguel, Mediadora Penal Juvenil del servicio, destac\u00f3 que \u201cla mediaci\u00f3n penal juvenil privilegia la reparaci\u00f3n del da\u00f1o y la responsabilizaci\u00f3n de los y las j\u00f3venes, m\u00e1s que el castigo. En esta experiencia, ambos j\u00f3venes se mostraron accesibles para alcanzar un acuerdo. As\u00ed, las v\u00edctimas pueden expresar sus necesidades y recibir reparaci\u00f3n directa. Este proceso favorece la reinserci\u00f3n social, evita la estigmatizaci\u00f3n y descongestiona el sistema judicial, adem\u00e1s de permitir soluciones flexibles y confidenciales donde todos participan activamente.\u201d<\/p>\n<p style=\"text-align: justify;\">Este tipo de mediaci\u00f3n penal juvenil se caracteriza por ser voluntaria, confidencial y guiada por un\/a mediador\/a imparcial, donde v\u00edctima e infractor se encuentran en un espacio seguro para dialogar, reconocer el da\u00f1o y construir juntos una reparaci\u00f3n, ya sea simb\u00f3lica o concreta.<\/p>\n<p style=\"text-align: justify;\">Para Israel Villavicencio, director regional del Servicio Nacional de Reinserci\u00f3n Juvenil \u201cEste proceso brinda a las v\u00edctimas la oportunidad de ser escuchadas, expresar sus necesidades y recibir una reparaci\u00f3n directa. Adem\u00e1s, favorece la reinserci\u00f3n social del adolescente, previene la reincidencia y evita su estigmatizaci\u00f3n. La mediaci\u00f3n fomenta la comunicaci\u00f3n, el empoderamiento de las partes y la construcci\u00f3n conjunta de acuerdos que promueven la convivencia y el respeto. Estos procesos permiten abordar los conflictos desde una perspectiva m\u00e1s humana, formativa y centrada en la reparaci\u00f3n del da\u00f1o\u201d, se\u00f1al\u00f3.<\/p>\n<p style=\"text-align: justify;\">La mediaci\u00f3n entre ambos j\u00f3venes deriv\u00f3 en una publicaci\u00f3n en sus respectivas redes sociales, asumiendo responsabilidad e intenci\u00f3n de mejorar su relaci\u00f3n.<\/p>\n<\/div><\/section><\/div><div  style='height:50px' class='hr hr-invisible   avia-builder-el-6  el_after_av_one_full  el_before_av_social_share '><span class='hr-inner ' ><span class='hr-inner-style'><\/span><\/span><\/div><\/p>\n<div  class='av-social-sharing-box  avia-builder-el-7  el_after_av_hr  el_before_av_hr  '><div class='av-share-box'><h5 class='av-share-link-description av-no-toc '>Compartir esta noticia<\/h5><ul class='av-share-box-list noLightbox'><li class='av-share-link av-social-link-facebook' ><a target=\"_blank\" aria-label=\"Compartir en Facebook\" href='https:\/\/www.facebook.com\/sharer.php?u=https:\/\/radiorevelacionfm.cl\/?p=56774&#038;t=Primera%20mediaci%C3%B3n%20penal%20juvenil%20en%20Ays%C3%A9n%3A%20adolescentes%20superan%20conflicto%20mediante%20di%C3%A1logo%20y%20empat%C3%ADa' aria-hidden='false' data-av_icon='\ue8f3' data-av_iconfont='entypo-fontello' title='' data-avia-related-tooltip='Compartir en Facebook' rel=\"noopener\"><span class='avia_hidden_link_text'>Compartir en Facebook<\/span><\/a><\/li><li class='av-share-link av-social-link-twitter' ><a target=\"_blank\" aria-label=\"Compartir en Twitter\" href='https:\/\/twitter.com\/share?text=Primera%20mediaci%C3%B3n%20penal%20juvenil%20en%20Ays%C3%A9n%3A%20adolescentes%20superan%20conflicto%20mediante%20di%C3%A1logo%20y%20empat%C3%ADa&#038;url=https:\/\/radiorevelacionfm.cl\/?p=56774' aria-hidden='false' data-av_icon='\ue8f1' data-av_iconfont='entypo-fontello' title='' data-avia-related-tooltip='Compartir en Twitter' rel=\"noopener\"><span class='avia_hidden_link_text'>Compartir en Twitter<\/span><\/a><\/li><li class='av-share-link av-social-link-whatsapp' ><a target=\"_blank\" aria-label=\"Compartir en Whatsapp\" href='https:\/\/api.whatsapp.com\/send?text=https:\/\/radiorevelacionfm.cl\/?p=56774' aria-hidden='false' data-av_icon='\uf232' data-av_iconfont='entypo-fontello' title='' data-avia-related-tooltip='Compartir en Whatsapp' rel=\"noopener\"><span class='avia_hidden_link_text'>Compartir en Whatsapp<\/span><\/a><\/li><li class='av-share-link av-social-link-linkedin' ><a target=\"_blank\" aria-label=\"Compartir en LinkedIn\" href='https:\/\/linkedin.com\/shareArticle?mini=true&#038;title=Primera%20mediaci%C3%B3n%20penal%20juvenil%20en%20Ays%C3%A9n%3A%20adolescentes%20superan%20conflicto%20mediante%20di%C3%A1logo%20y%20empat%C3%ADa&#038;url=https:\/\/radiorevelacionfm.cl\/?p=56774' aria-hidden='false' data-av_icon='\ue8fc' data-av_iconfont='entypo-fontello' title='' data-avia-related-tooltip='Compartir en LinkedIn' rel=\"noopener\"><span class='avia_hidden_link_text'>Compartir en LinkedIn<\/span><\/a><\/li><li class='av-share-link av-social-link-mail' ><a  aria-label=\"Compartir por correo\" href='mailto:?subject=Primera%20mediaci%C3%B3n%20penal%20juvenil%20en%20Ays%C3%A9n%3A%20adolescentes%20superan%20conflicto%20mediante%20di%C3%A1logo%20y%20empat%C3%ADa&#038;body=https:\/\/radiorevelacionfm.cl\/?p=56774' aria-hidden='false' data-av_icon='\ue805' data-av_iconfont='entypo-fontello' title='' data-avia-related-tooltip='Compartir por correo'><span class='avia_hidden_link_text'>Compartir por correo<\/span><\/a><\/li><\/ul><\/div><\/div>\n<div  style='height:50px' class='hr hr-invisible   avia-builder-el-8  el_after_av_social_share  el_before_av_comments_list '><span class='hr-inner ' ><span class='hr-inner-style'><\/span><\/span><\/div>\n<div  class='av-buildercomment  av-blog-meta-html-info-disabled av-blog-meta-tag-disabled  '><\/div>\n","protected":false},"excerpt":{"rendered":"","protected":false},"author":1,"featured_media":56775,"comment_status":"closed","ping_status":"closed","sticky":false,"template":"","format":"standard","meta":{"footnotes":""},"categories":[55],"tags":[],"class_list":["post-56774","post","type-post","status-publish","format-standard","has-post-thumbnail","hentry","category-justicia"],"jetpack_featured_media_url":"https:\/\/radiorevelacionfm.cl\/wp-content\/uploads\/2025\/07\/mediaciOn-1-1_optimized-1.jpg","_links":{"self":[{"href":"https:\/\/radiorevelacionfm.cl\/index.php?rest_route=\/wp\/v2\/posts\/56774","targetHints":{"allow":["GET"]}}],"collection":[{"href":"https:\/\/radiorevelacionfm.cl\/index.php?rest_route=\/wp\/v2\/posts"}],"about":[{"href":"https:\/\/radiorevelacionfm.cl\/index.php?rest_route=\/wp\/v2\/types\/post"}],"author":[{"embeddable":true,"href":"https:\/\/radiorevelacionfm.cl\/index.php?rest_route=\/wp\/v2\/users\/1"}],"replies":[{"embeddable":true,"href":"https:\/\/radiorevelacionfm.cl\/index.php?rest_route=%2Fwp%2Fv2%2Fcomments&post=56774"}],"version-history":[{"count":2,"href":"https:\/\/radiorevelacionfm.cl\/index.php?rest_route=\/wp\/v2\/posts\/56774\/revisions"}],"predecessor-version":[{"id":56792,"href":"https:\/\/radiorevelacionfm.cl\/index.php?rest_route=\/wp\/v2\/posts\/56774\/revisions\/56792"}],"wp:featuredmedia":[{"embeddable":true,"href":"https:\/\/radiorevelacionfm.cl\/index.php?rest_route=\/wp\/v2\/media\/56775"}],"wp:attachment":[{"href":"https:\/\/radiorevelacionfm.cl\/index.php?rest_route=%2Fwp%2Fv2%2Fmedia&parent=56774"}],"wp:term":[{"taxonomy":"category","embeddable":true,"href":"https:\/\/radiorevelacionfm.cl\/index.php?rest_route=%2Fwp%2Fv2%2Fcategories&post=56774"},{"taxonomy":"post_tag","embeddable":true,"href":"https:\/\/radiorevelacionfm.cl\/index.php?rest_route=%2Fwp%2Fv2%2Ftags&post=56774"}],"curies":[{"name":"wp","href":"https:\/\/api.w.org\/{rel}","templated":true}]}}