{"id":56766,"date":"2025-07-21T18:09:57","date_gmt":"2025-07-21T21:09:57","guid":{"rendered":"https:\/\/radiorevelacionfm.cl\/?p=56766"},"modified":"2025-07-21T18:34:34","modified_gmt":"2025-07-21T21:34:34","slug":"la-junta-imputado-que-tenia-prohibido-acercarse-a-su-ex-pareja-fue-condenado-por-desacato","status":"publish","type":"post","link":"https:\/\/radiorevelacionfm.cl\/?p=56766","title":{"rendered":"La Junta: Imputado que ten\u00eda prohibido acercarse a su ex pareja fue condenado por desacato"},"content":{"rendered":"<div class=\"flex_column av_one_full  flex_column_div av-zero-column-padding first  avia-builder-el-0  el_before_av_one_full  avia-builder-el-first  \" style='border-radius:0px; '><div  class='avia-image-container  av-styling-    avia-builder-el-1  avia-builder-el-no-sibling  avia-align-center '  itemprop=\"image\" itemscope=\"itemscope\" itemtype=\"https:\/\/schema.org\/ImageObject\"  ><div class='avia-image-container-inner'><div class='avia-image-overlay-wrap'><img decoding=\"async\" class='wp-image-56772 avia-img-lazy-loading-not-56772 avia_image' src=\"https:\/\/radiorevelacionfm.cl\/wp-content\/uploads\/2025\/07\/Fiscal_Pino2-2-1-1.jpeg\" alt='' title='Fiscal_Pino2 (2) (1) (1)' height=\"600\" width=\"950\"  itemprop=\"thumbnailUrl\" srcset=\"https:\/\/radiorevelacionfm.cl\/wp-content\/uploads\/2025\/07\/Fiscal_Pino2-2-1-1.jpeg 950w, https:\/\/radiorevelacionfm.cl\/wp-content\/uploads\/2025\/07\/Fiscal_Pino2-2-1-1-300x189.jpeg 300w, https:\/\/radiorevelacionfm.cl\/wp-content\/uploads\/2025\/07\/Fiscal_Pino2-2-1-1-768x485.jpeg 768w, https:\/\/radiorevelacionfm.cl\/wp-content\/uploads\/2025\/07\/Fiscal_Pino2-2-1-1-705x445.jpeg 705w, https:\/\/radiorevelacionfm.cl\/wp-content\/uploads\/2025\/07\/Fiscal_Pino2-2-1-1-450x284.jpeg 450w, https:\/\/radiorevelacionfm.cl\/wp-content\/uploads\/2025\/07\/Fiscal_Pino2-2-1-1-600x379.jpeg 600w\" sizes=\"(max-width: 950px) 100vw, 950px\" \/><\/div><\/div><\/div><\/div><div class=\"flex_column av_one_full  flex_column_div av-zero-column-padding first  avia-builder-el-2  el_after_av_one_full  el_before_av_one_full  column-top-margin\" style='border-radius:0px; '><section class=\"av_textblock_section \"  itemscope=\"itemscope\" itemtype=\"https:\/\/schema.org\/BlogPosting\" itemprop=\"blogPost\" ><div class='avia_textblock  '   itemprop=\"text\" ><p style=\"text-align: center;\"><strong><span style=\"font-size: 18pt;\">La Junta: Imputado que ten\u00eda prohibido acercarse a su ex pareja fue condenado por desacato<\/span><\/strong><\/p>\n<div id=\"gtx-trans\" style=\"position: absolute; left: -50px; top: 4.31534px;\">\n<div class=\"gtx-trans-icon\"><\/div>\n<\/div>\n<\/div><\/section><\/div><\/p>\n<div class=\"flex_column av_one_full  flex_column_div av-zero-column-padding first  avia-builder-el-4  el_after_av_one_full  el_before_av_hr  column-top-margin\" style='border-radius:0px; '><section class=\"av_textblock_section \"  itemscope=\"itemscope\" itemtype=\"https:\/\/schema.org\/BlogPosting\" itemprop=\"blogPost\" ><div class='avia_textblock  '   itemprop=\"text\" ><p style=\"font-weight: 400; text-align: justify;\">El 18 de junio del 2024, mientras se desarrollaba una audiencia ante el Juzgado de Familia de Cisnes, mediante la modalidad semipresencial, se logr\u00f3 visualizar al imputado en el inmueble de la v\u00edctima.<\/p>\n<p style=\"font-weight: 400; text-align: justify;\">Luego de una investigaci\u00f3n de la Fiscal\u00eda Local de Ays\u00e9n-Cisnes, fue condenado a quinientos cuarenta y un d\u00edas de reclusi\u00f3n un sujeto de 36 a\u00f1os acusado de desacato, en el marco de una causa por violencia intrafamiliar, delito cometido el d\u00eda 18 de junio de 2024 en La Junta, comuna de Cisnes. Al juicio concurri\u00f3 el fiscal Fernando Pino Molina y las diligencias investigativas del caso fueron efectuadas por funcionarios de Carabineros de La Junta.<\/p>\n<p style=\"font-weight: 400; text-align: justify;\">La pena aplicada al imputado ser\u00e1 cumplida bajo la modalidad de reclusi\u00f3n nocturna en su domicilio, seg\u00fan determin\u00f3 el Tribunal de Juicio Oral en Lo Penal.<\/p>\n<p style=\"font-weight: 400; text-align: justify;\">Adem\u00e1s, en esta condena, se impuso al sentenciado la prohibici\u00f3n de acercarse a la v\u00edctima o a su domicilio, lugar de trabajo, estudio o cualquier otro lugar en que se encuentre o visite regularmente, y la prohibici\u00f3n de comunicarse con la v\u00edctima, por el plazo de un a\u00f1o. A lo anterior, se suma la asistencia obligatoria del imputado a un programa terap\u00e9utico o de orientaci\u00f3n familiar.<\/p>\n<p style=\"font-weight: 400; text-align: justify;\">HECHOS<\/p>\n<p style=\"font-weight: 400; text-align: justify;\">Los hechos de la acusaci\u00f3n de la Fiscal\u00eda, detallan que con fecha 12 junio de 2024, el Juzgado de Familia de Puerto Cisnes decret\u00f3 en contra del imputado medidas cautelares, en atenci\u00f3n a hechos de violencia intrafamiliar, consistentes en la obligaci\u00f3n de hacer abandono del hogar en com\u00fan que compart\u00eda con la v\u00edctima quien era su conviviente en La Junta, sumado a la prohibici\u00f3n de acercarse a ella, su domicilio, lugar trabajo o cualquiera que visite habitualmente, por un plazo de 90 d\u00edas. Estas prohibiciones fueron notificadas al imputado personalmente, con fecha 14 de junio de 2024, por funcionarios de Carabineros de Chile.<\/p>\n<p style=\"font-weight: 400; text-align: justify;\">Sin embargo, el 18 de junio del 2024, a las 09.23 horas aproximadamente, mientras se desarrollaba una audiencia ante el Juzgado de Familia de Cisnes, mediante la modalidad semipresencial, se logr\u00f3 visualizar al imputado en el inmueble de la v\u00edctima. Por lo anterior, se dispuso -por el fiscal de turno- una orden de investigar a Carabineros, quienes concurrieron inmediatamente a la casa de la v\u00edctima, encontrando al imputado en su interior, aproximadamente a las 09.45 horas.<\/p>\n<p style=\"font-weight: 400; text-align: justify;\">Lo anterior transgrede la medida cautelar de hacer abandono del hogar en com\u00fan y prohibici\u00f3n de acercarse a su ex conviviente que se encontraba vigente y que hab\u00eda sido dictada 7 d\u00edas antes por el Juzgado de Familia de Cisnes, todo lo cual fue expuesto en el juicio por el fiscal Fernando Pino.<\/p>\n<p style=\"font-weight: 400; text-align: justify;\">La sentencia en este caso fue dictada por los jueces del Tribunal de Juicio Oral en Lo Penal, M\u00f3nica Coloma Pulgar, Rosal\u00eda Mansilla Quiroz y Patricio Z\u00fa\u00f1iga Valenzuela.<\/p>\n<\/div><\/section><\/div>\n<div  style='height:50px' class='hr hr-invisible   avia-builder-el-6  el_after_av_one_full  el_before_av_social_share '><span class='hr-inner ' ><span class='hr-inner-style'><\/span><\/span><\/div>\n<div  class='av-social-sharing-box  avia-builder-el-7  el_after_av_hr  el_before_av_hr  '><div class='av-share-box'><h5 class='av-share-link-description av-no-toc '>Compartir esta noticia<\/h5><ul class='av-share-box-list noLightbox'><li class='av-share-link av-social-link-facebook' ><a target=\"_blank\" aria-label=\"Compartir en Facebook\" href='https:\/\/www.facebook.com\/sharer.php?u=https:\/\/radiorevelacionfm.cl\/?p=56766&#038;t=La%20Junta%3A%20Imputado%20que%20ten%C3%ADa%20prohibido%20acercarse%20a%20su%20ex%20pareja%20fue%20condenado%20por%20desacato' aria-hidden='false' data-av_icon='\ue8f3' data-av_iconfont='entypo-fontello' title='' data-avia-related-tooltip='Compartir en Facebook' rel=\"noopener\"><span class='avia_hidden_link_text'>Compartir en Facebook<\/span><\/a><\/li><li class='av-share-link av-social-link-twitter' ><a target=\"_blank\" aria-label=\"Compartir en Twitter\" href='https:\/\/twitter.com\/share?text=La%20Junta%3A%20Imputado%20que%20ten%C3%ADa%20prohibido%20acercarse%20a%20su%20ex%20pareja%20fue%20condenado%20por%20desacato&#038;url=https:\/\/radiorevelacionfm.cl\/?p=56766' aria-hidden='false' data-av_icon='\ue8f1' data-av_iconfont='entypo-fontello' title='' data-avia-related-tooltip='Compartir en Twitter' rel=\"noopener\"><span class='avia_hidden_link_text'>Compartir en Twitter<\/span><\/a><\/li><li class='av-share-link av-social-link-whatsapp' ><a target=\"_blank\" aria-label=\"Compartir en Whatsapp\" href='https:\/\/api.whatsapp.com\/send?text=https:\/\/radiorevelacionfm.cl\/?p=56766' aria-hidden='false' data-av_icon='\uf232' data-av_iconfont='entypo-fontello' title='' data-avia-related-tooltip='Compartir en Whatsapp' rel=\"noopener\"><span class='avia_hidden_link_text'>Compartir en Whatsapp<\/span><\/a><\/li><li class='av-share-link av-social-link-linkedin' ><a target=\"_blank\" aria-label=\"Compartir en LinkedIn\" href='https:\/\/linkedin.com\/shareArticle?mini=true&#038;title=La%20Junta%3A%20Imputado%20que%20ten%C3%ADa%20prohibido%20acercarse%20a%20su%20ex%20pareja%20fue%20condenado%20por%20desacato&#038;url=https:\/\/radiorevelacionfm.cl\/?p=56766' aria-hidden='false' data-av_icon='\ue8fc' data-av_iconfont='entypo-fontello' title='' data-avia-related-tooltip='Compartir en LinkedIn' rel=\"noopener\"><span class='avia_hidden_link_text'>Compartir en LinkedIn<\/span><\/a><\/li><li class='av-share-link av-social-link-mail' ><a  aria-label=\"Compartir por correo\" href='mailto:?subject=La%20Junta%3A%20Imputado%20que%20ten%C3%ADa%20prohibido%20acercarse%20a%20su%20ex%20pareja%20fue%20condenado%20por%20desacato&#038;body=https:\/\/radiorevelacionfm.cl\/?p=56766' aria-hidden='false' data-av_icon='\ue805' data-av_iconfont='entypo-fontello' title='' data-avia-related-tooltip='Compartir por correo'><span class='avia_hidden_link_text'>Compartir por correo<\/span><\/a><\/li><\/ul><\/div><\/div>\n<div  style='height:50px' class='hr hr-invisible   avia-builder-el-8  el_after_av_social_share  el_before_av_comments_list '><span class='hr-inner ' ><span class='hr-inner-style'><\/span><\/span><\/div>\n<div  class='av-buildercomment  av-blog-meta-html-info-disabled av-blog-meta-tag-disabled  '><\/div>\n","protected":false},"excerpt":{"rendered":"","protected":false},"author":1,"featured_media":56772,"comment_status":"closed","ping_status":"closed","sticky":false,"template":"","format":"standard","meta":{"footnotes":""},"categories":[55],"tags":[],"class_list":["post-56766","post","type-post","status-publish","format-standard","has-post-thumbnail","hentry","category-justicia"],"jetpack_featured_media_url":"https:\/\/radiorevelacionfm.cl\/wp-content\/uploads\/2025\/07\/Fiscal_Pino2-2-1-1.jpeg","_links":{"self":[{"href":"https:\/\/radiorevelacionfm.cl\/index.php?rest_route=\/wp\/v2\/posts\/56766","targetHints":{"allow":["GET"]}}],"collection":[{"href":"https:\/\/radiorevelacionfm.cl\/index.php?rest_route=\/wp\/v2\/posts"}],"about":[{"href":"https:\/\/radiorevelacionfm.cl\/index.php?rest_route=\/wp\/v2\/types\/post"}],"author":[{"embeddable":true,"href":"https:\/\/radiorevelacionfm.cl\/index.php?rest_route=\/wp\/v2\/users\/1"}],"replies":[{"embeddable":true,"href":"https:\/\/radiorevelacionfm.cl\/index.php?rest_route=%2Fwp%2Fv2%2Fcomments&post=56766"}],"version-history":[{"count":3,"href":"https:\/\/radiorevelacionfm.cl\/index.php?rest_route=\/wp\/v2\/posts\/56766\/revisions"}],"predecessor-version":[{"id":56771,"href":"https:\/\/radiorevelacionfm.cl\/index.php?rest_route=\/wp\/v2\/posts\/56766\/revisions\/56771"}],"wp:featuredmedia":[{"embeddable":true,"href":"https:\/\/radiorevelacionfm.cl\/index.php?rest_route=\/wp\/v2\/media\/56772"}],"wp:attachment":[{"href":"https:\/\/radiorevelacionfm.cl\/index.php?rest_route=%2Fwp%2Fv2%2Fmedia&parent=56766"}],"wp:term":[{"taxonomy":"category","embeddable":true,"href":"https:\/\/radiorevelacionfm.cl\/index.php?rest_route=%2Fwp%2Fv2%2Fcategories&post=56766"},{"taxonomy":"post_tag","embeddable":true,"href":"https:\/\/radiorevelacionfm.cl\/index.php?rest_route=%2Fwp%2Fv2%2Ftags&post=56766"}],"curies":[{"name":"wp","href":"https:\/\/api.w.org\/{rel}","templated":true}]}}