{"id":56762,"date":"2025-07-21T20:25:57","date_gmt":"2025-07-21T23:25:57","guid":{"rendered":"https:\/\/radiorevelacionfm.cl\/?p=56762"},"modified":"2025-07-21T20:25:57","modified_gmt":"2025-07-21T23:25:57","slug":"bienes-nacionales-avanza-en-la-actualizacion-de-la-ruta-patrimonial-caleta-tortel-campo-de-hielo-norte","status":"publish","type":"post","link":"https:\/\/radiorevelacionfm.cl\/?p=56762","title":{"rendered":"Bienes Nacionales avanza en la actualizaci\u00f3n de la Ruta Patrimonial Caleta Tortel \u2013 Campo de Hielo Norte"},"content":{"rendered":"<div class=\"flex_column av_one_full  flex_column_div av-zero-column-padding first  avia-builder-el-0  el_before_av_one_full  avia-builder-el-first  \" style='border-radius:0px; '><div  class='avia-image-container  av-styling-    avia-builder-el-1  avia-builder-el-no-sibling  avia-align-center '  itemprop=\"image\" itemscope=\"itemscope\" itemtype=\"https:\/\/schema.org\/ImageObject\"  ><div class='avia-image-container-inner'><div class='avia-image-overlay-wrap'><img decoding=\"async\" class='wp-image-56763 avia-img-lazy-loading-not-56763 avia_image' src=\"https:\/\/radiorevelacionfm.cl\/wp-content\/uploads\/2025\/07\/IMG_20250428_150833526_HDR-1-1.jpg\" alt='' title='IMG_20250428_150833526_HDR (1) (1)' height=\"605\" width=\"804\"  itemprop=\"thumbnailUrl\" srcset=\"https:\/\/radiorevelacionfm.cl\/wp-content\/uploads\/2025\/07\/IMG_20250428_150833526_HDR-1-1.jpg 804w, https:\/\/radiorevelacionfm.cl\/wp-content\/uploads\/2025\/07\/IMG_20250428_150833526_HDR-1-1-300x226.jpg 300w, https:\/\/radiorevelacionfm.cl\/wp-content\/uploads\/2025\/07\/IMG_20250428_150833526_HDR-1-1-768x578.jpg 768w, https:\/\/radiorevelacionfm.cl\/wp-content\/uploads\/2025\/07\/IMG_20250428_150833526_HDR-1-1-705x531.jpg 705w, https:\/\/radiorevelacionfm.cl\/wp-content\/uploads\/2025\/07\/IMG_20250428_150833526_HDR-1-1-450x339.jpg 450w, https:\/\/radiorevelacionfm.cl\/wp-content\/uploads\/2025\/07\/IMG_20250428_150833526_HDR-1-1-600x451.jpg 600w\" sizes=\"(max-width: 804px) 100vw, 804px\" \/><\/div><\/div><\/div><\/div><div class=\"flex_column av_one_full  flex_column_div av-zero-column-padding first  avia-builder-el-2  el_after_av_one_full  el_before_av_one_full  column-top-margin\" style='border-radius:0px; '><section class=\"av_textblock_section \"  itemscope=\"itemscope\" itemtype=\"https:\/\/schema.org\/BlogPosting\" itemprop=\"blogPost\" ><div class='avia_textblock  '   itemprop=\"text\" ><p style=\"text-align: center;\"><span style=\"font-size: 18pt;\"><strong>Bienes Nacionales avanza en la actualizaci\u00f3n de la Ruta Patrimonial <\/strong><\/span><span style=\"font-size: 18pt;\"><strong>Caleta Tortel \u2013 Campo de Hielo Norte<\/strong><\/span><\/p>\n<div id=\"gtx-trans\" style=\"position: absolute; left: -50px; top: 4.31534px;\">\n<div class=\"gtx-trans-icon\"><\/div>\n<\/div>\n<\/div><\/section><\/div><div class=\"flex_column av_one_full  flex_column_div av-zero-column-padding first  avia-builder-el-4  el_after_av_one_full  el_before_av_hr  column-top-margin\" style='border-radius:0px; '><section class=\"av_textblock_section \"  itemscope=\"itemscope\" itemtype=\"https:\/\/schema.org\/BlogPosting\" itemprop=\"blogPost\" ><div class='avia_textblock  '   itemprop=\"text\" ><p style=\"text-align: justify;\"><em>Con ejercicios de participaci\u00f3n ciudadana se lleva a cabo el estudio para la actualizaci\u00f3n de esta ruta que busca contribuir al turismo en la comuna de Tortel.<\/em><\/p>\n<p style=\"text-align: justify;\">El programa Rutas Patrimoniales (RP) impulsado por el Ministerio de Bienes Nacionales, desde hace m\u00e1s de dos d\u00e9cadas, busca poner en valor la memoria, el paisaje y la identidad de los territorios a trav\u00e9s de circuitos tem\u00e1ticos que integran tanto la historia local como el entorno natural, potenciando el turismo de los lugares donde se han creado las 85 reconocidas Rutas Patrimoniales, distribuidas a nivel pa\u00eds en Rutas de la Memoria, Culturales y Naturales.<\/p>\n<p style=\"text-align: justify;\">En nuestra regi\u00f3n, existen cinco Rutas Patrimoniales: \u201cCuenca del Palena La Junta \u2013 Ra\u00fal Mar\u00edn Balmaceda\u201d, \u201cLago Verde \u2013 Lago Palena, Huella Los Troperos, Andes Patag\u00f3nicos\u201d, \u201cLos Glaciares: Campo de Hielo Sur\u201d, \u201cR\u00edo Mosco: Bien Nacional Protegido\u201d y \u201cCaleta Tortel-Campo de Hielo Norte\u201d; precisamente, en esta \u00faltima RP, el Ministerio de Bienes Nacionales ha visualizado su gran potencial debido a su cercan\u00eda con la comunidad y el trabajo que desarrollan en torno al turismo, por lo mismo, es que durante este 2025, se ha dado inicio a un estudio, el cual ya ha contemplado dos talleres de participaci\u00f3n ciudadana en Caleta Tortel donde se han recogido percepciones, saberes locales, valoraciones del patrimonio y propuestas de mejora para la actualizaci\u00f3n de la RP Caleta Tortel \u2013 Campo de Hielo Norte.<\/p>\n<p style=\"text-align: justify;\"><em>As\u00ed afirm\u00f3 la Seremi de Bienes Nacionales de la regi\u00f3n de Ays\u00e9n, Irina Morend Valdebenito, \u201cel prop\u00f3sito es actualizar los contenidos de la ruta patrimonial creada al 2004. Y el objetivo de los talleres de participaci\u00f3n ciudadana es la incorporaci\u00f3n de la visi\u00f3n de los actores p\u00fablicos y locales, tanto las organizaciones locales, actores privados y p\u00fablicos. Es importante se\u00f1alar que este proceso de actualizaci\u00f3n revaloriza el patrimonio fiscal y adem\u00e1s reafirma el compromiso del Ministerio de Bienes Nacionales con la democratizaci\u00f3n del acceso al patrimonio fiscal, pero tambi\u00e9n la puesta en valor de la riqueza natural y cultural en este caso de Tortel\u201d.<\/em><\/p>\n<p style=\"text-align: justify;\">De igual forma, la autoridad regional coment\u00f3 que, adem\u00e1s de los talleres participativos, el equipo a cargo del estudio realiz\u00f3 un terreno exploratorio en Tortel, itinerario que contempl\u00f3 un trayecto por la localidad desde Rinc\u00f3n Alto hasta Junquillo, pasando por lugares como el mirador El Faro, el centro c\u00edvico, la plaza Kaweskar, la desembocadura del r\u00edo Baker, pasarela humedal, el aer\u00f3dromo, el cerro Vig\u00eda, la Isla de los Muertos, entre otros. Asimismo, como parte del desarrollo del proyecto, tambi\u00e9n se han llevado a cabo entrevistas a diversos actores clave del territorio, entre los que se encuentran navegantes, acad\u00e9micos, cultores, funcionarios municipales, quienes han entregado una mirada valiosa del territorio desde su habitar cotidiano.<\/p>\n<p style=\"text-align: justify;\">Este estudio, espera concretarse entre octubre y noviembre de este a\u00f1o, finalizando con productos de difusi\u00f3n, tales como topogu\u00edas y mapas desplegables, cerrando as\u00ed un proceso colaborativo que busca integrar las voces y conocimientos locales en el dise\u00f1o actualizado de la RP, lo que permitir\u00e1 \u00a0abrir gratuitamente al p\u00fablico, terrenos fiscales de alto valor social, hist\u00f3rico, cultural y natural, mediante recorridos autoguiados que pueden ser transitados y relevar sitios de alto valor natural y patrimonial, contribuyendo a un turismo con sello e identidad local.<\/p>\n<p style=\"text-align: justify;\"><strong>\u00a0<\/strong><\/p>\n<\/div><\/section><\/div><div  style='height:50px' class='hr hr-invisible   avia-builder-el-6  el_after_av_one_full  el_before_av_social_share '><span class='hr-inner ' ><span class='hr-inner-style'><\/span><\/span><\/div><\/p>\n<div  class='av-social-sharing-box  avia-builder-el-7  el_after_av_hr  el_before_av_hr  '><div class='av-share-box'><h5 class='av-share-link-description av-no-toc '>Compartir esta noticia<\/h5><ul class='av-share-box-list noLightbox'><li class='av-share-link av-social-link-facebook' ><a target=\"_blank\" aria-label=\"Compartir en Facebook\" href='https:\/\/www.facebook.com\/sharer.php?u=https:\/\/radiorevelacionfm.cl\/?p=56762&#038;t=Bienes%20Nacionales%20avanza%20en%20la%20actualizaci%C3%B3n%20de%20la%20Ruta%20Patrimonial%20Caleta%20Tortel%20%E2%80%93%20Campo%20de%20Hielo%20Norte' aria-hidden='false' data-av_icon='\ue8f3' data-av_iconfont='entypo-fontello' title='' data-avia-related-tooltip='Compartir en Facebook' rel=\"noopener\"><span class='avia_hidden_link_text'>Compartir en Facebook<\/span><\/a><\/li><li class='av-share-link av-social-link-twitter' ><a target=\"_blank\" aria-label=\"Compartir en Twitter\" href='https:\/\/twitter.com\/share?text=Bienes%20Nacionales%20avanza%20en%20la%20actualizaci%C3%B3n%20de%20la%20Ruta%20Patrimonial%20Caleta%20Tortel%20%E2%80%93%20Campo%20de%20Hielo%20Norte&#038;url=https:\/\/radiorevelacionfm.cl\/?p=56762' aria-hidden='false' data-av_icon='\ue8f1' data-av_iconfont='entypo-fontello' title='' data-avia-related-tooltip='Compartir en Twitter' rel=\"noopener\"><span class='avia_hidden_link_text'>Compartir en Twitter<\/span><\/a><\/li><li class='av-share-link av-social-link-whatsapp' ><a target=\"_blank\" aria-label=\"Compartir en Whatsapp\" href='https:\/\/api.whatsapp.com\/send?text=https:\/\/radiorevelacionfm.cl\/?p=56762' aria-hidden='false' data-av_icon='\uf232' data-av_iconfont='entypo-fontello' title='' data-avia-related-tooltip='Compartir en Whatsapp' rel=\"noopener\"><span class='avia_hidden_link_text'>Compartir en Whatsapp<\/span><\/a><\/li><li class='av-share-link av-social-link-linkedin' ><a target=\"_blank\" aria-label=\"Compartir en LinkedIn\" href='https:\/\/linkedin.com\/shareArticle?mini=true&#038;title=Bienes%20Nacionales%20avanza%20en%20la%20actualizaci%C3%B3n%20de%20la%20Ruta%20Patrimonial%20Caleta%20Tortel%20%E2%80%93%20Campo%20de%20Hielo%20Norte&#038;url=https:\/\/radiorevelacionfm.cl\/?p=56762' aria-hidden='false' data-av_icon='\ue8fc' data-av_iconfont='entypo-fontello' title='' data-avia-related-tooltip='Compartir en LinkedIn' rel=\"noopener\"><span class='avia_hidden_link_text'>Compartir en LinkedIn<\/span><\/a><\/li><li class='av-share-link av-social-link-mail' ><a  aria-label=\"Compartir por correo\" href='mailto:?subject=Bienes%20Nacionales%20avanza%20en%20la%20actualizaci%C3%B3n%20de%20la%20Ruta%20Patrimonial%20Caleta%20Tortel%20%E2%80%93%20Campo%20de%20Hielo%20Norte&#038;body=https:\/\/radiorevelacionfm.cl\/?p=56762' aria-hidden='false' data-av_icon='\ue805' data-av_iconfont='entypo-fontello' title='' data-avia-related-tooltip='Compartir por correo'><span class='avia_hidden_link_text'>Compartir por correo<\/span><\/a><\/li><\/ul><\/div><\/div>\n<div  style='height:50px' class='hr hr-invisible   avia-builder-el-8  el_after_av_social_share  el_before_av_comments_list '><span class='hr-inner ' ><span class='hr-inner-style'><\/span><\/span><\/div>\n<div  class='av-buildercomment  av-blog-meta-html-info-disabled av-blog-meta-tag-disabled  '><\/div>\n","protected":false},"excerpt":{"rendered":"","protected":false},"author":1,"featured_media":56763,"comment_status":"closed","ping_status":"closed","sticky":false,"template":"","format":"standard","meta":{"footnotes":""},"categories":[38],"tags":[],"class_list":["post-56762","post","type-post","status-publish","format-standard","has-post-thumbnail","hentry","category-regional"],"jetpack_featured_media_url":"https:\/\/radiorevelacionfm.cl\/wp-content\/uploads\/2025\/07\/IMG_20250428_150833526_HDR-1-1.jpg","_links":{"self":[{"href":"https:\/\/radiorevelacionfm.cl\/index.php?rest_route=\/wp\/v2\/posts\/56762","targetHints":{"allow":["GET"]}}],"collection":[{"href":"https:\/\/radiorevelacionfm.cl\/index.php?rest_route=\/wp\/v2\/posts"}],"about":[{"href":"https:\/\/radiorevelacionfm.cl\/index.php?rest_route=\/wp\/v2\/types\/post"}],"author":[{"embeddable":true,"href":"https:\/\/radiorevelacionfm.cl\/index.php?rest_route=\/wp\/v2\/users\/1"}],"replies":[{"embeddable":true,"href":"https:\/\/radiorevelacionfm.cl\/index.php?rest_route=%2Fwp%2Fv2%2Fcomments&post=56762"}],"version-history":[{"count":2,"href":"https:\/\/radiorevelacionfm.cl\/index.php?rest_route=\/wp\/v2\/posts\/56762\/revisions"}],"predecessor-version":[{"id":56781,"href":"https:\/\/radiorevelacionfm.cl\/index.php?rest_route=\/wp\/v2\/posts\/56762\/revisions\/56781"}],"wp:featuredmedia":[{"embeddable":true,"href":"https:\/\/radiorevelacionfm.cl\/index.php?rest_route=\/wp\/v2\/media\/56763"}],"wp:attachment":[{"href":"https:\/\/radiorevelacionfm.cl\/index.php?rest_route=%2Fwp%2Fv2%2Fmedia&parent=56762"}],"wp:term":[{"taxonomy":"category","embeddable":true,"href":"https:\/\/radiorevelacionfm.cl\/index.php?rest_route=%2Fwp%2Fv2%2Fcategories&post=56762"},{"taxonomy":"post_tag","embeddable":true,"href":"https:\/\/radiorevelacionfm.cl\/index.php?rest_route=%2Fwp%2Fv2%2Ftags&post=56762"}],"curies":[{"name":"wp","href":"https:\/\/api.w.org\/{rel}","templated":true}]}}