{"id":56754,"date":"2025-07-21T16:47:37","date_gmt":"2025-07-21T19:47:37","guid":{"rendered":"https:\/\/radiorevelacionfm.cl\/?p=56754"},"modified":"2025-07-21T16:47:37","modified_gmt":"2025-07-21T19:47:37","slug":"convocatoria-2025-del-sello-artesania-indigena-celebra-su-decima-edicion","status":"publish","type":"post","link":"https:\/\/radiorevelacionfm.cl\/?p=56754","title":{"rendered":"Convocatoria 2025 del Sello Artesan\u00eda Ind\u00edgena celebra su d\u00e9cima edici\u00f3n"},"content":{"rendered":"<div class=\"flex_column av_one_full  flex_column_div av-zero-column-padding first  avia-builder-el-0  el_before_av_one_full  avia-builder-el-first  \" style='border-radius:0px; '><div  class='avia-image-container  av-styling-    avia-builder-el-1  avia-builder-el-no-sibling  avia-align-center '  itemprop=\"image\" itemscope=\"itemscope\" itemtype=\"https:\/\/schema.org\/ImageObject\"  ><div class='avia-image-container-inner'><div class='avia-image-overlay-wrap'><img decoding=\"async\" class='wp-image-56755 avia-img-lazy-loading-not-56755 avia_image' src=\"https:\/\/radiorevelacionfm.cl\/wp-content\/uploads\/2025\/07\/DSC7694-copia-1-1.jpg\" alt='' title='_DSC7694 copia (1) (1)' height=\"600\" width=\"900\"  itemprop=\"thumbnailUrl\" srcset=\"https:\/\/radiorevelacionfm.cl\/wp-content\/uploads\/2025\/07\/DSC7694-copia-1-1.jpg 900w, https:\/\/radiorevelacionfm.cl\/wp-content\/uploads\/2025\/07\/DSC7694-copia-1-1-300x200.jpg 300w, https:\/\/radiorevelacionfm.cl\/wp-content\/uploads\/2025\/07\/DSC7694-copia-1-1-768x512.jpg 768w, https:\/\/radiorevelacionfm.cl\/wp-content\/uploads\/2025\/07\/DSC7694-copia-1-1-705x470.jpg 705w, https:\/\/radiorevelacionfm.cl\/wp-content\/uploads\/2025\/07\/DSC7694-copia-1-1-450x300.jpg 450w, https:\/\/radiorevelacionfm.cl\/wp-content\/uploads\/2025\/07\/DSC7694-copia-1-1-600x400.jpg 600w\" sizes=\"(max-width: 900px) 100vw, 900px\" \/><\/div><\/div><\/div><\/div><div class=\"flex_column av_one_full  flex_column_div av-zero-column-padding first  avia-builder-el-2  el_after_av_one_full  el_before_av_one_full  column-top-margin\" style='border-radius:0px; '><section class=\"av_textblock_section \"  itemscope=\"itemscope\" itemtype=\"https:\/\/schema.org\/BlogPosting\" itemprop=\"blogPost\" ><div class='avia_textblock  '   itemprop=\"text\" ><p style=\"text-align: center;\"><span style=\"font-size: 18pt;\"><strong>Convocatoria 2025 del Sello Artesan<\/strong><strong>\u00ed<\/strong><strong>a Ind<\/strong><strong>\u00ed<\/strong><strong>gena celebra su d<\/strong><strong>\u00e9<\/strong><strong>cima edici<\/strong><strong>\u00f3<\/strong><strong>n<\/strong><\/span><\/p>\n<div id=\"gtx-trans\" style=\"position: absolute; left: -50px; top: 4.31534px;\">\n<div class=\"gtx-trans-icon\"><\/div>\n<\/div>\n<\/div><\/section><\/div><div class=\"flex_column av_one_full  flex_column_div av-zero-column-padding first  avia-builder-el-4  el_after_av_one_full  el_before_av_hr  column-top-margin\" style='border-radius:0px; '><section class=\"av_textblock_section \"  itemscope=\"itemscope\" itemtype=\"https:\/\/schema.org\/BlogPosting\" itemprop=\"blogPost\" ><div class='avia_textblock  '   itemprop=\"text\" ><ul>\n<li style=\"text-align: justify;\"><em>En sus diez a\u00f1os, este galard\u00f3n ha resaltado la importancia de la artesan\u00eda tradicional de los pueblos ind\u00edgenas presentes en Chile. Las postulaciones estar\u00e1n abiertas hasta el 14 de agosto. <\/em><\/li>\n<\/ul>\n<p style=\"text-align: justify;\">El Ministerio de las Culturas, las Artes y el Patrimonio, a trav\u00e9s de la Subdirecci\u00f3n Nacional de Pueblos Originarios del Servicio Nacional del Patrimonio Cultural, anuncia la apertura de la d\u00e9cima convocatoria para postular al Sello Artesan\u00eda Ind\u00edgena, versi\u00f3n 2025, distinci\u00f3n que se otorga a obras de artesan\u00eda tradicional elaboradas por artesanos y artesanas pertenecientes a los pueblos originarios.<\/p>\n<p style=\"text-align: justify;\">El Sello Artesan\u00eda Ind\u00edgena es un premio que busca promover los diversos procesos de creaci\u00f3n de las obras de artesan\u00eda tradicional de pueblos ind\u00edgenas. Desde 2016 se han reconocido 100 obras creadas por artesanas y artesanos pertenecientes a nueve pueblos originarios provenientes de distintos territorios, en 15 de 16 regiones del pa\u00eds.<\/p>\n<p style=\"text-align: justify;\">Este reconocimiento tiene como objetivo fortalecer la revitalizaci\u00f3n y proyecci\u00f3n de conocimientos y t\u00e9cnicas artesanales tradicionales, as\u00ed como incentivar la difusi\u00f3n de estas obras como manifestaciones aut\u00e9nticas y distintivas de las culturas de los pueblos ind\u00edgenas presentes en Chile.<\/p>\n<p style=\"text-align: justify;\">La convocatoria est\u00e1 a cargo de la Subdirecci\u00f3n Nacional de Pueblos Originarios, en colaboraci\u00f3n con el \u00e1rea de Artesan\u00eda del Ministerio de las Culturas, las Artes y el Patrimonio y el Programa de Artesan\u00eda UC.<\/p>\n<p style=\"text-align: justify;\">El seremi de Culturas Ays\u00e9n, Felipe Quiroz, destac\u00f3 el 10\u00ba aniversario del Sello Artesan\u00eda Ind\u00edgena\u00a0 e invit\u00f3 a participar a artesanas y artesanos de la Regi\u00f3n de Ays\u00e9n: \u201cDesde el ministerio, y como Gobierno,\u00a0 reconocemos y valoramos el trabajo de las artesanas y artesanos de los pueblos originarios como una manifestaci\u00f3n viva de culturas presentes en nuestros territorios. Promover sus oficios es parte del compromiso con una sociedad que avanza en el respeto a la diversidad cultural, el fortalecimiento de los saberes ancestrales y el reconocimiento efectivo de su aporte en la construcci\u00f3n de un pa\u00eds m\u00e1s justo\u201d.<\/p>\n<p style=\"text-align: justify;\"><strong>C<\/strong><strong>\u00f3<\/strong><strong>mo participar<\/strong><\/p>\n<p style=\"text-align: justify;\">La postulaci\u00f3n al concurso se realizar\u00e1 exclusivamente a trav\u00e9s de la plataforma postulacionselloindigena.patrimoniocultural.gob.cl.\u00a0 Adem\u00e1s de completar el formulario digital, es obligatorio enviar la obra o conjunto de obras.<\/p>\n<p style=\"text-align: justify;\">Las bases del concurso y el enlace a la plataforma de postulaci\u00f3n se encuentran disponibles en el minisitio web del Sello Artesan\u00eda Ind\u00edgena en pueblosoriginarios.gob.cl\/sello-artesania-indigena. El plazo para participar se extender\u00e1 hasta el 14 de agosto, a las 23:59 horas, y se respetar\u00e1 el huso horario de Chile continental, Rapa Nui, la Regi\u00f3n de Ays\u00e9n y la Regi\u00f3n de Magallanes.<\/p>\n<p style=\"text-align: justify;\"><strong>Requisitos para postular<\/strong><\/p>\n<p style=\"text-align: justify;\">Podr\u00e1n postular personas ind\u00edgenas mayores de 18 a\u00f1os de los pueblos reconocidos por la Ley N\u00b0 19.253, y sus modificaciones, que acrediten su pertenencia a trav\u00e9s de sus apellidos o, en caso de que estos no sean evidentes, mediante certificado emitido por la Corporaci\u00f3n Nacional de Desarrollo Ind\u00edgena (Conadi).<\/p>\n<p style=\"text-align: justify;\">En el caso de las personas pertenecientes al pueblo Selk\u2019nam, estas deber\u00e1n presentar:<\/p>\n<p style=\"text-align: justify;\">&#8211; Copia simple de su c\u00e9dula de identidad, copia simple de su certificado de nacimiento o copia simple de otro documento id\u00f3neo emitido por autoridad p\u00fablica en que consten ambos apellidos de quien postula.<\/p>\n<p style=\"text-align: justify;\">&#8211; Carta de respaldo a la persona postulante perteneciente al pueblo Selk\u2019nam. Esta carta debe ser emitida por una organizaci\u00f3n perteneciente al pueblo Selk\u2019nam y enviada al correo <a href=\"mailto:artesaniaindigena@patrimoniocultural.gob.cl\">artesaniaindigena@patrimoniocultural.gob.cl<\/a>, indicando en el asunto del correo electr\u00f3nico el nombre de la obra y el n\u00famero de ID designado por la plataforma al finalizar la postulaci\u00f3n.<\/p>\n<p style=\"text-align: justify;\"><strong>Premios y reconocimientos<\/strong><\/p>\n<p style=\"text-align: justify;\">En esta edici\u00f3n se premiar\u00e1n 12 obras que recibir\u00e1n el Sello Artesan\u00eda Ind\u00edgena. Las y los creadores\u00a0 de las obras ganadoras recibir\u00e1n 1 mill\u00f3n de pesos. Adem\u00e1s, tendr\u00e1n la posibilidad de participar en una feria de artesan\u00eda en Santiago, as\u00ed como la inscripci\u00f3n en el Registro Chile Artesan\u00eda, entre otros premios.<\/p>\n<p style=\"text-align: justify;\"><strong>Para m\u00e1<\/strong><strong>s informaci\u00f3n y consultas<\/strong><\/p>\n<p style=\"text-align: justify;\">Todas las consultas relacionadas con el concurso pueden realizarse enviando un correo electr\u00f3nico a <a href=\"mailto:artesaniaindigena@patrimoniocultural.gob.cl\">artesaniaindigena@patrimoniocultural.gob.cl<\/a>.<\/p>\n<\/div><\/section><\/div><div  style='height:50px' class='hr hr-invisible   avia-builder-el-6  el_after_av_one_full  el_before_av_social_share '><span class='hr-inner ' ><span class='hr-inner-style'><\/span><\/span><\/div><\/p>\n<div  class='av-social-sharing-box  avia-builder-el-7  el_after_av_hr  el_before_av_hr  '><div class='av-share-box'><h5 class='av-share-link-description av-no-toc '>Compartir esta noticia<\/h5><ul class='av-share-box-list noLightbox'><li class='av-share-link av-social-link-facebook' ><a target=\"_blank\" aria-label=\"Compartir en Facebook\" href='https:\/\/www.facebook.com\/sharer.php?u=https:\/\/radiorevelacionfm.cl\/?p=56754&#038;t=Convocatoria%202025%20del%20Sello%20Artesan%C3%ADa%20Ind%C3%ADgena%20celebra%20su%20d%C3%A9cima%20edici%C3%B3n' aria-hidden='false' data-av_icon='\ue8f3' data-av_iconfont='entypo-fontello' title='' data-avia-related-tooltip='Compartir en Facebook' rel=\"noopener\"><span class='avia_hidden_link_text'>Compartir en Facebook<\/span><\/a><\/li><li class='av-share-link av-social-link-twitter' ><a target=\"_blank\" aria-label=\"Compartir en Twitter\" href='https:\/\/twitter.com\/share?text=Convocatoria%202025%20del%20Sello%20Artesan%C3%ADa%20Ind%C3%ADgena%20celebra%20su%20d%C3%A9cima%20edici%C3%B3n&#038;url=https:\/\/radiorevelacionfm.cl\/?p=56754' aria-hidden='false' data-av_icon='\ue8f1' data-av_iconfont='entypo-fontello' title='' data-avia-related-tooltip='Compartir en Twitter' rel=\"noopener\"><span class='avia_hidden_link_text'>Compartir en Twitter<\/span><\/a><\/li><li class='av-share-link av-social-link-whatsapp' ><a target=\"_blank\" aria-label=\"Compartir en Whatsapp\" href='https:\/\/api.whatsapp.com\/send?text=https:\/\/radiorevelacionfm.cl\/?p=56754' aria-hidden='false' data-av_icon='\uf232' data-av_iconfont='entypo-fontello' title='' data-avia-related-tooltip='Compartir en Whatsapp' rel=\"noopener\"><span class='avia_hidden_link_text'>Compartir en Whatsapp<\/span><\/a><\/li><li class='av-share-link av-social-link-linkedin' ><a target=\"_blank\" aria-label=\"Compartir en LinkedIn\" href='https:\/\/linkedin.com\/shareArticle?mini=true&#038;title=Convocatoria%202025%20del%20Sello%20Artesan%C3%ADa%20Ind%C3%ADgena%20celebra%20su%20d%C3%A9cima%20edici%C3%B3n&#038;url=https:\/\/radiorevelacionfm.cl\/?p=56754' aria-hidden='false' data-av_icon='\ue8fc' data-av_iconfont='entypo-fontello' title='' data-avia-related-tooltip='Compartir en LinkedIn' rel=\"noopener\"><span class='avia_hidden_link_text'>Compartir en LinkedIn<\/span><\/a><\/li><li class='av-share-link av-social-link-mail' ><a  aria-label=\"Compartir por correo\" href='mailto:?subject=Convocatoria%202025%20del%20Sello%20Artesan%C3%ADa%20Ind%C3%ADgena%20celebra%20su%20d%C3%A9cima%20edici%C3%B3n&#038;body=https:\/\/radiorevelacionfm.cl\/?p=56754' aria-hidden='false' data-av_icon='\ue805' data-av_iconfont='entypo-fontello' title='' data-avia-related-tooltip='Compartir por correo'><span class='avia_hidden_link_text'>Compartir por correo<\/span><\/a><\/li><\/ul><\/div><\/div>\n<div  style='height:50px' class='hr hr-invisible   avia-builder-el-8  el_after_av_social_share  el_before_av_comments_list '><span class='hr-inner ' ><span class='hr-inner-style'><\/span><\/span><\/div>\n<div  class='av-buildercomment  av-blog-meta-html-info-disabled av-blog-meta-tag-disabled  '><\/div>\n","protected":false},"excerpt":{"rendered":"","protected":false},"author":1,"featured_media":56755,"comment_status":"closed","ping_status":"closed","sticky":false,"template":"","format":"standard","meta":{"footnotes":""},"categories":[52],"tags":[],"class_list":["post-56754","post","type-post","status-publish","format-standard","has-post-thumbnail","hentry","category-cultura"],"jetpack_featured_media_url":"https:\/\/radiorevelacionfm.cl\/wp-content\/uploads\/2025\/07\/DSC7694-copia-1-1.jpg","_links":{"self":[{"href":"https:\/\/radiorevelacionfm.cl\/index.php?rest_route=\/wp\/v2\/posts\/56754","targetHints":{"allow":["GET"]}}],"collection":[{"href":"https:\/\/radiorevelacionfm.cl\/index.php?rest_route=\/wp\/v2\/posts"}],"about":[{"href":"https:\/\/radiorevelacionfm.cl\/index.php?rest_route=\/wp\/v2\/types\/post"}],"author":[{"embeddable":true,"href":"https:\/\/radiorevelacionfm.cl\/index.php?rest_route=\/wp\/v2\/users\/1"}],"replies":[{"embeddable":true,"href":"https:\/\/radiorevelacionfm.cl\/index.php?rest_route=%2Fwp%2Fv2%2Fcomments&post=56754"}],"version-history":[{"count":2,"href":"https:\/\/radiorevelacionfm.cl\/index.php?rest_route=\/wp\/v2\/posts\/56754\/revisions"}],"predecessor-version":[{"id":56757,"href":"https:\/\/radiorevelacionfm.cl\/index.php?rest_route=\/wp\/v2\/posts\/56754\/revisions\/56757"}],"wp:featuredmedia":[{"embeddable":true,"href":"https:\/\/radiorevelacionfm.cl\/index.php?rest_route=\/wp\/v2\/media\/56755"}],"wp:attachment":[{"href":"https:\/\/radiorevelacionfm.cl\/index.php?rest_route=%2Fwp%2Fv2%2Fmedia&parent=56754"}],"wp:term":[{"taxonomy":"category","embeddable":true,"href":"https:\/\/radiorevelacionfm.cl\/index.php?rest_route=%2Fwp%2Fv2%2Fcategories&post=56754"},{"taxonomy":"post_tag","embeddable":true,"href":"https:\/\/radiorevelacionfm.cl\/index.php?rest_route=%2Fwp%2Fv2%2Ftags&post=56754"}],"curies":[{"name":"wp","href":"https:\/\/api.w.org\/{rel}","templated":true}]}}