{"id":56751,"date":"2025-07-21T20:03:23","date_gmt":"2025-07-21T23:03:23","guid":{"rendered":"https:\/\/radiorevelacionfm.cl\/?p=56751"},"modified":"2025-07-21T20:03:23","modified_gmt":"2025-07-21T23:03:23","slug":"agricultura-y-salud-invitan-a-participar-en-tercer-seminario-regional-que-promueve-los-sistemas-alimentarios-sostenibles","status":"publish","type":"post","link":"https:\/\/radiorevelacionfm.cl\/?p=56751","title":{"rendered":"Agricultura y Salud invitan a participar en tercer seminario regional que promueve los sistemas alimentarios sostenibles"},"content":{"rendered":"<div class=\"flex_column av_one_full  flex_column_div av-zero-column-padding first  avia-builder-el-0  el_before_av_one_full  avia-builder-el-first  \" style='border-radius:0px; '><div  class='avia-image-container  av-styling-    avia-builder-el-1  avia-builder-el-no-sibling  avia-align-center '  itemprop=\"image\" itemscope=\"itemscope\" itemtype=\"https:\/\/schema.org\/ImageObject\"  ><div class='avia-image-container-inner'><div class='avia-image-overlay-wrap'><img decoding=\"async\" class='wp-image-56752 avia-img-lazy-loading-not-56752 avia_image' src=\"https:\/\/radiorevelacionfm.cl\/wp-content\/uploads\/2025\/07\/horticola-05-1_optimized-1.jpeg\" alt='' title='horticola-05-(1)_optimized (1)' height=\"600\" width=\"800\"  itemprop=\"thumbnailUrl\" srcset=\"https:\/\/radiorevelacionfm.cl\/wp-content\/uploads\/2025\/07\/horticola-05-1_optimized-1.jpeg 800w, https:\/\/radiorevelacionfm.cl\/wp-content\/uploads\/2025\/07\/horticola-05-1_optimized-1-300x225.jpeg 300w, https:\/\/radiorevelacionfm.cl\/wp-content\/uploads\/2025\/07\/horticola-05-1_optimized-1-768x576.jpeg 768w, https:\/\/radiorevelacionfm.cl\/wp-content\/uploads\/2025\/07\/horticola-05-1_optimized-1-705x529.jpeg 705w, https:\/\/radiorevelacionfm.cl\/wp-content\/uploads\/2025\/07\/horticola-05-1_optimized-1-450x338.jpeg 450w, https:\/\/radiorevelacionfm.cl\/wp-content\/uploads\/2025\/07\/horticola-05-1_optimized-1-600x450.jpeg 600w\" sizes=\"(max-width: 800px) 100vw, 800px\" \/><\/div><\/div><\/div><\/div><div class=\"flex_column av_one_full  flex_column_div av-zero-column-padding first  avia-builder-el-2  el_after_av_one_full  el_before_av_one_full  column-top-margin\" style='border-radius:0px; '><section class=\"av_textblock_section \"  itemscope=\"itemscope\" itemtype=\"https:\/\/schema.org\/BlogPosting\" itemprop=\"blogPost\" ><div class='avia_textblock  '   itemprop=\"text\" ><p style=\"text-align: center;\"><strong><span style=\"font-size: 18pt;\">Agricultura y Salud invitan a participar en tercer seminario regional que promueve los sistemas alimentarios sostenibles<\/span><\/strong><\/p>\n<div id=\"gtx-trans\" style=\"position: absolute; left: -50px; top: 4.31534px;\">\n<div class=\"gtx-trans-icon\"><\/div>\n<\/div>\n<\/div><\/section><\/div><div class=\"flex_column av_one_full  flex_column_div av-zero-column-padding first  avia-builder-el-4  el_after_av_one_full  el_before_av_hr  column-top-margin\" style='border-radius:0px; '><section class=\"av_textblock_section \"  itemscope=\"itemscope\" itemtype=\"https:\/\/schema.org\/BlogPosting\" itemprop=\"blogPost\" ><div class='avia_textblock  '   itemprop=\"text\" ><p style=\"text-align: justify;\"><em>La actividad formativa es de acceso gratuito y se realizar\u00e1 en Coyhaique y Puerto Ays\u00e9n durante este mi\u00e9rcoles 23 de julio.<\/em><\/p>\n<p style=\"text-align: justify;\">La Secretar\u00eda Regional Ministerial de Salud en Ays\u00e9n en alianza con la de Agricultura invitan a la comunidad a participar de la tercera versi\u00f3n del seminario \u00abConstruyendo Sistemas Alimentarios Sostenibles y Equitativos para la regi\u00f3n de Ays\u00e9n\u00bb, a realizarse este mi\u00e9rcoles 23 de julio en las comunas de Coyhaique y Puerto Ays\u00e9n.<\/p>\n<p style=\"text-align: justify;\">La instancia tiene por objetivo promover la sensibilizaci\u00f3n y orientar el debate p\u00fablico con recomendaciones para transitar hacia sistemas alimentarios sostenibles, permitiendo as\u00ed contribuir al bienestar de la poblaci\u00f3n y al medio ambiente a nivel regional.<\/p>\n<p style=\"text-align: justify;\">En palabras del seremi de Agricultura, Eugenio Ruiz Espinoza,\u00a0\u00abcon estos espacios de trabajo intersectorial que nacen desde la Subcomisi\u00f3n de Entornos Saludables y Calidad de Vida, de la que formamos parte, impulsamos el compromiso del Ministerio de Agricultura por la seguridad alimentaria y contribuir a los actuales desaf\u00edos en esta materia\u00bb.<\/p>\n<p style=\"text-align: justify;\">\u00abEn ambas jornadas de seminario habr\u00e1 ponencias dirigidas por una profesional de INIA Tamel Aike, y productores certificados en lo que fue el programa Doctores de Suelo durante abril pasado, lo que permite dar continuidad a los avances que generamos en terreno, con productoras y productores, para un objetivo com\u00fan en beneficio de las personas y su calidad de vida\u00bb, concluy\u00f3 Ruiz.<\/p>\n<p style=\"text-align: justify;\">Por su parte, el jefe del Departamento de Salud P\u00fablica de Ays\u00e9n, Marcos Acu\u00f1a Briones, indic\u00f3 que \u00abdesde Salud creemos que avanzar hacia una alimentaci\u00f3n m\u00e1s saludable, justa y respetuosa con el medioambiente es clave para el bienestar de nuestra regi\u00f3n. Este encuentro reunir\u00e1 a personas expertas y actores locales para reflexionar sobre c\u00f3mo transformar nuestros sistemas alimentarios frente a desaf\u00edos como la obesidad, seguridad alimentaria y el cambio clim\u00e1tico (&#8230;) el bienestar y la alimentaci\u00f3n saludable debe ser un derecho en todo el territorio\u00bb.<\/p>\n<p style=\"text-align: justify;\">Impulsados en descentralizar las instancias formativas, ambas Secretar\u00edas Regionales Ministeriales de Gobierno de Chile indicaron que las jornadas se realizar\u00e1n de manera gratuita este mi\u00e9rcoles 23 de julio en el auditorio de la Biblioteca Regional de Coyhaique, a partir de las 09:00 horas; y en el auditorio de la Casa de la Cultura de Puerto Ays\u00e9n, a partir de las 15:00 horas.<\/p>\n<\/div><\/section><\/div><div  style='height:50px' class='hr hr-invisible   avia-builder-el-6  el_after_av_one_full  el_before_av_social_share '><span class='hr-inner ' ><span class='hr-inner-style'><\/span><\/span><\/div><\/p>\n<div  class='av-social-sharing-box  avia-builder-el-7  el_after_av_hr  el_before_av_hr  '><div class='av-share-box'><h5 class='av-share-link-description av-no-toc '>Compartir esta noticia<\/h5><ul class='av-share-box-list noLightbox'><li class='av-share-link av-social-link-facebook' ><a target=\"_blank\" aria-label=\"Compartir en Facebook\" href='https:\/\/www.facebook.com\/sharer.php?u=https:\/\/radiorevelacionfm.cl\/?p=56751&#038;t=Agricultura%20y%20Salud%20invitan%20a%20participar%20en%20tercer%20seminario%20regional%20que%20promueve%20los%20sistemas%20alimentarios%20sostenibles' aria-hidden='false' data-av_icon='\ue8f3' data-av_iconfont='entypo-fontello' title='' data-avia-related-tooltip='Compartir en Facebook' rel=\"noopener\"><span class='avia_hidden_link_text'>Compartir en Facebook<\/span><\/a><\/li><li class='av-share-link av-social-link-twitter' ><a target=\"_blank\" aria-label=\"Compartir en Twitter\" href='https:\/\/twitter.com\/share?text=Agricultura%20y%20Salud%20invitan%20a%20participar%20en%20tercer%20seminario%20regional%20que%20promueve%20los%20sistemas%20alimentarios%20sostenibles&#038;url=https:\/\/radiorevelacionfm.cl\/?p=56751' aria-hidden='false' data-av_icon='\ue8f1' data-av_iconfont='entypo-fontello' title='' data-avia-related-tooltip='Compartir en Twitter' rel=\"noopener\"><span class='avia_hidden_link_text'>Compartir en Twitter<\/span><\/a><\/li><li class='av-share-link av-social-link-whatsapp' ><a target=\"_blank\" aria-label=\"Compartir en Whatsapp\" href='https:\/\/api.whatsapp.com\/send?text=https:\/\/radiorevelacionfm.cl\/?p=56751' aria-hidden='false' data-av_icon='\uf232' data-av_iconfont='entypo-fontello' title='' data-avia-related-tooltip='Compartir en Whatsapp' rel=\"noopener\"><span class='avia_hidden_link_text'>Compartir en Whatsapp<\/span><\/a><\/li><li class='av-share-link av-social-link-linkedin' ><a target=\"_blank\" aria-label=\"Compartir en LinkedIn\" href='https:\/\/linkedin.com\/shareArticle?mini=true&#038;title=Agricultura%20y%20Salud%20invitan%20a%20participar%20en%20tercer%20seminario%20regional%20que%20promueve%20los%20sistemas%20alimentarios%20sostenibles&#038;url=https:\/\/radiorevelacionfm.cl\/?p=56751' aria-hidden='false' data-av_icon='\ue8fc' data-av_iconfont='entypo-fontello' title='' data-avia-related-tooltip='Compartir en LinkedIn' rel=\"noopener\"><span class='avia_hidden_link_text'>Compartir en LinkedIn<\/span><\/a><\/li><li class='av-share-link av-social-link-mail' ><a  aria-label=\"Compartir por correo\" href='mailto:?subject=Agricultura%20y%20Salud%20invitan%20a%20participar%20en%20tercer%20seminario%20regional%20que%20promueve%20los%20sistemas%20alimentarios%20sostenibles&#038;body=https:\/\/radiorevelacionfm.cl\/?p=56751' aria-hidden='false' data-av_icon='\ue805' data-av_iconfont='entypo-fontello' title='' data-avia-related-tooltip='Compartir por correo'><span class='avia_hidden_link_text'>Compartir por correo<\/span><\/a><\/li><\/ul><\/div><\/div>\n<div  style='height:50px' class='hr hr-invisible   avia-builder-el-8  el_after_av_social_share  el_before_av_comments_list '><span class='hr-inner ' ><span class='hr-inner-style'><\/span><\/span><\/div>\n<div  class='av-buildercomment  av-blog-meta-html-info-disabled av-blog-meta-tag-disabled  '><\/div>\n","protected":false},"excerpt":{"rendered":"","protected":false},"author":1,"featured_media":56752,"comment_status":"closed","ping_status":"closed","sticky":false,"template":"","format":"standard","meta":{"footnotes":""},"categories":[58],"tags":[],"class_list":["post-56751","post","type-post","status-publish","format-standard","has-post-thumbnail","hentry","category-agricultura"],"jetpack_featured_media_url":"https:\/\/radiorevelacionfm.cl\/wp-content\/uploads\/2025\/07\/horticola-05-1_optimized-1.jpeg","_links":{"self":[{"href":"https:\/\/radiorevelacionfm.cl\/index.php?rest_route=\/wp\/v2\/posts\/56751","targetHints":{"allow":["GET"]}}],"collection":[{"href":"https:\/\/radiorevelacionfm.cl\/index.php?rest_route=\/wp\/v2\/posts"}],"about":[{"href":"https:\/\/radiorevelacionfm.cl\/index.php?rest_route=\/wp\/v2\/types\/post"}],"author":[{"embeddable":true,"href":"https:\/\/radiorevelacionfm.cl\/index.php?rest_route=\/wp\/v2\/users\/1"}],"replies":[{"embeddable":true,"href":"https:\/\/radiorevelacionfm.cl\/index.php?rest_route=%2Fwp%2Fv2%2Fcomments&post=56751"}],"version-history":[{"count":2,"href":"https:\/\/radiorevelacionfm.cl\/index.php?rest_route=\/wp\/v2\/posts\/56751\/revisions"}],"predecessor-version":[{"id":56778,"href":"https:\/\/radiorevelacionfm.cl\/index.php?rest_route=\/wp\/v2\/posts\/56751\/revisions\/56778"}],"wp:featuredmedia":[{"embeddable":true,"href":"https:\/\/radiorevelacionfm.cl\/index.php?rest_route=\/wp\/v2\/media\/56752"}],"wp:attachment":[{"href":"https:\/\/radiorevelacionfm.cl\/index.php?rest_route=%2Fwp%2Fv2%2Fmedia&parent=56751"}],"wp:term":[{"taxonomy":"category","embeddable":true,"href":"https:\/\/radiorevelacionfm.cl\/index.php?rest_route=%2Fwp%2Fv2%2Fcategories&post=56751"},{"taxonomy":"post_tag","embeddable":true,"href":"https:\/\/radiorevelacionfm.cl\/index.php?rest_route=%2Fwp%2Fv2%2Ftags&post=56751"}],"curies":[{"name":"wp","href":"https:\/\/api.w.org\/{rel}","templated":true}]}}