{"id":56747,"date":"2025-07-21T15:37:34","date_gmt":"2025-07-21T18:37:34","guid":{"rendered":"https:\/\/radiorevelacionfm.cl\/?p=56747"},"modified":"2025-07-21T15:37:34","modified_gmt":"2025-07-21T18:37:34","slug":"dirigentes-ecologistas-llaman-a-candidatos-presidenciales-a-incorporar-el-tema-ambiental-en-sus-programas","status":"publish","type":"post","link":"https:\/\/radiorevelacionfm.cl\/?p=56747","title":{"rendered":"Dirigentes ecologistas llaman a candidatos presidenciales a incorporar el tema ambiental en sus programas"},"content":{"rendered":"<div class=\"flex_column av_one_full  flex_column_div av-zero-column-padding first  avia-builder-el-0  el_before_av_one_full  avia-builder-el-first  \" style='border-radius:0px; '><div  class='avia-image-container  av-styling-    avia-builder-el-1  avia-builder-el-no-sibling  avia-align-center '  itemprop=\"image\" itemscope=\"itemscope\" itemtype=\"https:\/\/schema.org\/ImageObject\"  ><div class='avia-image-container-inner'><div class='avia-image-overlay-wrap'><img decoding=\"async\" class='wp-image-56748 avia-img-lazy-loading-not-56748 avia_image' src=\"https:\/\/radiorevelacionfm.cl\/wp-content\/uploads\/2025\/07\/bm4rjtmgj_i9-1_optimized-1.jpg\" alt='' title='bm4rjtmgj_i9-(1)_optimized (1)' height=\"600\" width=\"960\"  itemprop=\"thumbnailUrl\" srcset=\"https:\/\/radiorevelacionfm.cl\/wp-content\/uploads\/2025\/07\/bm4rjtmgj_i9-1_optimized-1.jpg 960w, https:\/\/radiorevelacionfm.cl\/wp-content\/uploads\/2025\/07\/bm4rjtmgj_i9-1_optimized-1-300x188.jpg 300w, https:\/\/radiorevelacionfm.cl\/wp-content\/uploads\/2025\/07\/bm4rjtmgj_i9-1_optimized-1-768x480.jpg 768w, https:\/\/radiorevelacionfm.cl\/wp-content\/uploads\/2025\/07\/bm4rjtmgj_i9-1_optimized-1-705x441.jpg 705w, https:\/\/radiorevelacionfm.cl\/wp-content\/uploads\/2025\/07\/bm4rjtmgj_i9-1_optimized-1-450x281.jpg 450w, https:\/\/radiorevelacionfm.cl\/wp-content\/uploads\/2025\/07\/bm4rjtmgj_i9-1_optimized-1-600x375.jpg 600w\" sizes=\"(max-width: 960px) 100vw, 960px\" \/><\/div><\/div><\/div><\/div><div class=\"flex_column av_one_full  flex_column_div av-zero-column-padding first  avia-builder-el-2  el_after_av_one_full  el_before_av_one_full  column-top-margin\" style='border-radius:0px; '><section class=\"av_textblock_section \"  itemscope=\"itemscope\" itemtype=\"https:\/\/schema.org\/BlogPosting\" itemprop=\"blogPost\" ><div class='avia_textblock  '   itemprop=\"text\" ><p style=\"text-align: center;\"><strong><span style=\"font-size: 18pt;\">Dirigentes ecologistas llaman a candidatos presidenciales a incorporar el tema ambiental en sus programas<\/span><\/strong><\/p>\n<div id=\"gtx-trans\" style=\"position: absolute; left: -50px; top: 4.31534px;\">\n<div class=\"gtx-trans-icon\"><\/div>\n<\/div>\n<\/div><\/section><\/div><div class=\"flex_column av_one_full  flex_column_div av-zero-column-padding first  avia-builder-el-4  el_after_av_one_full  el_before_av_hr  column-top-margin\" style='border-radius:0px; '><section class=\"av_textblock_section \"  itemscope=\"itemscope\" itemtype=\"https:\/\/schema.org\/BlogPosting\" itemprop=\"blogPost\" ><div class='avia_textblock  '   itemprop=\"text\" ><p style=\"text-align: justify;\"><em>A pocos meses de una nueva elecci\u00f3n presidencial, representantes de las fundaciones Terram y Rewilding Chile, y de la Corporaci\u00f3n Privada para el Desarrollo de Ays\u00e9n alertaron sobre ausencia de temas ambientales en los programas de las candidaturas.<\/em><\/p>\n<p style=\"text-align: justify;\">\u00abA pesar de los discursos proambiente, el cuidado de la naturaleza no es a\u00fan relevante en los programas de las candidaturas anunciadas\u00bb.<\/p>\n<p style=\"text-align: justify;\">Con esta lapidaria conclusi\u00f3n, un grupo de dirigentes de organizaciones ambientales regionales y nacionales llam\u00f3 a las y los candidatos presidenciales a\u00a0\u00abincorporar lo ambiental en sus programas, y a que se informen sobre los incumplimientos de esta industria (salmonera) a la normativa vigente y sobre sus impactos en nuestras costas y mares\u00bb.<\/p>\n<p style=\"text-align: justify;\">Mediante una carta publicada este s\u00e1bado en\u00a0<a href=\"https:\/\/fma9d.r.sp1-brevo.net\/mk\/cl\/f\/sh\/6rqJfgq8dINmOPqcBFsVki0o1kW\/2BP5tzb7rd2h\">La Tercera,<\/a>\u00a0las directoras de Fundaci\u00f3n Terram, Flavia Liberona y Fundaci\u00f3n Rewilding Chile, Carolina Morgado, junto al presidente de la Corporaci\u00f3n Privada para el Desarrollo de Ays\u00e9n, Erwin Sandoval, plantearon la relevancia que debe tener en los programas presidenciales el tema ambiental. Esto, dado que es \u00absustento de la vida, la econom\u00eda y las pol\u00edticas p\u00fablicas en tiempos de crisis clim\u00e1tica y de biodiversidad\u00bb.<\/p>\n<p style=\"text-align: justify;\">Recordaron en la misiva que \u00abuna\u00a0<a href=\"https:\/\/fma9d.r.sp1-brevo.net\/mk\/cl\/f\/sh\/6rqJfgq8dIPRQs8lfZI3gJ8jf3Y\/1vLla1y1_PSz\">encuesta<\/a>\u00a0de 2024 de Global Methane Hub constat\u00f3 que un 71% de los chilenos est\u00e1 &#8216;muy preocupado&#8217; por el cambio clim\u00e1tico y un 93% pide medidas para minimizar sus efectos. Est\u00e1 as\u00ed tercero entre los intereses ciudadanos, tras la delincuencia (81%) y la inflaci\u00f3n (75%)\u00bb.<\/p>\n<p style=\"text-align: justify;\">Sin embargo, uno de los puntos cr\u00edticos se\u00f1alados por los dirigentes es la situaci\u00f3n de las \u00e1reas protegidas del sur de Chile, muchas de las cuales carecen de financiamiento suficiente para su gesti\u00f3n.<\/p>\n<p style=\"text-align: justify;\">A esto se suma la presi\u00f3n que ejercen actividades industriales, como la salmonicultura, que mantiene 408 concesiones operando dentro de \u00e1reas protegidas en la Patagonia, a pesar de sus impactos documentados y m\u00faltiples incumplimientos normativos.<\/p>\n<p style=\"text-align: justify;\">\u00abEl tema es grave: los oc\u00e9anos son fundamentales para contrarrestar los efectos de la crisis clim\u00e1tica, donde los bosques de macroalgas y los mam\u00edferos marinos, entre muchas otras especies, son esenciales\u00bb, explicaron.<\/p>\n<p style=\"text-align: justify;\">Los dirigentes concluyeron se\u00f1alando que \u00abla ciudadan\u00eda necesita conocer sus propuestas, con liderazgos que miren el largo plazo, donde la naturaleza ser\u00e1 uno de sus pilares\u00bb.<\/p>\n<\/div><\/section><\/div><div  style='height:50px' class='hr hr-invisible   avia-builder-el-6  el_after_av_one_full  el_before_av_social_share '><span class='hr-inner ' ><span class='hr-inner-style'><\/span><\/span><\/div><\/p>\n<div  class='av-social-sharing-box  avia-builder-el-7  el_after_av_hr  el_before_av_hr  '><div class='av-share-box'><h5 class='av-share-link-description av-no-toc '>Compartir esta noticia<\/h5><ul class='av-share-box-list noLightbox'><li class='av-share-link av-social-link-facebook' ><a target=\"_blank\" aria-label=\"Compartir en Facebook\" href='https:\/\/www.facebook.com\/sharer.php?u=https:\/\/radiorevelacionfm.cl\/?p=56747&#038;t=Dirigentes%20ecologistas%20llaman%20a%20candidatos%20presidenciales%20a%20incorporar%20el%20tema%20ambiental%20en%20sus%20programas' aria-hidden='false' data-av_icon='\ue8f3' data-av_iconfont='entypo-fontello' title='' data-avia-related-tooltip='Compartir en Facebook' rel=\"noopener\"><span class='avia_hidden_link_text'>Compartir en Facebook<\/span><\/a><\/li><li class='av-share-link av-social-link-twitter' ><a target=\"_blank\" aria-label=\"Compartir en Twitter\" href='https:\/\/twitter.com\/share?text=Dirigentes%20ecologistas%20llaman%20a%20candidatos%20presidenciales%20a%20incorporar%20el%20tema%20ambiental%20en%20sus%20programas&#038;url=https:\/\/radiorevelacionfm.cl\/?p=56747' aria-hidden='false' data-av_icon='\ue8f1' data-av_iconfont='entypo-fontello' title='' data-avia-related-tooltip='Compartir en Twitter' rel=\"noopener\"><span class='avia_hidden_link_text'>Compartir en Twitter<\/span><\/a><\/li><li class='av-share-link av-social-link-whatsapp' ><a target=\"_blank\" aria-label=\"Compartir en Whatsapp\" href='https:\/\/api.whatsapp.com\/send?text=https:\/\/radiorevelacionfm.cl\/?p=56747' aria-hidden='false' data-av_icon='\uf232' data-av_iconfont='entypo-fontello' title='' data-avia-related-tooltip='Compartir en Whatsapp' rel=\"noopener\"><span class='avia_hidden_link_text'>Compartir en Whatsapp<\/span><\/a><\/li><li class='av-share-link av-social-link-linkedin' ><a target=\"_blank\" aria-label=\"Compartir en LinkedIn\" href='https:\/\/linkedin.com\/shareArticle?mini=true&#038;title=Dirigentes%20ecologistas%20llaman%20a%20candidatos%20presidenciales%20a%20incorporar%20el%20tema%20ambiental%20en%20sus%20programas&#038;url=https:\/\/radiorevelacionfm.cl\/?p=56747' aria-hidden='false' data-av_icon='\ue8fc' data-av_iconfont='entypo-fontello' title='' data-avia-related-tooltip='Compartir en LinkedIn' rel=\"noopener\"><span class='avia_hidden_link_text'>Compartir en LinkedIn<\/span><\/a><\/li><li class='av-share-link av-social-link-mail' ><a  aria-label=\"Compartir por correo\" href='mailto:?subject=Dirigentes%20ecologistas%20llaman%20a%20candidatos%20presidenciales%20a%20incorporar%20el%20tema%20ambiental%20en%20sus%20programas&#038;body=https:\/\/radiorevelacionfm.cl\/?p=56747' aria-hidden='false' data-av_icon='\ue805' data-av_iconfont='entypo-fontello' title='' data-avia-related-tooltip='Compartir por correo'><span class='avia_hidden_link_text'>Compartir por correo<\/span><\/a><\/li><\/ul><\/div><\/div>\n<div  style='height:50px' class='hr hr-invisible   avia-builder-el-8  el_after_av_social_share  el_before_av_comments_list '><span class='hr-inner ' ><span class='hr-inner-style'><\/span><\/span><\/div>\n<div  class='av-buildercomment  av-blog-meta-html-info-disabled av-blog-meta-tag-disabled  '><\/div>\n","protected":false},"excerpt":{"rendered":"","protected":false},"author":1,"featured_media":56748,"comment_status":"closed","ping_status":"closed","sticky":false,"template":"","format":"standard","meta":{"footnotes":""},"categories":[39],"tags":[],"class_list":["post-56747","post","type-post","status-publish","format-standard","has-post-thumbnail","hentry","category-medio-ambiente"],"jetpack_featured_media_url":"https:\/\/radiorevelacionfm.cl\/wp-content\/uploads\/2025\/07\/bm4rjtmgj_i9-1_optimized-1.jpg","_links":{"self":[{"href":"https:\/\/radiorevelacionfm.cl\/index.php?rest_route=\/wp\/v2\/posts\/56747","targetHints":{"allow":["GET"]}}],"collection":[{"href":"https:\/\/radiorevelacionfm.cl\/index.php?rest_route=\/wp\/v2\/posts"}],"about":[{"href":"https:\/\/radiorevelacionfm.cl\/index.php?rest_route=\/wp\/v2\/types\/post"}],"author":[{"embeddable":true,"href":"https:\/\/radiorevelacionfm.cl\/index.php?rest_route=\/wp\/v2\/users\/1"}],"replies":[{"embeddable":true,"href":"https:\/\/radiorevelacionfm.cl\/index.php?rest_route=%2Fwp%2Fv2%2Fcomments&post=56747"}],"version-history":[{"count":2,"href":"https:\/\/radiorevelacionfm.cl\/index.php?rest_route=\/wp\/v2\/posts\/56747\/revisions"}],"predecessor-version":[{"id":56750,"href":"https:\/\/radiorevelacionfm.cl\/index.php?rest_route=\/wp\/v2\/posts\/56747\/revisions\/56750"}],"wp:featuredmedia":[{"embeddable":true,"href":"https:\/\/radiorevelacionfm.cl\/index.php?rest_route=\/wp\/v2\/media\/56748"}],"wp:attachment":[{"href":"https:\/\/radiorevelacionfm.cl\/index.php?rest_route=%2Fwp%2Fv2%2Fmedia&parent=56747"}],"wp:term":[{"taxonomy":"category","embeddable":true,"href":"https:\/\/radiorevelacionfm.cl\/index.php?rest_route=%2Fwp%2Fv2%2Fcategories&post=56747"},{"taxonomy":"post_tag","embeddable":true,"href":"https:\/\/radiorevelacionfm.cl\/index.php?rest_route=%2Fwp%2Fv2%2Ftags&post=56747"}],"curies":[{"name":"wp","href":"https:\/\/api.w.org\/{rel}","templated":true}]}}