{"id":56739,"date":"2025-07-21T12:36:23","date_gmt":"2025-07-21T15:36:23","guid":{"rendered":"https:\/\/radiorevelacionfm.cl\/?p=56739"},"modified":"2025-07-21T12:36:23","modified_gmt":"2025-07-21T15:36:23","slug":"estudiantes-universitarios-recorren-planta-solar-de-edelaysen-en-el-blanco","status":"publish","type":"post","link":"https:\/\/radiorevelacionfm.cl\/?p=56739","title":{"rendered":"Estudiantes universitarios recorren planta solar de Edelaysen en El Blanco"},"content":{"rendered":"<div class=\"flex_column av_one_full  flex_column_div av-zero-column-padding first  avia-builder-el-0  el_before_av_one_full  avia-builder-el-first  \" style='border-radius:0px; '><div  class='avia-image-container  av-styling-    avia-builder-el-1  avia-builder-el-no-sibling  avia-align-center '  itemprop=\"image\" itemscope=\"itemscope\" itemtype=\"https:\/\/schema.org\/ImageObject\"  ><div class='avia-image-container-inner'><div class='avia-image-overlay-wrap'><img decoding=\"async\" class='wp-image-56740 avia-img-lazy-loading-not-56740 avia_image' src=\"https:\/\/radiorevelacionfm.cl\/wp-content\/uploads\/2025\/07\/21_optimized.07.2025-visita-a-pfv-el-blanco-uaysen-1-1-1.jpeg\" alt='' title='21_optimized.07.2025-visita-a-pfv-el-blanco-uaysen-(1)-(1) (1)' height=\"600\" width=\"800\"  itemprop=\"thumbnailUrl\" srcset=\"https:\/\/radiorevelacionfm.cl\/wp-content\/uploads\/2025\/07\/21_optimized.07.2025-visita-a-pfv-el-blanco-uaysen-1-1-1.jpeg 800w, https:\/\/radiorevelacionfm.cl\/wp-content\/uploads\/2025\/07\/21_optimized.07.2025-visita-a-pfv-el-blanco-uaysen-1-1-1-300x225.jpeg 300w, https:\/\/radiorevelacionfm.cl\/wp-content\/uploads\/2025\/07\/21_optimized.07.2025-visita-a-pfv-el-blanco-uaysen-1-1-1-768x576.jpeg 768w, https:\/\/radiorevelacionfm.cl\/wp-content\/uploads\/2025\/07\/21_optimized.07.2025-visita-a-pfv-el-blanco-uaysen-1-1-1-705x529.jpeg 705w, https:\/\/radiorevelacionfm.cl\/wp-content\/uploads\/2025\/07\/21_optimized.07.2025-visita-a-pfv-el-blanco-uaysen-1-1-1-450x338.jpeg 450w, https:\/\/radiorevelacionfm.cl\/wp-content\/uploads\/2025\/07\/21_optimized.07.2025-visita-a-pfv-el-blanco-uaysen-1-1-1-600x450.jpeg 600w\" sizes=\"(max-width: 800px) 100vw, 800px\" \/><\/div><\/div><\/div><\/div><div class=\"flex_column av_one_full  flex_column_div av-zero-column-padding first  avia-builder-el-2  el_after_av_one_full  el_before_av_one_full  column-top-margin\" style='border-radius:0px; '><section class=\"av_textblock_section \"  itemscope=\"itemscope\" itemtype=\"https:\/\/schema.org\/BlogPosting\" itemprop=\"blogPost\" ><div class='avia_textblock  '   itemprop=\"text\" ><p style=\"text-align: center;\"><span style=\"font-size: 18pt;\"><strong>Estudiantes universitarios recorren planta solar de Edelaysen en El Blanco<\/strong><\/span><\/p>\n<div id=\"gtx-trans\" style=\"position: absolute; left: -50px; top: 4.31534px;\">\n<div class=\"gtx-trans-icon\"><\/div>\n<\/div>\n<\/div><\/section><\/div><div class=\"flex_column av_one_full  flex_column_div av-zero-column-padding first  avia-builder-el-4  el_after_av_one_full  el_before_av_hr  column-top-margin\" style='border-radius:0px; '><section class=\"av_textblock_section \"  itemscope=\"itemscope\" itemtype=\"https:\/\/schema.org\/BlogPosting\" itemprop=\"blogPost\" ><div class='avia_textblock  '   itemprop=\"text\" ><p style=\"text-align: justify;\"><em>La el\u00e9ctrica recibi\u00f3 a j\u00f3venes de las carreras de Agronom\u00eda e Ingenier\u00eda Forestal de la Universidad de Ays\u00e9n, para una visita t\u00e9cnica a la planta fotovoltaica El Blanco, fomentando el v\u00ednculo entre formaci\u00f3n acad\u00e9mica y energ\u00edas limpias. <\/em><\/p>\n<p style=\"text-align: justify;\">Estudiantes de segundo y tercer a\u00f1o de las carreras de Agronom\u00eda e Ingenier\u00eda Forestal de la Universidad de Ays\u00e9n, visitaron la planta fotovoltaica El Blanco en la comuna de Coyhaique, como parte de una jornada organizada por la Universidad y Edelaysen, para acercar la experiencia energ\u00e9tica a la formaci\u00f3n universitaria.<\/p>\n<p style=\"text-align: justify;\">Durante el recorrido, los j\u00f3venes pudieron conocer en terreno c\u00f3mo opera una central de energ\u00eda solar y reflexionar sobre su aporte al desarrollo sustentable de la regi\u00f3n. La visita no solo tuvo un car\u00e1cter t\u00e9cnico, sino que sirvi\u00f3 como instancia para consolidar contenidos vistos en sus cursos de f\u00edsica aplicada, especialmente en lo relativo a configuraciones el\u00e9ctricas, resistencias y comportamiento electroest\u00e1tico.<\/p>\n<p style=\"text-align: justify;\">De acuerdo con ello el docente a cargo de los alumnos Joel Ancan destac\u00f3: \u201cDurante el semestre los alumnos trabajaron unidades te\u00f3ricas de f\u00edsica, incluyendo laboratorio donde configuraron peque\u00f1as maquetas con resistencias en serie y paralelo, simulando una planta solar. Esta visita les permite ver esa teor\u00eda llevada a la realidad, con m\u00f3dulos fotovoltaicos reales, y entender c\u00f3mo estas tecnolog\u00edas tambi\u00e9n pueden aplicarse en sus \u00e1reas profesionales\u201d.<\/p>\n<p style=\"text-align: justify;\">Desde Edelaysen, la jornada fue valorada como una forma concreta de fortalecer la vinculaci\u00f3n con la educaci\u00f3n superior y fomentar el conocimiento en torno a las energ\u00edas limpias y su implementaci\u00f3n local.<\/p>\n<p style=\"text-align: justify;\">\u201cPara nosotros es fundamental abrir estos espacios donde el conocimiento t\u00e9cnico se conecta con la experiencia real. Nos alegra recibir a estudiantes que est\u00e1n formando su mirada profesional con foco en soluciones sostenibles para la regi\u00f3n\u201d. Se\u00f1al\u00f3 Yasna Vera, ejecutiva de relacionamiento de Edelaysen.<\/p>\n<p style=\"text-align: justify;\">La planta fotovoltaica El Blanco, forma parte del sistema de generaci\u00f3n distribuida de Edelaysen, y su funcionamiento contribuye a diversificar la matriz el\u00e9ctrica de Ays\u00e9n, integrando de esta manera, energ\u00edas renovables no convencionales al suministro local.<\/p>\n<\/div><\/section><\/div><div  style='height:50px' class='hr hr-invisible   avia-builder-el-6  el_after_av_one_full  el_before_av_social_share '><span class='hr-inner ' ><span class='hr-inner-style'><\/span><\/span><\/div><\/p>\n<div  class='av-social-sharing-box  avia-builder-el-7  el_after_av_hr  el_before_av_hr  '><div class='av-share-box'><h5 class='av-share-link-description av-no-toc '>Compartir esta noticia<\/h5><ul class='av-share-box-list noLightbox'><li class='av-share-link av-social-link-facebook' ><a target=\"_blank\" aria-label=\"Compartir en Facebook\" href='https:\/\/www.facebook.com\/sharer.php?u=https:\/\/radiorevelacionfm.cl\/?p=56739&#038;t=Estudiantes%20universitarios%20recorren%20planta%20solar%20de%20Edelaysen%20en%20El%20Blanco' aria-hidden='false' data-av_icon='\ue8f3' data-av_iconfont='entypo-fontello' title='' data-avia-related-tooltip='Compartir en Facebook' rel=\"noopener\"><span class='avia_hidden_link_text'>Compartir en Facebook<\/span><\/a><\/li><li class='av-share-link av-social-link-twitter' ><a target=\"_blank\" aria-label=\"Compartir en Twitter\" href='https:\/\/twitter.com\/share?text=Estudiantes%20universitarios%20recorren%20planta%20solar%20de%20Edelaysen%20en%20El%20Blanco&#038;url=https:\/\/radiorevelacionfm.cl\/?p=56739' aria-hidden='false' data-av_icon='\ue8f1' data-av_iconfont='entypo-fontello' title='' data-avia-related-tooltip='Compartir en Twitter' rel=\"noopener\"><span class='avia_hidden_link_text'>Compartir en Twitter<\/span><\/a><\/li><li class='av-share-link av-social-link-whatsapp' ><a target=\"_blank\" aria-label=\"Compartir en Whatsapp\" href='https:\/\/api.whatsapp.com\/send?text=https:\/\/radiorevelacionfm.cl\/?p=56739' aria-hidden='false' data-av_icon='\uf232' data-av_iconfont='entypo-fontello' title='' data-avia-related-tooltip='Compartir en Whatsapp' rel=\"noopener\"><span class='avia_hidden_link_text'>Compartir en Whatsapp<\/span><\/a><\/li><li class='av-share-link av-social-link-linkedin' ><a target=\"_blank\" aria-label=\"Compartir en LinkedIn\" href='https:\/\/linkedin.com\/shareArticle?mini=true&#038;title=Estudiantes%20universitarios%20recorren%20planta%20solar%20de%20Edelaysen%20en%20El%20Blanco&#038;url=https:\/\/radiorevelacionfm.cl\/?p=56739' aria-hidden='false' data-av_icon='\ue8fc' data-av_iconfont='entypo-fontello' title='' data-avia-related-tooltip='Compartir en LinkedIn' rel=\"noopener\"><span class='avia_hidden_link_text'>Compartir en LinkedIn<\/span><\/a><\/li><li class='av-share-link av-social-link-mail' ><a  aria-label=\"Compartir por correo\" href='mailto:?subject=Estudiantes%20universitarios%20recorren%20planta%20solar%20de%20Edelaysen%20en%20El%20Blanco&#038;body=https:\/\/radiorevelacionfm.cl\/?p=56739' aria-hidden='false' data-av_icon='\ue805' data-av_iconfont='entypo-fontello' title='' data-avia-related-tooltip='Compartir por correo'><span class='avia_hidden_link_text'>Compartir por correo<\/span><\/a><\/li><\/ul><\/div><\/div>\n<div  style='height:50px' class='hr hr-invisible   avia-builder-el-8  el_after_av_social_share  el_before_av_comments_list '><span class='hr-inner ' ><span class='hr-inner-style'><\/span><\/span><\/div>\n<div  class='av-buildercomment  av-blog-meta-html-info-disabled av-blog-meta-tag-disabled  '><\/div>\n","protected":false},"excerpt":{"rendered":"","protected":false},"author":1,"featured_media":56740,"comment_status":"closed","ping_status":"closed","sticky":false,"template":"","format":"standard","meta":{"footnotes":""},"categories":[38],"tags":[],"class_list":["post-56739","post","type-post","status-publish","format-standard","has-post-thumbnail","hentry","category-regional"],"jetpack_featured_media_url":"https:\/\/radiorevelacionfm.cl\/wp-content\/uploads\/2025\/07\/21_optimized.07.2025-visita-a-pfv-el-blanco-uaysen-1-1-1.jpeg","_links":{"self":[{"href":"https:\/\/radiorevelacionfm.cl\/index.php?rest_route=\/wp\/v2\/posts\/56739","targetHints":{"allow":["GET"]}}],"collection":[{"href":"https:\/\/radiorevelacionfm.cl\/index.php?rest_route=\/wp\/v2\/posts"}],"about":[{"href":"https:\/\/radiorevelacionfm.cl\/index.php?rest_route=\/wp\/v2\/types\/post"}],"author":[{"embeddable":true,"href":"https:\/\/radiorevelacionfm.cl\/index.php?rest_route=\/wp\/v2\/users\/1"}],"replies":[{"embeddable":true,"href":"https:\/\/radiorevelacionfm.cl\/index.php?rest_route=%2Fwp%2Fv2%2Fcomments&post=56739"}],"version-history":[{"count":2,"href":"https:\/\/radiorevelacionfm.cl\/index.php?rest_route=\/wp\/v2\/posts\/56739\/revisions"}],"predecessor-version":[{"id":56742,"href":"https:\/\/radiorevelacionfm.cl\/index.php?rest_route=\/wp\/v2\/posts\/56739\/revisions\/56742"}],"wp:featuredmedia":[{"embeddable":true,"href":"https:\/\/radiorevelacionfm.cl\/index.php?rest_route=\/wp\/v2\/media\/56740"}],"wp:attachment":[{"href":"https:\/\/radiorevelacionfm.cl\/index.php?rest_route=%2Fwp%2Fv2%2Fmedia&parent=56739"}],"wp:term":[{"taxonomy":"category","embeddable":true,"href":"https:\/\/radiorevelacionfm.cl\/index.php?rest_route=%2Fwp%2Fv2%2Fcategories&post=56739"},{"taxonomy":"post_tag","embeddable":true,"href":"https:\/\/radiorevelacionfm.cl\/index.php?rest_route=%2Fwp%2Fv2%2Ftags&post=56739"}],"curies":[{"name":"wp","href":"https:\/\/api.w.org\/{rel}","templated":true}]}}